{"id":345517,"date":"2023-01-26T10:52:54","date_gmt":"2023-01-26T08:52:54","guid":{"rendered":"https:\/\/wmmaa.org\/conor-mcgregor-anuncia-nova-temporada-do-the-ultimate-fighter\/"},"modified":"2023-01-26T10:52:54","modified_gmt":"2023-01-26T08:52:54","slug":"conor-mcgregor-anuncia-nova-temporada-do-the-ultimate-fighter","status":"publish","type":"post","link":"https:\/\/wmmaa.org\/pt-pt\/conor-mcgregor-anuncia-nova-temporada-do-the-ultimate-fighter\/","title":{"rendered":"Conor McGregor anuncia nova temporada do The Ultimate Fighter"},"content":{"rendered":"<div id=\"feat-img-reg\" class=\"relative\">\n <img decoding=\"async\" src=\"https:\/\/wmmaa.org\/wp-content\/uploads\/2023\/01\/4675d3871cf111a671cabb268e432015_XL.jpg\" alt=\"Conor McGregor anuncia nova temporada do The Ultimate Fighter\"><\/div>\n<p><!-- Item introtext --><\/p>\n<div class=\"itemIntroText\">\n<p>O ex-campe\u00e3o bipeso do UFC, Conor McGregor, revelou a seus f\u00e3s que pode ser o t\u00e9cnico da pr\u00f3xima temporada do The Ultimate Fighter, que deve come\u00e7ar a ser filmado em breve.<\/p>\n<\/p>\n<\/div>\n<p><!--AdFox START--><\/p>\n<p><!--&#1055;&#1083;&#1086;&#1097;&#1072;&#1076;&#1082;&#1072;: FightTime.ru \/ * \/ *--><\/p>\n<p><!--&#1058;&#1080;&#1087; &#1073;&#1072;&#1085;&#1085;&#1077;&#1088;&#1072;: &#1044;&#1077;&#1089;&#1082;&#1090;&#1086;&#1087;\/&#1052;&#1086;&#1073;&#1080;&#1083;&#1100;&#1085;&#1099;&#1081; 728x90\/300x300--><\/p>\n<p><!--&#1056;&#1072;&#1089;&#1087;&#1086;&#1083;&#1086;&#1078;&#1077;&#1085;&#1080;&#1077;: &#1050;&#1086;&#1085;&#1090;&#1077;&#1085;&#1090; &#1087;&#1086;&#1089;&#1083;&#1077; &#1074;&#1089;&#1090;&#1091;&#1087;&#1083;&#1077;&#1085;&#1080;&#1103;--><\/p>\n<div id=\"adfox_167032076949914564\" class=\"yandex_rtb_wrapper\"><\/div>\n<p><!-- Item fulltext --><\/p>\n<div class=\"itemFullText\">\n<blockquote>\n<p>\u201cAcabei de receber novamente a oferta de treinador do TUF e estou adorando\u201d, escreveu o irland\u00eas na rede social. \u201cEsta \u00e9 a imers\u00e3o total de que tanto preciso. Eu vejo os lutadores se alinhando. Eu sei o que est\u00e1 \u00e0 minha frente e estarei pronto, filho da puta!&#8221;<\/p>\n<\/blockquote>\n<p>Logo ap\u00f3s a publica\u00e7\u00e3o, sua repostagem foi feita pelo presidente do UFC, Dana White, que deu credibilidade \u00e0s palavras do irland\u00eas.<\/p>\n<p>Em 2015, Conor McGregor participou das filmagens da 22\u00aa temporada do The Ultimate Fighter, onde teve a oposi\u00e7\u00e3o do ex-campe\u00e3o do WEC Urijah Faber como t\u00e9cnico da equipe advers\u00e1ria, por\u00e9m, o roteiro da temporada inicialmente n\u00e3o envolvia a final partida de treinador. Depois de participar do TUF, Conor McGregor conquistou uma vit\u00f3ria hist\u00f3rica sobre Jos\u00e9 Aldo e se tornou o principal craque da organiza\u00e7\u00e3o.<\/p>\n<p>Recentemente, o treinador irland\u00eas, John Kavanagh, relatou &#8220;negocia\u00e7\u00f5es interessantes&#8221;, expressando absoluta confian\u00e7a de que seu pupilo retornar\u00e1 ao oct\u00f3gono este ano. Como potenciais rivais, o especialista irland\u00eas nomeou Nate Diaz, Dustin Poirier, Justin Gaethje e Michael Chandler.<\/p>\n<p>Conor McGregor, de 34 anos, entrou no oct\u00f3gono pela \u00faltima vez em julho de 2021, ap\u00f3s sofrer uma fratura grave na perna em um duelo contra Dustin Poirier e, seis meses antes, perdeu para o americano por nocaute no segundo round.<\/p>\n<\/p>\n<\/div>\n<p><!--post-tags--><\/p>\n<p>Fonte: https:\/\/fighttime.ru\/news\/item\/30613-konor-makgregor-ob-yavil-ob-uchastii-v-ocherednom-sezone-the-ultimate-fighter.html?rand=19907<\/p>\n","protected":false},"excerpt":{"rendered":"<p>O ex-campe\u00e3o bipeso do UFC, Conor McGregor, revelou a seus f\u00e3s que pode ser o t\u00e9cnico da pr\u00f3xima temporada do The Ultimate Fighter, que deve come\u00e7ar a ser filmado em breve. \u201cAcabei de receber novamente a oferta de treinador do TUF e estou adorando\u201d, escreveu o irland\u00eas na rede social. \u201cEsta \u00e9 a imers\u00e3o total [&hellip;]<\/p>\n","protected":false},"author":1,"featured_media":345502,"comment_status":"","ping_status":"open","sticky":false,"template":"","format":"standard","meta":{"footnotes":""},"categories":[1170],"tags":[33],"_links":{"self":[{"href":"https:\/\/wmmaa.org\/pt-pt\/wp-json\/wp\/v2\/posts\/345517"}],"collection":[{"href":"https:\/\/wmmaa.org\/pt-pt\/wp-json\/wp\/v2\/posts"}],"about":[{"href":"https:\/\/wmmaa.org\/pt-pt\/wp-json\/wp\/v2\/types\/post"}],"author":[{"embeddable":true,"href":"https:\/\/wmmaa.org\/pt-pt\/wp-json\/wp\/v2\/users\/1"}],"replies":[{"embeddable":true,"href":"https:\/\/wmmaa.org\/pt-pt\/wp-json\/wp\/v2\/comments?post=345517"}],"version-history":[{"count":0,"href":"https:\/\/wmmaa.org\/pt-pt\/wp-json\/wp\/v2\/posts\/345517\/revisions"}],"wp:featuredmedia":[{"embeddable":true,"href":"https:\/\/wmmaa.org\/pt-pt\/wp-json\/wp\/v2\/media\/345502"}],"wp:attachment":[{"href":"https:\/\/wmmaa.org\/pt-pt\/wp-json\/wp\/v2\/media?parent=345517"}],"wp:term":[{"taxonomy":"category","embeddable":true,"href":"https:\/\/wmmaa.org\/pt-pt\/wp-json\/wp\/v2\/categories?post=345517"},{"taxonomy":"post_tag","embeddable":true,"href":"https:\/\/wmmaa.org\/pt-pt\/wp-json\/wp\/v2\/tags?post=345517"}],"curies":[{"name":"wp","href":"https:\/\/api.w.org\/{rel}","templated":true}]}}