{"id":345352,"date":"2023-01-26T04:10:58","date_gmt":"2023-01-26T02:10:58","guid":{"rendered":"https:\/\/wmmaa.org\/conor-mcgregor-provoca-oferta-de-treinamento-do-the-ultimate-fighter-gosto\/"},"modified":"2023-01-26T04:10:58","modified_gmt":"2023-01-26T02:10:58","slug":"conor-mcgregor-provoca-oferta-de-treinamento-do-the-ultimate-fighter-gosto","status":"publish","type":"post","link":"https:\/\/wmmaa.org\/pt-pt\/conor-mcgregor-provoca-oferta-de-treinamento-do-the-ultimate-fighter-gosto\/","title":{"rendered":"Conor McGregor provoca oferta de treinamento do The Ultimate Fighter: &#8216;Gosto&#8217;"},"content":{"rendered":"<p>Conor McGregor disse na quarta-feira que tem outra oferta para treinar <em>O ultimo lutador<\/em>. <\/p>\n<p>McGregor, 34, n\u00e3o deu detalhes sobre o suposto papel, que o traria de volta a Las Vegas para treinar outro time de novatos depois de contracenar com Urijah Faber em <em>TUF 22<\/em> em 2015. O UFC n\u00e3o anunciou treinadores para a 31\u00aa temporada do programa de longa dura\u00e7\u00e3o, mas recentemente emitiu uma convoca\u00e7\u00e3o de elenco para lutadores.<\/p>\n<p>&#8220;Notorious&#8221; anexou uma foto que ele disse ter sido tirada durante <em>TUF 22<\/em> em seu an\u00fancio. Um oficial do UFC n\u00e3o respondeu imediatamente a um pedido de coment\u00e1rio sobre o post. <\/p>\n<div>\n<blockquote class=\"instagram-media\" data-instgrm-captioned=\"\" data-instgrm-permalink=\"https:\/\/www.instagram.com\/p\/Cn29isnIP6y\/?utm_source=ig_embed&amp;utm_campaign=loading\" data-instgrm-version=\"14\" style=\"background:#FFF;border:0;border-radius:3px;margin: 1px;max-width:658px;min-width:326px;padding:0;width:99.375%;width:-webkit-calc(100% - 2px);width:calc(100% - 2px)\">\n<div style=\"padding:16px\"> <a rel=\"nofollow noopener\" target=\"_blank\" href=\"https:\/\/www.instagram.com\/p\/Cn29isnIP6y\/?utm_source=ig_embed&amp;utm_campaign=loading\" style=\"background:#FFFFFF;line-height:0;padding:0 0;text-align:center;text-decoration:none;width:100%\"> <\/p>\n<div style=\"flex-direction: row;align-items: center\">\n<div style=\"background-color: #F4F4F4;border-radius: 50%;flex-grow: 0;height: 40px;margin-right: 14px;width: 40px\"><\/div>\n<div style=\"flex-direction: column;flex-grow: 1;justify-content: center\">\n<div style=\"background-color: #F4F4F4;border-radius: 4px;flex-grow: 0;height: 14px;margin-bottom: 6px;width: 100px\"><\/div>\n<div style=\"background-color: #F4F4F4;border-radius: 4px;flex-grow: 0;height: 14px;width: 60px\"><\/div>\n<\/div>\n<\/div>\n<div style=\"padding: 19% 0\"><\/div>\n<div style=\"height:50px;margin:0 auto 12px;width:50px\"><\/div>\n<div style=\"padding-top: 8px\">\n<div style=\"color:#3897f0;font-family:Arial,sans-serif;font-size:14px;font-style:normal;font-weight:550;line-height:18px\">Veja esta postagem no Instagram<\/div>\n<\/div>\n<div style=\"padding: 12.5% 0\"><\/div>\n<div style=\"flex-direction: row;margin-bottom: 14px;align-items: center\">\n<div>\n<div style=\"background-color: #F4F4F4;border-radius: 50%;height: 12.5px;width: 12.5px\"><\/div>\n<div style=\"background-color: #F4F4F4;height: 12.5px;width: 12.5px;flex-grow: 0;margin-right: 14px;margin-left: 2px\"><\/div>\n<div style=\"background-color: #F4F4F4;border-radius: 50%;height: 12.5px;width: 12.5px\"><\/div>\n<\/div>\n<div style=\"margin-left: 8px\">\n<div style=\"background-color: #F4F4F4;border-radius: 50%;flex-grow: 0;height: 20px;width: 20px\"><\/div>\n<div style=\"width: 0;height: 0;border-top: 2px solid transparent;border-left: 6px solid #f4f4f4;border-bottom: 2px solid transparent\"><\/div>\n<\/div>\n<div style=\"margin-left: auto\">\n<div style=\"width: 0px;border-top: 8px solid #F4F4F4;border-right: 8px solid transparent\"><\/div>\n<div style=\"background-color: #F4F4F4;flex-grow: 0;height: 12px;width: 16px\"><\/div>\n<div style=\"width: 0;height: 0;border-top: 8px solid #F4F4F4;border-left: 8px solid transparent\"><\/div>\n<\/div>\n<\/div>\n<div style=\"flex-direction: column;flex-grow: 1;justify-content: center;margin-bottom: 24px\">\n<div style=\"background-color: #F4F4F4;border-radius: 4px;flex-grow: 0;height: 14px;margin-bottom: 6px;width: 224px\"><\/div>\n<div style=\"background-color: #F4F4F4;border-radius: 4px;flex-grow: 0;height: 14px;width: 144px\"><\/div>\n<\/div>\n<p><\/a><\/p>\n<p style=\"color:#c9c8cd;font-family:Arial,sans-serif;font-size:14px;line-height:17px;margin-bottom:0;margin-top:8px;overflow:hidden;padding:8px 0 7px;text-align:center\"><a rel=\"nofollow noopener\" target=\"_blank\" href=\"https:\/\/www.instagram.com\/p\/Cn29isnIP6y\/?utm_source=ig_embed&amp;utm_campaign=loading\" style=\"color:#c9c8cd;font-family:Arial,sans-serif;font-size:14px;font-style:normal;font-weight:normal;line-height:17px;text-decoration:none\">Uma postagem compartilhada por Conor McGregor Official (@thenotoriousmma)<\/a><\/p>\n<\/div>\n<\/blockquote>\n<\/div>\n<blockquote>\n<p>Este \u00e9 um piscar de olhos da casa de ca\u00e7a final original. Onde treinei contra urijah faber. Essa foto foi logo antes do show. Foi um pouco antes de eu ganhar meu primeiro t\u00edtulo mundial vencendo o companheiro de time de Urijah, Chad Mendes. Em seguida, passei a treinar o famoso programa de luta logo ap\u00f3s a luta. Com um grande olho roxo e um corte, meu tricolor e meu novo e primeiro cintur\u00e3o de ouro do UFC, valsei para o not\u00f3rio gin\u00e1sio de luta em Las Vegas. Os ternos e gritos mais elegantes que o show j\u00e1 tinha visto antes. Em cima dos talheres. E eu treinei meu time para a vit\u00f3ria. Louco. Alguma viagem. Acabei de ser oferecido para treinar esta fun\u00e7\u00e3o novamente. Eu gosto disso. \u00c9 a imers\u00e3o total que \u00e9 necess\u00e1ria. Vejo lutadores se alinhando. Sei o que vem pela frente, estou pronto, filhos da puta. <\/p>\n<\/blockquote>\n<p>O retorno de McGregor ao UFC em 2023 foi praticamente garantido na segunda-feira por seu t\u00e9cnico de longa data, John Kavanagh, que disse na <em>A Hora do MMA<\/em> que as negocia\u00e7\u00f5es estavam em andamento para a pr\u00f3xima apari\u00e7\u00e3o do ex-campe\u00e3o de duas divis\u00f5es do UFC.<\/p>\n<p>Os treinadores do TUF tradicionalmente se enfrentam no final de uma temporada, o que significa que a co-estrela de McGregor provavelmente o receberia de volta ao oct\u00f3gono ap\u00f3s uma pausa de quase dois anos, resultado de uma fratura na perna sofrida em sua trilogia contra Dustin Poirier no UFC 264. <\/p>\n<p>McGregor continua a ser o alvo n\u00ba 1 dos pesos leves e meio-m\u00e9dios em busca de um grande pr\u00eamio, mas o presidente do UFC, Dana White, n\u00e3o escolheu nenhum nome em particular. Ele recentemente descartou Michael Chandler como um poss\u00edvel candidato, embora o ex-campe\u00e3o do Bellator e ex-desafiante ao t\u00edtulo dos leves do UFC tenha feito v\u00e1rias promo\u00e7\u00f5es dignas de destaque chamando McGregor.<\/p>\n<p>McGregor tamb\u00e9m flertou com uma trilogia contra o duas vezes advers\u00e1rio Nate Diaz, que entrou na ag\u00eancia livre depois de encerrar seu contrato anterior com o UFC com uma vit\u00f3ria sobre Tony Ferguson. <\/p>\n<p>Fora da gaiola, McGregor continuou a atrair manchetes por todos os motivos errados, aparecendo esta semana como suspeito do suposto ataque a uma mulher em Ibiza; ele negou veementemente qualquer envolvimento por meio de sua equipe de rela\u00e7\u00f5es p\u00fablicas. <\/p>\n<p>\n<p>Fonte: https:\/\/www.mmafighting.com\/2023\/1\/25\/23571978\/conor-mcgregor-teases-the-ultimate-fighter-coaching-offer-i-like-it?rand=96749<\/p>\n","protected":false},"excerpt":{"rendered":"<p>Conor McGregor disse na quarta-feira que tem outra oferta para treinar O ultimo lutador. McGregor, 34, n\u00e3o deu detalhes sobre o suposto papel, que o traria de volta a Las Vegas para treinar outro time de novatos depois de contracenar com Urijah Faber em TUF 22 em 2015. O UFC n\u00e3o anunciou treinadores para a [&hellip;]<\/p>\n","protected":false},"author":1,"featured_media":345331,"comment_status":"","ping_status":"open","sticky":false,"template":"","format":"standard","meta":{"footnotes":""},"categories":[1170],"tags":[],"_links":{"self":[{"href":"https:\/\/wmmaa.org\/pt-pt\/wp-json\/wp\/v2\/posts\/345352"}],"collection":[{"href":"https:\/\/wmmaa.org\/pt-pt\/wp-json\/wp\/v2\/posts"}],"about":[{"href":"https:\/\/wmmaa.org\/pt-pt\/wp-json\/wp\/v2\/types\/post"}],"author":[{"embeddable":true,"href":"https:\/\/wmmaa.org\/pt-pt\/wp-json\/wp\/v2\/users\/1"}],"replies":[{"embeddable":true,"href":"https:\/\/wmmaa.org\/pt-pt\/wp-json\/wp\/v2\/comments?post=345352"}],"version-history":[{"count":0,"href":"https:\/\/wmmaa.org\/pt-pt\/wp-json\/wp\/v2\/posts\/345352\/revisions"}],"wp:featuredmedia":[{"embeddable":true,"href":"https:\/\/wmmaa.org\/pt-pt\/wp-json\/wp\/v2\/media\/345331"}],"wp:attachment":[{"href":"https:\/\/wmmaa.org\/pt-pt\/wp-json\/wp\/v2\/media?parent=345352"}],"wp:term":[{"taxonomy":"category","embeddable":true,"href":"https:\/\/wmmaa.org\/pt-pt\/wp-json\/wp\/v2\/categories?post=345352"},{"taxonomy":"post_tag","embeddable":true,"href":"https:\/\/wmmaa.org\/pt-pt\/wp-json\/wp\/v2\/tags?post=345352"}],"curies":[{"name":"wp","href":"https:\/\/api.w.org\/{rel}","templated":true}]}}