{"id":345281,"date":"2023-01-26T01:46:59","date_gmt":"2023-01-25T23:46:59","guid":{"rendered":"https:\/\/wmmaa.org\/audie-attar-ceo-da-paradigm-sports-divulga-declaracao-sobre-o-processo-de-manny-pacquiao-antes-do-julgamento-de-marco\/"},"modified":"2023-01-26T01:46:59","modified_gmt":"2023-01-25T23:46:59","slug":"audie-attar-ceo-da-paradigm-sports-divulga-declaracao-sobre-o-processo-de-manny-pacquiao-antes-do-julgamento-de-marco","status":"publish","type":"post","link":"https:\/\/wmmaa.org\/pt-pt\/audie-attar-ceo-da-paradigm-sports-divulga-declaracao-sobre-o-processo-de-manny-pacquiao-antes-do-julgamento-de-marco\/","title":{"rendered":"Audie Attar, CEO da Paradigm Sports, divulga declara\u00e7\u00e3o sobre o processo de Manny Pacquiao antes do julgamento de mar\u00e7o"},"content":{"rendered":"<p>Manny Pacquiao pode estar planejando lutar boxe sob a bandeira RIZIN, mas sua pr\u00f3xima luta acontecer\u00e1 em um tribunal. <\/p>\n<p>Uma a\u00e7\u00e3o movida pela Paradigm Sports contra o lend\u00e1rio boxeador ser\u00e1 julgada em 3 de mar\u00e7o em Orange County, Calif\u00f3rnia, por uma suposta quebra de contrato. A a\u00e7\u00e3o movida em 2021 estava tentando recuperar $ 3. Pagamento de US$ 3 milh\u00f5es feito a Pacquaio, al\u00e9m de pedir liminar para interromper uma luta que havia agendado contra Errol Spence Jr.<\/p>\n<p>A Paradigm Sports foi liderada por Audie Attar como CEO. No entanto, Pacquiao foi assinado em 2020. O relacionamento azedou rapidamente com a abertura de um processo apenas um ano depois. <\/p>\n<p> A declara\u00e7\u00e3o de quarta-feira de Attar sobre o pr\u00f3ximo julgamento foi divulgada por Walter P. Schwarm. A Paradigm ser\u00e1 representada por Judd Burstein no tribunal. <\/p>\n<p>\u201cOs dias de Manny zombando de nossos direitos contratuais est\u00e3o quase no fim\u201d, disse Attar no comunicado. &#8220;Temos um caso contundente contra ele e esperamos que a justi\u00e7a seja feita. Uma ordem judicial foi registrada afirmando que Pacquiao admitiu ter violado o contrato da Paradigm e causou \u00e0 Paradigm mais danos do que US$ 20 milh\u00f5es. <\/p>\n<p>&#8220;Se quaisquer promotores, gerentes, lutadores ou redes de transmiss\u00e3o estiverem considerando entrar em um acordo com Manny antes do julgamento, eles est\u00e3o agora avisados \u200b\u200bde que a Paradigm iniciar\u00e1 imediatamente uma a\u00e7\u00e3o contra eles por interfer\u00eancia il\u00edcita no contrato e buscar\u00e1 uma liminar e danos . A Paradigm vencer\u00e1 o julgamento de mar\u00e7o e impediremos imediatamente que Manny 100 por cento ganhe dinheiro na Am\u00e9rica. Qualquer receita gerada tamb\u00e9m ser\u00e1 anexada ao seu julgamento. A Paradigm aplicar\u00e1 vigorosamente seu julgamento em todos os pa\u00edses estrangeiros onde Manny tentar lutar.<\/p>\n<p>.<\/p>\n<p>Quando o processo original foi aberto, a Paradigm &#8211; uma ag\u00eancia que tamb\u00e9m representa o superastro do UFC Conor McGregor &#8211; alegou que a ag\u00eancia havia armado uma luta entre Pacquiao e o campe\u00e3o de boxe de quatro divis\u00f5es Mikey Garcia. O neg\u00f3cio desmoronou depois que os parceiros de neg\u00f3cios de Pacquiao, incluindo o conselheiro de longa data Sean Gibbons e Winchell Campos, acabaram fazendo um acordo separado com o Premier Boxing Champions de Al Haymon para a luta com Spence. <\/p>\n<p>Embora Spence tenha sofrido uma les\u00e3o, a luta n\u00e3o aconteceu. No entanto, Pacquiao conseguiu competir contra Yordenis Urgas naquele agosto e perdeu. Essa luta seria sua \u00faltima luta profissional. Pouco mais de um m\u00eas ap\u00f3s a les\u00e3o de Spence, Pacquiao declarou sua aposentadoria. <\/p>\n<p>Pacquiao, muito parecido com o ex-advers\u00e1rio de Floyd Mayweather, agora participa de lutas de exibi\u00e7\u00e3o. Depois de assinar um contrato com o RIZIN, ele j\u00e1 participou de uma luta de exibi\u00e7\u00e3o. <\/p>\n<p>Obviamente, a Paradigm espera por uma resolu\u00e7\u00e3o legal que impe\u00e7a Pacquiao de competir em qualquer lugar por enquanto, embora o lutador de 44 anos j\u00e1 tenha contestado o m\u00e9rito da a\u00e7\u00e3o quando apresentou uma queixa cruzada por meio de seu advogado Dale Kinsella. <\/p>\n<p>&#8220;A reclama\u00e7\u00e3o cruzada de Manny Pacquiao apresentada hoje revela em detalhes a natureza totalmente falsa da reclama\u00e7\u00e3o da Paradigm&#8221;, disse Kinsella em 2021. &#8220;Estamos ansiosos para expor a conduta da Paradigm perante um j\u00fari e recuperar os danos gerais e punitivos.&#8221;<\/p>\n<p>Ao que tudo indica, as partes tentar\u00e3o chegar a um acordo at\u00e9 o julgamento de mar\u00e7o. <\/p>\n<p>Fonte: https:\/\/www.mmafighting.com\/2023\/1\/25\/23571486\/paradigm-sports-ceo-audie-attar-releases-statement-addressing-manny-pacquiao-lawsuit-ahead?rand=96749<\/p>\n","protected":false},"excerpt":{"rendered":"<p>Manny Pacquiao pode estar planejando lutar boxe sob a bandeira RIZIN, mas sua pr\u00f3xima luta acontecer\u00e1 em um tribunal. Uma a\u00e7\u00e3o movida pela Paradigm Sports contra o lend\u00e1rio boxeador ser\u00e1 julgada em 3 de mar\u00e7o em Orange County, Calif\u00f3rnia, por uma suposta quebra de contrato. A a\u00e7\u00e3o movida em 2021 estava tentando recuperar $ 3. [&hellip;]<\/p>\n","protected":false},"author":1,"featured_media":345250,"comment_status":"","ping_status":"open","sticky":false,"template":"","format":"standard","meta":{"footnotes":""},"categories":[1170],"tags":[],"_links":{"self":[{"href":"https:\/\/wmmaa.org\/pt-pt\/wp-json\/wp\/v2\/posts\/345281"}],"collection":[{"href":"https:\/\/wmmaa.org\/pt-pt\/wp-json\/wp\/v2\/posts"}],"about":[{"href":"https:\/\/wmmaa.org\/pt-pt\/wp-json\/wp\/v2\/types\/post"}],"author":[{"embeddable":true,"href":"https:\/\/wmmaa.org\/pt-pt\/wp-json\/wp\/v2\/users\/1"}],"replies":[{"embeddable":true,"href":"https:\/\/wmmaa.org\/pt-pt\/wp-json\/wp\/v2\/comments?post=345281"}],"version-history":[{"count":0,"href":"https:\/\/wmmaa.org\/pt-pt\/wp-json\/wp\/v2\/posts\/345281\/revisions"}],"wp:featuredmedia":[{"embeddable":true,"href":"https:\/\/wmmaa.org\/pt-pt\/wp-json\/wp\/v2\/media\/345250"}],"wp:attachment":[{"href":"https:\/\/wmmaa.org\/pt-pt\/wp-json\/wp\/v2\/media?parent=345281"}],"wp:term":[{"taxonomy":"category","embeddable":true,"href":"https:\/\/wmmaa.org\/pt-pt\/wp-json\/wp\/v2\/categories?post=345281"},{"taxonomy":"post_tag","embeddable":true,"href":"https:\/\/wmmaa.org\/pt-pt\/wp-json\/wp\/v2\/tags?post=345281"}],"curies":[{"name":"wp","href":"https:\/\/api.w.org\/{rel}","templated":true}]}}