{"id":345095,"date":"2023-01-25T21:46:56","date_gmt":"2023-01-25T19:46:56","guid":{"rendered":"https:\/\/wmmaa.org\/aljamain-sterling-e-henry-cejudo-sao-alvos-do-ufc-287-em-8-de-abril\/"},"modified":"2023-01-25T21:46:56","modified_gmt":"2023-01-25T19:46:56","slug":"aljamain-sterling-e-henry-cejudo-sao-alvos-do-ufc-287-em-8-de-abril","status":"publish","type":"post","link":"https:\/\/wmmaa.org\/pt-pt\/aljamain-sterling-e-henry-cejudo-sao-alvos-do-ufc-287-em-8-de-abril\/","title":{"rendered":"Aljamain Sterling e Henry Cejudo s\u00e3o alvos do UFC 287 em 8 de abril"},"content":{"rendered":"<p>A luta pelo cintur\u00e3o peso-galo entre o atual campe\u00e3o Aljamain Sterling e Henry Cejudo est\u00e1 marcada para o pr\u00f3ximo card do UFC 287, em 8 de abril. <\/p>\n<p>V\u00e1rias pessoas com conhecimento dos planos da promo\u00e7\u00e3o confirmaram a not\u00edcia ao MMA Fighting na quarta-feira, embora nenhum contrato tenha sido fechado ou assinado at\u00e9 o momento. O UFC 287 \u00e9 o p\u00fablico-alvo dessa luta, mas Sterling disse que ainda est\u00e1 com o b\u00edceps direito rompido e precisar\u00e1 de reabilita\u00e7\u00e3o adicional para poder voltar a lutar. <\/p>\n<p> Supondo que Sterling esteja liberado para participar e esteja saud\u00e1vel, Sterling defender\u00e1 seu t\u00edtulo contra o Cejudo em abril. <\/p>\n<p>O UFC vem trabalhando na luta pelo cintur\u00e3o peso-galo h\u00e1 algum tempo, depois que os dois lutadores confirmaram que o confronto estava previsto para acontecer em 2023. Havia rumores de que poderia acontecer em mar\u00e7o. No entanto, a les\u00e3o de Sterling mais tarde fez com que qualquer confronto poss\u00edvel fosse adiado. <\/p>\n<p>Sterling busca sua terceira defesa de t\u00edtulo e a nona consecutiva ap\u00f3s derrotar Petr Yan (anteriormente derrotado por TJ Dillashaw. <\/p>\n<p>A primeira apari\u00e7\u00e3o de Cejudo no UFC desde 2020, quando ele se aposentou repentinamente do esporte e abriu m\u00e3o do t\u00edtulo do peso galo ap\u00f3s vencer Dominick Cruz. Cejudo j\u00e1 foi campe\u00e3o de duas divis\u00f5es do UFC e detinha tanto o t\u00edtulo dos moscas quanto o dos galos. <\/p>\n<p>Agora, o medalhista de ouro ol\u00edmpico no wrestling busca a reconquista do t\u00edtulo com a luta contra Sterling. <\/p>\n<p>At\u00e9 o momento, o UFC 287 n\u00e3o tem local, ent\u00e3o resta saber onde o evento acontecer\u00e1, embora v\u00e1rias lutas j\u00e1 tenham sido confirmadas para o card. <\/p>\n<p><em>Mike Heck contribuiu para este relat\u00f3rio<\/em><\/p>\n<p>Fonte: https:\/\/www.mmafighting.com\/2023\/1\/25\/23571264\/aljamain-sterling-vs-henry-cejudo-targeted-for-ufc-287-on-april-8?rand=96749<\/p>\n","protected":false},"excerpt":{"rendered":"<p>A luta pelo cintur\u00e3o peso-galo entre o atual campe\u00e3o Aljamain Sterling e Henry Cejudo est\u00e1 marcada para o pr\u00f3ximo card do UFC 287, em 8 de abril. V\u00e1rias pessoas com conhecimento dos planos da promo\u00e7\u00e3o confirmaram a not\u00edcia ao MMA Fighting na quarta-feira, embora nenhum contrato tenha sido fechado ou assinado at\u00e9 o momento. O [&hellip;]<\/p>\n","protected":false},"author":1,"featured_media":345066,"comment_status":"","ping_status":"open","sticky":false,"template":"","format":"standard","meta":{"footnotes":""},"categories":[1170],"tags":[],"_links":{"self":[{"href":"https:\/\/wmmaa.org\/pt-pt\/wp-json\/wp\/v2\/posts\/345095"}],"collection":[{"href":"https:\/\/wmmaa.org\/pt-pt\/wp-json\/wp\/v2\/posts"}],"about":[{"href":"https:\/\/wmmaa.org\/pt-pt\/wp-json\/wp\/v2\/types\/post"}],"author":[{"embeddable":true,"href":"https:\/\/wmmaa.org\/pt-pt\/wp-json\/wp\/v2\/users\/1"}],"replies":[{"embeddable":true,"href":"https:\/\/wmmaa.org\/pt-pt\/wp-json\/wp\/v2\/comments?post=345095"}],"version-history":[{"count":0,"href":"https:\/\/wmmaa.org\/pt-pt\/wp-json\/wp\/v2\/posts\/345095\/revisions"}],"wp:featuredmedia":[{"embeddable":true,"href":"https:\/\/wmmaa.org\/pt-pt\/wp-json\/wp\/v2\/media\/345066"}],"wp:attachment":[{"href":"https:\/\/wmmaa.org\/pt-pt\/wp-json\/wp\/v2\/media?parent=345095"}],"wp:term":[{"taxonomy":"category","embeddable":true,"href":"https:\/\/wmmaa.org\/pt-pt\/wp-json\/wp\/v2\/categories?post=345095"},{"taxonomy":"post_tag","embeddable":true,"href":"https:\/\/wmmaa.org\/pt-pt\/wp-json\/wp\/v2\/tags?post=345095"}],"curies":[{"name":"wp","href":"https:\/\/api.w.org\/{rel}","templated":true}]}}