{"id":342569,"date":"2023-01-22T11:19:57","date_gmt":"2023-01-22T09:19:57","guid":{"rendered":"https:\/\/wmmaa.org\/islam-makhachev-e-alex-volkanovski-realizaram-a-primeira-batalha-de-pontos-de-vista\/"},"modified":"2023-01-22T11:19:57","modified_gmt":"2023-01-22T09:19:57","slug":"islam-makhachev-e-alex-volkanovski-realizaram-a-primeira-batalha-de-pontos-de-vista","status":"publish","type":"post","link":"https:\/\/wmmaa.org\/pt-pt\/islam-makhachev-e-alex-volkanovski-realizaram-a-primeira-batalha-de-pontos-de-vista\/","title":{"rendered":"Islam Makhachev e Alex Volkanovski realizaram a primeira batalha de pontos de vista"},"content":{"rendered":"<div id=\"feat-img-reg\" class=\"relative\">\n <img decoding=\"async\" src=\"https:\/\/wmmaa.org\/wp-content\/uploads\/2023\/01\/8b3cb2c12bc5875a0634a49c4ca6792b_XL.jpg\" alt=\"Islam Makhachev e Alex Volkanovski realizaram a primeira batalha de pontos de vista\"><\/div>\n<p><!-- Item introtext --><\/p>\n<div class=\"itemIntroText\">\n<p>Chegando \u00e0 Austr\u00e1lia na v\u00e9spera, o atual campe\u00e3o dos leves do UFC, Islam Makhachev, travou sua primeira batalha oficial de pontos de vista com Alexander Volkanovski, que dividir\u00e1 o oct\u00f3gono com ele em tr\u00eas semanas.<\/p>\n<\/p>\n<\/div>\n<p><!--AdFox START--><\/p>\n<p><!--&#1055;&#1083;&#1086;&#1097;&#1072;&#1076;&#1082;&#1072;: FightTime.ru \/ * \/ *--><\/p>\n<p><!--&#1058;&#1080;&#1087; &#1073;&#1072;&#1085;&#1085;&#1077;&#1088;&#1072;: &#1044;&#1077;&#1089;&#1082;&#1090;&#1086;&#1087;\/&#1052;&#1086;&#1073;&#1080;&#1083;&#1100;&#1085;&#1099;&#1081; 728x90\/300x300--><\/p>\n<p><!--&#1056;&#1072;&#1089;&#1087;&#1086;&#1083;&#1086;&#1078;&#1077;&#1085;&#1080;&#1077;: &#1050;&#1086;&#1085;&#1090;&#1077;&#1085;&#1090; &#1087;&#1086;&#1089;&#1083;&#1077; &#1074;&#1089;&#1090;&#1091;&#1087;&#1083;&#1077;&#1085;&#1080;&#1103;--><\/p>\n<div id=\"adfox_167032076949914564\" class=\"yandex_rtb_wrapper\"><\/div>\n<p><!-- Item fulltext --><\/p>\n<div class=\"itemFullText\">\n<p>A superluta pelo cintur\u00e3o dos leves ser\u00e1 a luta principal do torneio UFC 284, que acontece no dia 11 de fevereiro, em Perth.<\/p>\n<\/p>\n<p>Em jogo estar\u00e1 o cintur\u00e3o dos leves do UFC, do russo, e o australiano, dono do pena, arriscar\u00e1 o t\u00edtulo de melhor lutador da organiza\u00e7\u00e3o.<\/p>\n<p>Islam Makhachev atualmente ocupa o segundo lugar no ranking P4P do UFC, uma posi\u00e7\u00e3o atr\u00e1s de Alexander Volkanovski.<\/p>\n<\/p>\n<\/div>\n<p><!--post-tags--><\/p>\n<p>Fonte: https:\/\/fighttime.ru\/news\/item\/30579-islam-makhachev-i-aleks-volkanovski-proveli-pervuyu-bitvu-vzglyadov.html?rand=19907<\/p>\n","protected":false},"excerpt":{"rendered":"<p>Chegando \u00e0 Austr\u00e1lia na v\u00e9spera, o atual campe\u00e3o dos leves do UFC, Islam Makhachev, travou sua primeira batalha oficial de pontos de vista com Alexander Volkanovski, que dividir\u00e1 o oct\u00f3gono com ele em tr\u00eas semanas. A superluta pelo cintur\u00e3o dos leves ser\u00e1 a luta principal do torneio UFC 284, que acontece no dia 11 de [&hellip;]<\/p>\n","protected":false},"author":1,"featured_media":342553,"comment_status":"","ping_status":"open","sticky":false,"template":"","format":"standard","meta":{"footnotes":""},"categories":[1170],"tags":[1289,137],"_links":{"self":[{"href":"https:\/\/wmmaa.org\/pt-pt\/wp-json\/wp\/v2\/posts\/342569"}],"collection":[{"href":"https:\/\/wmmaa.org\/pt-pt\/wp-json\/wp\/v2\/posts"}],"about":[{"href":"https:\/\/wmmaa.org\/pt-pt\/wp-json\/wp\/v2\/types\/post"}],"author":[{"embeddable":true,"href":"https:\/\/wmmaa.org\/pt-pt\/wp-json\/wp\/v2\/users\/1"}],"replies":[{"embeddable":true,"href":"https:\/\/wmmaa.org\/pt-pt\/wp-json\/wp\/v2\/comments?post=342569"}],"version-history":[{"count":0,"href":"https:\/\/wmmaa.org\/pt-pt\/wp-json\/wp\/v2\/posts\/342569\/revisions"}],"wp:featuredmedia":[{"embeddable":true,"href":"https:\/\/wmmaa.org\/pt-pt\/wp-json\/wp\/v2\/media\/342553"}],"wp:attachment":[{"href":"https:\/\/wmmaa.org\/pt-pt\/wp-json\/wp\/v2\/media?parent=342569"}],"wp:term":[{"taxonomy":"category","embeddable":true,"href":"https:\/\/wmmaa.org\/pt-pt\/wp-json\/wp\/v2\/categories?post=342569"},{"taxonomy":"post_tag","embeddable":true,"href":"https:\/\/wmmaa.org\/pt-pt\/wp-json\/wp\/v2\/tags?post=342569"}],"curies":[{"name":"wp","href":"https:\/\/api.w.org\/{rel}","templated":true}]}}