{"id":342214,"date":"2023-01-22T07:06:59","date_gmt":"2023-01-22T05:06:59","guid":{"rendered":"https:\/\/wmmaa.org\/jose-aldo-e-anunciado-para-entrar-no-hall-da-fama-do-ufc-em-2023\/"},"modified":"2023-01-22T07:06:59","modified_gmt":"2023-01-22T05:06:59","slug":"jose-aldo-e-anunciado-para-entrar-no-hall-da-fama-do-ufc-em-2023","status":"publish","type":"post","link":"https:\/\/wmmaa.org\/pt-pt\/jose-aldo-e-anunciado-para-entrar-no-hall-da-fama-do-ufc-em-2023\/","title":{"rendered":"Jos\u00e9 Aldo \u00e9 anunciado para entrar no Hall da Fama do UFC em 2023"},"content":{"rendered":"<p>Jos\u00e9 Aldo est\u00e1 fazendo jus ao t\u00edtulo de um dos maiores lutadores de todos os tempos. <\/p>\n<p>Na transmiss\u00e3o do UFC 283 de s\u00e1bado, foi anunciado que o ex-rei dos penas ser\u00e1 introduzido no Hall da Fama do UFC em julho durante a Semana Internacional da Luta em Las Vegas, com data e local exatos ainda a serem determinados. <\/p>\n<p> Assista ao v\u00eddeo e veja depoimentos de outros lutadores. <\/p>\n<div>\n<blockquote class=\"twitter-tweet\">\n<p lang=\"en\" dir=\"ltr\">A estrada do Rei do Rio para o <a rel=\"nofollow noopener\" target=\"_blank\" href=\"https:\/\/twitter.com\/hashtag\/UFCHOF?src=hash&amp;ref_src=twsrc%5Etfw\">#UFCHOF<\/a> <\/p>\n<p>[ <a rel=\"nofollow noopener\" target=\"_blank\" href=\"https:\/\/twitter.com\/josealdojunior?ref_src=twsrc%5Etfw\">@JoseAldoJunior<\/a> | Presented by <a rel=\"nofollow noopener\" target=\"_blank\" href=\"https:\/\/twitter.com\/ToyoTires?ref_src=twsrc%5Etfw\">@ToyoTires<\/a> ] <a rel=\"nofollow noopener\" target=\"_blank\" href=\"https:\/\/t.co\/WiyNDLIe8Z\">pic.twitter.com\/WiyNDLIe8Z<\/a><\/p>\n<p>&#8211;UFC (@ufc) <a rel=\"nofollow noopener\" target=\"_blank\" href=\"https:\/\/twitter.com\/ufc\/status\/1617002518357368832?ref_src=twsrc%5Etfw\">22 de janeiro de 2023<\/a>\n<\/p>\n<\/blockquote>\n<\/div>\n<p>A data da estreia de Aldo no boxe tamb\u00e9m foi marcada para 10 de fevereiro, como parte do evento Shooto Brasil Boxing, que vai ao ar no UFC Fight Pass. <\/p>\n<p>Aldo se junta \u00e0 ala de lutadores do Hall da Fama do UFC, que inclui grandes nomes como Georges St-Pierre, Khabib Nurmagomedov, Daniel Cormier, Michael Bisping, Ronda Rousey e BJ Penn, entre outros. <\/p>\n<p>Em seu auge, Aldo foi um dos lutadores mais temidos do planeta e inequivocamente o melhor dos melhores at\u00e9 145 libras. Ele fez sua estreia na Am\u00e9rica do Norte com o World Extreme Cagefighting em 2008, indo 8-0 para a promo\u00e7\u00e3o irm\u00e3 do UFC e ganhando um t\u00edtulo de pena antes de ingressar no UFC em 2011. Ele continuou seu reinado de dom\u00ednio, ganhando sete t\u00edtulos consecutivos do UFC, al\u00e9m de seu T\u00edtulos do WEC. <\/p>\n<aside>\n<div class=\"c-read-more\">\n<p class=\"c-read-more__intro\">\n<p>Semelhante\n <\/p>\n<h4>DROGA! Eles foram bons: celebrando a carreira de Jos\u00e9 Aldo, &#8216;Rei do Rio&#8217; e peso pena GOAT<\/h4>\n<\/div>\n<\/aside>\n<p>Aldo n\u00e3o era conhecido apenas por suas vit\u00f3rias, mas por seu estilo imaculado de troca\u00e7\u00e3o e nocautes, sem falar no temido jogo de ch\u00e3o. Ele come\u00e7ou sua carreira de lutador 25-1 antes de uma derrota chocante para Conor McGregor no UFC 194. <\/p>\n<p>Ele recuperaria o t\u00edtulo do UFC com uma vit\u00f3ria sobre o rival Frankie Edgar no UFC 200. Aldo perdeu o cintur\u00e3o dos penas para Max Holloway e teve resultados mistos no peso pena. Ele ent\u00e3o renasceu como um oponente no peso galo. Aldo anunciou sua aposentadoria ap\u00f3s uma derrota para Merab Dvalishvili. <\/p>\n<p>Ao longo de sua carreira de 18 anos, Aldo obteve vit\u00f3rias not\u00e1veis \u200b\u200bsobre Urijah Faber, Chad Mendes, Chan Sung Jung, Edgar, Marlon Vera, Jeremy Stephens, Kenny Florian, Mike Brown, Cub Swanson e muitos outros. <\/p>\n<div>\n<blockquote class=\"instagram-media\" data-instgrm-captioned=\"\" data-instgrm-permalink=\"https:\/\/www.instagram.com\/p\/Cns9vZssj4o\/?utm_source=ig_embed&amp;utm_campaign=loading\" data-instgrm-version=\"14\" style=\"background:#FFF;border:0;border-radius:3px;margin: 1px;max-width:658px;min-width:326px;padding:0;width:99.375%;width:-webkit-calc(100% - 2px);width:calc(100% - 2px)\">\n<div style=\"padding:16px\"> <a rel=\"nofollow noopener\" target=\"_blank\" href=\"https:\/\/www.instagram.com\/p\/Cns9vZssj4o\/?utm_source=ig_embed&amp;utm_campaign=loading\" style=\"background:#FFFFFF;line-height:0;padding:0 0;text-align:center;text-decoration:none;width:100%\"> <\/p>\n<div style=\"flex-direction: row;align-items: center\">\n<div style=\"background-color: #F4F4F4;border-radius: 50%;flex-grow: 0;height: 40px;margin-right: 14px;width: 40px\"><\/div>\n<div style=\"flex-direction: column;flex-grow: 1;justify-content: center\">\n<div style=\"background-color: #F4F4F4;border-radius: 4px;flex-grow: 0;height: 14px;margin-bottom: 6px;width: 100px\"><\/div>\n<div style=\"background-color: #F4F4F4;border-radius: 4px;flex-grow: 0;height: 14px;width: 60px\"><\/div>\n<\/div>\n<\/div>\n<div style=\"padding: 19% 0\"><\/div>\n<div style=\"height:50px;margin:0 auto 12px;width:50px\"><\/div>\n<div style=\"padding-top: 8px\">\n<div style=\"color:#3897f0;font-family:Arial,sans-serif;font-size:14px;font-style:normal;font-weight:550;line-height:18px\">Veja esta postagem no Instagram<\/div>\n<\/div>\n<div style=\"padding: 12.5% 0\"><\/div>\n<div style=\"flex-direction: row;margin-bottom: 14px;align-items: center\">\n<div>\n<div style=\"background-color: #F4F4F4;border-radius: 50%;height: 12.5px;width: 12.5px\"><\/div>\n<div style=\"background-color: #F4F4F4;height: 12.5px;width: 12.5px;flex-grow: 0;margin-right: 14px;margin-left: 2px\"><\/div>\n<div style=\"background-color: #F4F4F4;border-radius: 50%;height: 12.5px;width: 12.5px\"><\/div>\n<\/div>\n<div style=\"margin-left: 8px\">\n<div style=\"background-color: #F4F4F4;border-radius: 50%;flex-grow: 0;height: 20px;width: 20px\"><\/div>\n<div style=\"width: 0;height: 0;border-top: 2px solid transparent;border-left: 6px solid #f4f4f4;border-bottom: 2px solid transparent\"><\/div>\n<\/div>\n<div style=\"margin-left: auto\">\n<div style=\"width: 0px;border-top: 8px solid #F4F4F4;border-right: 8px solid transparent\"><\/div>\n<div style=\"background-color: #F4F4F4;flex-grow: 0;height: 12px;width: 16px\"><\/div>\n<div style=\"width: 0;height: 0;border-top: 8px solid #F4F4F4;border-left: 8px solid transparent\"><\/div>\n<\/div>\n<\/div>\n<div style=\"flex-direction: column;flex-grow: 1;justify-content: center;margin-bottom: 24px\">\n<div style=\"background-color: #F4F4F4;border-radius: 4px;flex-grow: 0;height: 14px;margin-bottom: 6px;width: 224px\"><\/div>\n<div style=\"background-color: #F4F4F4;border-radius: 4px;flex-grow: 0;height: 14px;width: 144px\"><\/div>\n<\/div>\n<p><\/a><\/p>\n<p style=\"color:#c9c8cd;font-family:Arial,sans-serif;font-size:14px;line-height:17px;margin-bottom:0;margin-top:8px;overflow:hidden;padding:8px 0 7px;text-align:center\"><a rel=\"nofollow noopener\" target=\"_blank\" href=\"https:\/\/www.instagram.com\/p\/Cns9vZssj4o\/?utm_source=ig_embed&amp;utm_campaign=loading\" style=\"color:#c9c8cd;font-family:Arial,sans-serif;font-size:14px;font-style:normal;font-weight:normal;line-height:17px;text-decoration:none\">Uma postagem compartilhada por MMAFighting.com (@mmafighting)<\/a><\/p>\n<\/div>\n<\/blockquote>\n<\/div>\n<div>\n<blockquote class=\"instagram-media\" data-instgrm-captioned=\"\" data-instgrm-permalink=\"https:\/\/www.instagram.com\/p\/Cns-Yk4slPt\/?utm_source=ig_embed&amp;utm_campaign=loading\" data-instgrm-version=\"14\" style=\"background:#FFF;border:0;border-radius:3px;margin: 1px;max-width:658px;min-width:326px;padding:0;width:99.375%;width:-webkit-calc(100% - 2px);width:calc(100% - 2px)\">\n<div style=\"padding:16px\"> <a rel=\"nofollow noopener\" target=\"_blank\" href=\"https:\/\/www.instagram.com\/p\/Cns-Yk4slPt\/?utm_source=ig_embed&amp;utm_campaign=loading\" style=\"background:#FFFFFF;line-height:0;padding:0 0;text-align:center;text-decoration:none;width:100%\"> <\/p>\n<div style=\"flex-direction: row;align-items: center\">\n<div style=\"background-color: #F4F4F4;border-radius: 50%;flex-grow: 0;height: 40px;margin-right: 14px;width: 40px\"><\/div>\n<div style=\"flex-direction: column;flex-grow: 1;justify-content: center\">\n<div style=\"background-color: #F4F4F4;border-radius: 4px;flex-grow: 0;height: 14px;margin-bottom: 6px;width: 100px\"><\/div>\n<div style=\"background-color: #F4F4F4;border-radius: 4px;flex-grow: 0;height: 14px;width: 60px\"><\/div>\n<\/div>\n<\/div>\n<div style=\"padding: 19% 0\"><\/div>\n<div style=\"height:50px;margin:0 auto 12px;width:50px\"><\/div>\n<div style=\"padding-top: 8px\">\n<div style=\"color:#3897f0;font-family:Arial,sans-serif;font-size:14px;font-style:normal;font-weight:550;line-height:18px\">Veja esta postagem no Instagram<\/div>\n<\/div>\n<div style=\"padding: 12.5% 0\"><\/div>\n<div style=\"flex-direction: row;margin-bottom: 14px;align-items: center\">\n<div>\n<div style=\"background-color: #F4F4F4;border-radius: 50%;height: 12.5px;width: 12.5px\"><\/div>\n<div style=\"background-color: #F4F4F4;height: 12.5px;width: 12.5px;flex-grow: 0;margin-right: 14px;margin-left: 2px\"><\/div>\n<div style=\"background-color: #F4F4F4;border-radius: 50%;height: 12.5px;width: 12.5px\"><\/div>\n<\/div>\n<div style=\"margin-left: 8px\">\n<div style=\"background-color: #F4F4F4;border-radius: 50%;flex-grow: 0;height: 20px;width: 20px\"><\/div>\n<div style=\"width: 0;height: 0;border-top: 2px solid transparent;border-left: 6px solid #f4f4f4;border-bottom: 2px solid transparent\"><\/div>\n<\/div>\n<div style=\"margin-left: auto\">\n<div style=\"width: 0px;border-top: 8px solid #F4F4F4;border-right: 8px solid transparent\"><\/div>\n<div style=\"background-color: #F4F4F4;flex-grow: 0;height: 12px;width: 16px\"><\/div>\n<div style=\"width: 0;height: 0;border-top: 8px solid #F4F4F4;border-left: 8px solid transparent\"><\/div>\n<\/div>\n<\/div>\n<div style=\"flex-direction: column;flex-grow: 1;justify-content: center;margin-bottom: 24px\">\n<div style=\"background-color: #F4F4F4;border-radius: 4px;flex-grow: 0;height: 14px;margin-bottom: 6px;width: 224px\"><\/div>\n<div style=\"background-color: #F4F4F4;border-radius: 4px;flex-grow: 0;height: 14px;width: 144px\"><\/div>\n<\/div>\n<p><\/a><\/p>\n<p style=\"color:#c9c8cd;font-family:Arial,sans-serif;font-size:14px;line-height:17px;margin-bottom:0;margin-top:8px;overflow:hidden;padding:8px 0 7px;text-align:center\"><a rel=\"nofollow noopener\" target=\"_blank\" href=\"https:\/\/www.instagram.com\/p\/Cns-Yk4slPt\/?utm_source=ig_embed&amp;utm_campaign=loading\" style=\"color:#c9c8cd;font-family:Arial,sans-serif;font-size:14px;font-style:normal;font-weight:normal;line-height:17px;text-decoration:none\">Uma postagem compartilhada por MMAFighting.com (@mmafighting)<\/a><\/p>\n<\/div>\n<\/blockquote>\n<\/div>\n<p>Ele encerrou sua corrida no MMA com um recorde profissional de 31-8. <\/p>\n<p>Fonte: https:\/\/www.mmafighting.com\/2023\/1\/21\/23566003\/jose-aldo-announced-for-2023-ufc-hall-of-fame-induction?rand=96749<\/p>\n","protected":false},"excerpt":{"rendered":"<p>Jos\u00e9 Aldo est\u00e1 fazendo jus ao t\u00edtulo de um dos maiores lutadores de todos os tempos. Na transmiss\u00e3o do UFC 283 de s\u00e1bado, foi anunciado que o ex-rei dos penas ser\u00e1 introduzido no Hall da Fama do UFC em julho durante a Semana Internacional da Luta em Las Vegas, com data e local exatos ainda [&hellip;]<\/p>\n","protected":false},"author":1,"featured_media":261060,"comment_status":"","ping_status":"open","sticky":false,"template":"","format":"standard","meta":{"footnotes":""},"categories":[1170],"tags":[],"_links":{"self":[{"href":"https:\/\/wmmaa.org\/pt-pt\/wp-json\/wp\/v2\/posts\/342214"}],"collection":[{"href":"https:\/\/wmmaa.org\/pt-pt\/wp-json\/wp\/v2\/posts"}],"about":[{"href":"https:\/\/wmmaa.org\/pt-pt\/wp-json\/wp\/v2\/types\/post"}],"author":[{"embeddable":true,"href":"https:\/\/wmmaa.org\/pt-pt\/wp-json\/wp\/v2\/users\/1"}],"replies":[{"embeddable":true,"href":"https:\/\/wmmaa.org\/pt-pt\/wp-json\/wp\/v2\/comments?post=342214"}],"version-history":[{"count":0,"href":"https:\/\/wmmaa.org\/pt-pt\/wp-json\/wp\/v2\/posts\/342214\/revisions"}],"wp:featuredmedia":[{"embeddable":true,"href":"https:\/\/wmmaa.org\/pt-pt\/wp-json\/wp\/v2\/media\/261060"}],"wp:attachment":[{"href":"https:\/\/wmmaa.org\/pt-pt\/wp-json\/wp\/v2\/media?parent=342214"}],"wp:term":[{"taxonomy":"category","embeddable":true,"href":"https:\/\/wmmaa.org\/pt-pt\/wp-json\/wp\/v2\/categories?post=342214"},{"taxonomy":"post_tag","embeddable":true,"href":"https:\/\/wmmaa.org\/pt-pt\/wp-json\/wp\/v2\/tags?post=342214"}],"curies":[{"name":"wp","href":"https:\/\/api.w.org\/{rel}","templated":true}]}}