{"id":341902,"date":"2023-01-21T23:01:03","date_gmt":"2023-01-21T21:01:03","guid":{"rendered":"https:\/\/wmmaa.org\/a-peso-pena-francesa-zarah-dos-santos-esta-feliz-por-enfrentar-a-mae-no-ufc-283\/"},"modified":"2023-01-21T23:01:03","modified_gmt":"2023-01-21T21:01:03","slug":"a-peso-pena-francesa-zarah-dos-santos-esta-feliz-por-enfrentar-a-mae-no-ufc-283","status":"publish","type":"post","link":"https:\/\/wmmaa.org\/pt-pt\/a-peso-pena-francesa-zarah-dos-santos-esta-feliz-por-enfrentar-a-mae-no-ufc-283\/","title":{"rendered":"A peso-pena francesa Zarah dos Santos est\u00e1 feliz por enfrentar a m\u00e3e no UFC 283"},"content":{"rendered":"<p>Zarah Fairn dos Santos vai homenagear a m\u00e3e ao entrar no oct\u00f3gono no s\u00e1bado para enfrentar Josiane Nunes no UFC 283, no Rio de Janeiro, Brasil. A peso-pena francesa \u00e9 filha de Maria Josi dos Santos &#8211; uma brasileira que por acaso tem o mesmo nome de sua pr\u00f3xima advers\u00e1ria &#8211; e um marroquino. <\/p>\n<p>\u201cMinha hist\u00f3ria \u00e9 linda porque meu retorno ao UFC \u00e9 no pa\u00eds da minha m\u00e3e\u201d, disse Fairn em entrevista ao MMA Fighting. Apesar de saber que estou representando a Fran\u00e7a, se eu vencer essa luta, ser\u00e1 pelo Brasil. Minha equipe \u00e9 do Brasil, minha m\u00e3e \u00e9 do Brasil. Essa luta \u00e9 interessante para o povo brasileiro porque n\u00e3o pode perder, sabe? [laughs]&#8221;<\/p>\n<p>Fairn come\u00e7ou sua carreira de lutadora na Est\u00f4nia em 2013, numa \u00e9poca em que o MMA na Fran\u00e7a era ilegal. Ela se inscreveu no UFC seis anos depois. Ela est\u00e1 0-2 at\u00e9 agora na empresa com derrotas para as ex-concorrentes ao t\u00edtulo Megan Anderson e Felicia Spencer, e s\u00f3 conheceu seu atual treinador durante sua \u00faltima semana de luta. <\/p>\n<p>Fairn afirmou que seus treinadores estavam tendo dificuldade para chegar a Norfolk e, portanto, foi deixada no UFC Hotel por v\u00e1rios dias antes da luta contra Spencer. Maizena, que treinou Deiveson Figueiredo na vit\u00f3ria sobre Joseph Benavidez na luta principal, percebeu que estava sozinha no hotel e ofereceu ajuda. <\/p>\n<p>A lutadora francesa disse que n\u00e3o precisa &#8220;s\u00f3 de um t\u00e9cnico para ir ao UFC&#8221;, mas de um time que se sinta como uma fam\u00edlia. &#8220;Uma equipe profissional com um grande cora\u00e7\u00e3o&#8221;, explicou ela. Fairn acabou decidindo se mudar para Bel\u00e9m e treinar com Maizena, Figueiredo e toda a equipe. <\/p>\n<p>&#8220;Estou feliz porque minha hist\u00f3ria \u00e9 especial&#8221;, disse ela. &#8220;Tenho meu time do Brasil agora, e minha primeira volta aos EUA depois de tr\u00eas anos \u00e9 no Brasil. Time do campe\u00e3o, Daico [Figueiredo]. \u00c9 louco. Obrigado Deus por isso.&#8221;<\/p>\n<p>Fairn estava originalmente programado para enfrentar Nunes em abril de 2021, mas perdeu peso depois de tomar antibi\u00f3ticos para combater uma infec\u00e7\u00e3o durante a semana da luta. Apesar de v\u00e1rios ferimentos e outros problemas, ela n\u00e3o conseguiu competir novamente. No entanto, o destino a levou ao Brasil. <\/p>\n<p>&#8220;Estou muito feliz em enfrentar a Josiane!&#8221; Fairn disse, e agradeceu ao UFC por mant\u00ea-la na luta durante os tempos dif\u00edceis. &#8220;Eu sei que n\u00e3o \u00e9 f\u00e1cil quando voc\u00ea fica muito tempo sem lutar. Mentalmente n\u00e3o \u00e9 f\u00e1cil, mas, para mim, n\u00e3o faz sentido porque se voc\u00ea quer lutar no cora\u00e7\u00e3o, quer voltar no cage, voc\u00ea sei o risco que voc\u00ea corre. Minha prepara\u00e7\u00e3o \u00e9 excelente. N\u00e3o \u00e9 f\u00e1cil treinar com meu novo time. Me matando todos os dias. \u00c9 muito simples para mim entrar no .<\/p>\n<p> cela.<\/p>\n<p>Um dos poucos pesos penas contratados pela organiza\u00e7\u00e3o, Nunes est\u00e1 com 9 vit\u00f3rias e 1 derrota como lutador profissional ap\u00f3s vit\u00f3rias consecutivas no oct\u00f3gono sobre Bea Malecki e Ramona Pascual. A finaliza\u00e7\u00e3o de Malecki tamb\u00e9m rendeu a ela um b\u00f4nus de desempenho de $ 50.000. <\/p>\n<p>\u201cEssa luta vai ser interessante porque Josiane Nunes come\u00e7ou no UFC e teve uma vit\u00f3ria muito boa\u201d, disse Fairn. &#8220;Essa menina \u00e9 muito forte, tem muita for\u00e7a. Ela \u00e9 pequena, do tamanho, mas n\u00e3o \u00e9 importante para mim, pequena ou grande. Ela \u00e9 uma lutadora, e eu admiro a lutadora. Ela est\u00e1 no UFC, e j\u00e1 venceu o UFC lutas. Eu respeito isso. Eu respeito isso.&#8221;<\/p>\n<p>Fonte: https:\/\/www.mmafighting.com\/2023\/1\/21\/23557642\/french-featherweight-zarah-fairn-dos-santos-mother-home-country-ufc-283-mma?rand=96749<\/p>\n","protected":false},"excerpt":{"rendered":"<p>Zarah Fairn dos Santos vai homenagear a m\u00e3e ao entrar no oct\u00f3gono no s\u00e1bado para enfrentar Josiane Nunes no UFC 283, no Rio de Janeiro, Brasil. A peso-pena francesa \u00e9 filha de Maria Josi dos Santos &#8211; uma brasileira que por acaso tem o mesmo nome de sua pr\u00f3xima advers\u00e1ria &#8211; e um marroquino. \u201cMinha [&hellip;]<\/p>\n","protected":false},"author":1,"featured_media":341884,"comment_status":"","ping_status":"open","sticky":false,"template":"","format":"standard","meta":{"footnotes":""},"categories":[1170],"tags":[],"_links":{"self":[{"href":"https:\/\/wmmaa.org\/pt-pt\/wp-json\/wp\/v2\/posts\/341902"}],"collection":[{"href":"https:\/\/wmmaa.org\/pt-pt\/wp-json\/wp\/v2\/posts"}],"about":[{"href":"https:\/\/wmmaa.org\/pt-pt\/wp-json\/wp\/v2\/types\/post"}],"author":[{"embeddable":true,"href":"https:\/\/wmmaa.org\/pt-pt\/wp-json\/wp\/v2\/users\/1"}],"replies":[{"embeddable":true,"href":"https:\/\/wmmaa.org\/pt-pt\/wp-json\/wp\/v2\/comments?post=341902"}],"version-history":[{"count":0,"href":"https:\/\/wmmaa.org\/pt-pt\/wp-json\/wp\/v2\/posts\/341902\/revisions"}],"wp:featuredmedia":[{"embeddable":true,"href":"https:\/\/wmmaa.org\/pt-pt\/wp-json\/wp\/v2\/media\/341884"}],"wp:attachment":[{"href":"https:\/\/wmmaa.org\/pt-pt\/wp-json\/wp\/v2\/media?parent=341902"}],"wp:term":[{"taxonomy":"category","embeddable":true,"href":"https:\/\/wmmaa.org\/pt-pt\/wp-json\/wp\/v2\/categories?post=341902"},{"taxonomy":"post_tag","embeddable":true,"href":"https:\/\/wmmaa.org\/pt-pt\/wp-json\/wp\/v2\/tags?post=341902"}],"curies":[{"name":"wp","href":"https:\/\/api.w.org\/{rel}","templated":true}]}}