{"id":341616,"date":"2023-01-21T17:08:59","date_gmt":"2023-01-21T15:08:59","guid":{"rendered":"https:\/\/wmmaa.org\/shayilan-nuerdanbieke-x-steve-garcia-definido-para-o-ufc-287\/"},"modified":"2023-01-21T17:08:59","modified_gmt":"2023-01-21T15:08:59","slug":"shayilan-nuerdanbieke-x-steve-garcia-definido-para-o-ufc-287","status":"publish","type":"post","link":"https:\/\/wmmaa.org\/pt-pt\/shayilan-nuerdanbieke-x-steve-garcia-definido-para-o-ufc-287\/","title":{"rendered":"Shayilan Nuerdanbieke x Steve Garcia definido para o UFC 287"},"content":{"rendered":"<p> Uma luta peso-pena foi adicionada ao evento Pay-Per-View de abril do UFC. <\/p>\n<p>V\u00e1rias fontes com informa\u00e7\u00f5es sobre os planos das promo\u00e7\u00f5es confirmaram que uma luta entre Shayilan e Steve Garcia acontecer\u00e1 no UFC 287, no dia 8 de abril. O local e local ainda n\u00e3o foram definidos. Segundo fontes, o card pode acontecer no Brooklyn, NY ou Miami. <\/p>\n<p>Depois de perder sua estreia no oct\u00f3gono para Joshua Culiabo, em maio de 2021, Nuerdanbieke se recuperou com tr\u00eas vit\u00f3rias consecutivas. O &#8220;Wolverine&#8221;, de 28 anos, buscar\u00e1 vencer sua 40\u00aa luta profissional. Em sua apari\u00e7\u00e3o mais recente, Nuerdanbieke conquistou sua primeira finaliza\u00e7\u00e3o no UFC contra Darrick Minner no UFC Vegas 64, conseguindo um nocaute t\u00e9cnico no round inicial &#8211; um momento para Nuerdanbieke que foi um tanto enterrado devido \u00e0 luta sendo investigada devido ao movimento suspeito da linha. Minner foi suspenso pela Comiss\u00e3o Atl\u00e9tica de Nevada e liberado pelo UFC. <\/p>\n<p>Garcia mudou de vit\u00f3rias e derrotas desde que entrou no UFC em 2020. Depois de tr\u00eas lutas promocionais no peso leve, &#8220;Mean Machine&#8221; desceu para o pena para enfrentar Chase Hooper no UFC Vegas 63 em outubro e finalizou 92 segundos Persegui\u00e7\u00e3o Hooper. <\/p>\n<p>\n<p>Fonte: https:\/\/www.mmafighting.com\/2023\/1\/21\/23565089\/shayilan-nuerdanbieke-vs-steve-garcia-set-for-ufc-287?rand=96749<\/p>\n","protected":false},"excerpt":{"rendered":"<p>Uma luta peso-pena foi adicionada ao evento Pay-Per-View de abril do UFC. V\u00e1rias fontes com informa\u00e7\u00f5es sobre os planos das promo\u00e7\u00f5es confirmaram que uma luta entre Shayilan e Steve Garcia acontecer\u00e1 no UFC 287, no dia 8 de abril. O local e local ainda n\u00e3o foram definidos. Segundo fontes, o card pode acontecer no Brooklyn, [&hellip;]<\/p>\n","protected":false},"author":1,"featured_media":341583,"comment_status":"","ping_status":"open","sticky":false,"template":"","format":"standard","meta":{"footnotes":""},"categories":[1170],"tags":[],"_links":{"self":[{"href":"https:\/\/wmmaa.org\/pt-pt\/wp-json\/wp\/v2\/posts\/341616"}],"collection":[{"href":"https:\/\/wmmaa.org\/pt-pt\/wp-json\/wp\/v2\/posts"}],"about":[{"href":"https:\/\/wmmaa.org\/pt-pt\/wp-json\/wp\/v2\/types\/post"}],"author":[{"embeddable":true,"href":"https:\/\/wmmaa.org\/pt-pt\/wp-json\/wp\/v2\/users\/1"}],"replies":[{"embeddable":true,"href":"https:\/\/wmmaa.org\/pt-pt\/wp-json\/wp\/v2\/comments?post=341616"}],"version-history":[{"count":0,"href":"https:\/\/wmmaa.org\/pt-pt\/wp-json\/wp\/v2\/posts\/341616\/revisions"}],"wp:featuredmedia":[{"embeddable":true,"href":"https:\/\/wmmaa.org\/pt-pt\/wp-json\/wp\/v2\/media\/341583"}],"wp:attachment":[{"href":"https:\/\/wmmaa.org\/pt-pt\/wp-json\/wp\/v2\/media?parent=341616"}],"wp:term":[{"taxonomy":"category","embeddable":true,"href":"https:\/\/wmmaa.org\/pt-pt\/wp-json\/wp\/v2\/categories?post=341616"},{"taxonomy":"post_tag","embeddable":true,"href":"https:\/\/wmmaa.org\/pt-pt\/wp-json\/wp\/v2\/tags?post=341616"}],"curies":[{"name":"wp","href":"https:\/\/api.w.org\/{rel}","templated":true}]}}