{"id":339436,"date":"2023-01-19T00:30:14","date_gmt":"2023-01-18T22:30:14","guid":{"rendered":"https:\/\/wmmaa.org\/deiveson-figueiredo-esta-aberto-a-lutar-pelo-cinturao-peso-galo-do-ufc-desde-que-nao-seja-henry-cejudo\/"},"modified":"2023-01-19T00:30:14","modified_gmt":"2023-01-18T22:30:14","slug":"deiveson-figueiredo-esta-aberto-a-lutar-pelo-cinturao-peso-galo-do-ufc-desde-que-nao-seja-henry-cejudo","status":"publish","type":"post","link":"https:\/\/wmmaa.org\/pt-pt\/deiveson-figueiredo-esta-aberto-a-lutar-pelo-cinturao-peso-galo-do-ufc-desde-que-nao-seja-henry-cejudo\/","title":{"rendered":"Deiveson Figueiredo est\u00e1 aberto a lutar pelo cintur\u00e3o peso-galo do UFC, desde que n\u00e3o seja Henry Cejudo"},"content":{"rendered":"<p>Deiveson Figueiredo pode buscar o segundo t\u00edtulo ap\u00f3s o UFC 283.<\/p>\n<p>O talento brasileiro tentar\u00e1 unificar seu cintur\u00e3o peso mosca do UFC no s\u00e1bado contra o titular interino Brandon Moreno no Rio de Janeiro, Brasil, e disse na edi\u00e7\u00e3o de segunda-feira do <em>A Hora do MMA<\/em> que um movimento potencial de at\u00e9 135 libras \u00e9 &#8220;muito pr\u00f3ximo&#8221;.<\/p>\n<p>Na verdade, pode ser sua pr\u00f3xima luta.<\/p>\n<p>\u201cQuero me testar at\u00e9 135 libras e deixar as portas abertas para o UFC me oferecer o campe\u00e3o\u201d, disse Figueiredo na segunda-feira. \u201cMantendo o cintur\u00e3o depois dessa luta com o Brandon Moreno, tenho f\u00e9 em Deus que vai dar tudo certo, vou desafiar o campe\u00e3o peso galo se o cintur\u00e3o n\u00e3o for com o Henry Cejudo. Se for esse o caso, continuarei no peso mosca porque Henry Cejudo \u00e9 um irm\u00e3o para mim e eu nunca lutaria com ele\u201d.<\/p>\n<p>Esperava-se que Cejudo enfrentasse Aljamain Sterling pelo t\u00edtulo em seguida, mas ainda n\u00e3o est\u00e1 claro o que vem a seguir para o ex-campe\u00e3o de duas divis\u00f5es depois que Sterling anunciou que ficar\u00e1 afastado dos gramados enquanto voltava de uma les\u00e3o.<\/p>\n<p>\u201cLutar em 135 n\u00e3o significa que estou 100 por cento fora em 125\u201d, explicou Figueiredo. \u201cQuero me testar no 135 e espero que o UFC me d\u00ea essa luta.\u201d<\/p>\n<p>\u201cDeus da Guerra\u201d precisa fazer o trabalho primeiro no UFC 283 em seu confronto de tetralogia com Moreno, um oponente que est\u00e1 em 1-1-1 at\u00e9 agora. Faltando 8,8 libras para a pesagem oficial do UFC 283 na sexta-feira, no Rio de Janeiro, Figueiredo prev\u00ea uma quinta luta com Moreno pela frente. <\/p>\n<p>\u201cO Moreno \u00e9 um cara legal, a \u00fanica coisa \u00e9 que a gente n\u00e3o se d\u00e1 bem dentro do oct\u00f3gono\u201d, disse Figueiredo com um sorriso. \u201cN\u00e3o me considero amigo dele. Todo mundo sabe que temos um problema e sempre estarei lutando contra ele. Essa \u00e9 a luta que vende no UFC e que bom que est\u00e1 acontecendo. Espero que tenhamos uma quinta luta.\u201d<\/p>\n<p>Fonte: https:\/\/www.mmafighting.com\/2023\/1\/18\/23557731\/deiveson-figueiredo-fighting-ufc-bantamweight-title-henry-cejudo-brandon-moreno-283?rand=96749<\/p>\n","protected":false},"excerpt":{"rendered":"<p>Deiveson Figueiredo pode buscar o segundo t\u00edtulo ap\u00f3s o UFC 283. O talento brasileiro tentar\u00e1 unificar seu cintur\u00e3o peso mosca do UFC no s\u00e1bado contra o titular interino Brandon Moreno no Rio de Janeiro, Brasil, e disse na edi\u00e7\u00e3o de segunda-feira do A Hora do MMA que um movimento potencial de at\u00e9 135 libras \u00e9 [&hellip;]<\/p>\n","protected":false},"author":1,"featured_media":339423,"comment_status":"","ping_status":"open","sticky":false,"template":"","format":"standard","meta":{"footnotes":""},"categories":[1170],"tags":[],"_links":{"self":[{"href":"https:\/\/wmmaa.org\/pt-pt\/wp-json\/wp\/v2\/posts\/339436"}],"collection":[{"href":"https:\/\/wmmaa.org\/pt-pt\/wp-json\/wp\/v2\/posts"}],"about":[{"href":"https:\/\/wmmaa.org\/pt-pt\/wp-json\/wp\/v2\/types\/post"}],"author":[{"embeddable":true,"href":"https:\/\/wmmaa.org\/pt-pt\/wp-json\/wp\/v2\/users\/1"}],"replies":[{"embeddable":true,"href":"https:\/\/wmmaa.org\/pt-pt\/wp-json\/wp\/v2\/comments?post=339436"}],"version-history":[{"count":0,"href":"https:\/\/wmmaa.org\/pt-pt\/wp-json\/wp\/v2\/posts\/339436\/revisions"}],"wp:featuredmedia":[{"embeddable":true,"href":"https:\/\/wmmaa.org\/pt-pt\/wp-json\/wp\/v2\/media\/339423"}],"wp:attachment":[{"href":"https:\/\/wmmaa.org\/pt-pt\/wp-json\/wp\/v2\/media?parent=339436"}],"wp:term":[{"taxonomy":"category","embeddable":true,"href":"https:\/\/wmmaa.org\/pt-pt\/wp-json\/wp\/v2\/categories?post=339436"},{"taxonomy":"post_tag","embeddable":true,"href":"https:\/\/wmmaa.org\/pt-pt\/wp-json\/wp\/v2\/tags?post=339436"}],"curies":[{"name":"wp","href":"https:\/\/api.w.org\/{rel}","templated":true}]}}