{"id":339043,"date":"2023-01-18T08:15:18","date_gmt":"2023-01-18T06:15:18","guid":{"rendered":"https:\/\/wmmaa.org\/petr-yan-aponta-adversario-e-data-da-luta-no-ufc\/"},"modified":"2023-01-18T08:15:18","modified_gmt":"2023-01-18T06:15:18","slug":"petr-yan-aponta-adversario-e-data-da-luta-no-ufc","status":"publish","type":"post","link":"https:\/\/wmmaa.org\/pt-pt\/petr-yan-aponta-adversario-e-data-da-luta-no-ufc\/","title":{"rendered":"Petr Yan aponta advers\u00e1rio e data da luta no UFC"},"content":{"rendered":"<div id=\"feat-img-reg\" class=\"relative\">\n <img decoding=\"async\" src=\"https:\/\/wmmaa.org\/wp-content\/uploads\/2023\/01\/00b76bc5f6ce3a8580ee9364c288ef59_XL.jpg\" alt=\"Petr Yan aponta advers\u00e1rio e data da luta no UFC\"><\/div>\n<p><!-- Item introtext --><\/p>\n<div class=\"itemIntroText\">\n<p>O ex-campe\u00e3o peso-galo do UFC, Petr Yan, volta ao oct\u00f3gono no dia 11 de mar\u00e7o, no UFC Fight Night 221, em Las Vegas, e o russo enfrentar\u00e1 Merab Dvalishvili, representando a Ge\u00f3rgia.<\/p>\n<\/p>\n<\/div>\n<p><!--AdFox START--><\/p>\n<p><!--&#1055;&#1083;&#1086;&#1097;&#1072;&#1076;&#1082;&#1072;: FightTime.ru \/ * \/ *--><\/p>\n<p><!--&#1058;&#1080;&#1087; &#1073;&#1072;&#1085;&#1085;&#1077;&#1088;&#1072;: &#1044;&#1077;&#1089;&#1082;&#1090;&#1086;&#1087;\/&#1052;&#1086;&#1073;&#1080;&#1083;&#1100;&#1085;&#1099;&#1081; 728x90\/300x300--><\/p>\n<p><!--&#1056;&#1072;&#1089;&#1087;&#1086;&#1083;&#1086;&#1078;&#1077;&#1085;&#1080;&#1077;: &#1050;&#1086;&#1085;&#1090;&#1077;&#1085;&#1090; &#1087;&#1086;&#1089;&#1083;&#1077; &#1074;&#1089;&#1090;&#1091;&#1087;&#1083;&#1077;&#1085;&#1080;&#1103;--><\/p>\n<div id=\"adfox_167032076949914564\" class=\"yandex_rtb_wrapper\"><\/div>\n<p><!-- Item fulltext --><\/p>\n<div class=\"itemFullText\">\n<p>A organiza\u00e7\u00e3o de uma luta de cinco rounds que ser\u00e1 a atra\u00e7\u00e3o principal do evento foi informada por fontes bem informadas e pr\u00f3ximas da situa\u00e7\u00e3o.<\/p>\n<p>Merab Dvalishvili em agosto ampliou sua sequ\u00eancia de vit\u00f3rias para oito partidas, vencendo na decis\u00e3o un\u00e2nime contra o lend\u00e1rio Jos\u00e9 Aldo, e Petr Yan sofreu a segunda derrota consecutiva em outubro, perdendo na decis\u00e3o dividida para Sean O&#8217;Malley.<\/p>\n<p>No momento, Peter Yan e Merab Dvalishvili ocupam a segunda e terceira linhas do ranking peso-galo do UFC, respectivamente.<\/p>\n<div id=\"mc-poll\"><\/div>\n<\/p>\n<\/div>\n<p><!--post-tags--><\/p>\n<p>Fonte: https:\/\/fighttime.ru\/news\/item\/30538-petru-yanu-naznachen-sopernik-i-data-boya-v-ufc.html?rand=19907<\/p>\n","protected":false},"excerpt":{"rendered":"<p>O ex-campe\u00e3o peso-galo do UFC, Petr Yan, volta ao oct\u00f3gono no dia 11 de mar\u00e7o, no UFC Fight Night 221, em Las Vegas, e o russo enfrentar\u00e1 Merab Dvalishvili, representando a Ge\u00f3rgia. A organiza\u00e7\u00e3o de uma luta de cinco rounds que ser\u00e1 a atra\u00e7\u00e3o principal do evento foi informada por fontes bem informadas e pr\u00f3ximas [&hellip;]<\/p>\n","protected":false},"author":1,"featured_media":339031,"comment_status":"","ping_status":"open","sticky":false,"template":"","format":"standard","meta":{"footnotes":""},"categories":[1170],"tags":[552,15,3755],"_links":{"self":[{"href":"https:\/\/wmmaa.org\/pt-pt\/wp-json\/wp\/v2\/posts\/339043"}],"collection":[{"href":"https:\/\/wmmaa.org\/pt-pt\/wp-json\/wp\/v2\/posts"}],"about":[{"href":"https:\/\/wmmaa.org\/pt-pt\/wp-json\/wp\/v2\/types\/post"}],"author":[{"embeddable":true,"href":"https:\/\/wmmaa.org\/pt-pt\/wp-json\/wp\/v2\/users\/1"}],"replies":[{"embeddable":true,"href":"https:\/\/wmmaa.org\/pt-pt\/wp-json\/wp\/v2\/comments?post=339043"}],"version-history":[{"count":0,"href":"https:\/\/wmmaa.org\/pt-pt\/wp-json\/wp\/v2\/posts\/339043\/revisions"}],"wp:featuredmedia":[{"embeddable":true,"href":"https:\/\/wmmaa.org\/pt-pt\/wp-json\/wp\/v2\/media\/339031"}],"wp:attachment":[{"href":"https:\/\/wmmaa.org\/pt-pt\/wp-json\/wp\/v2\/media?parent=339043"}],"wp:term":[{"taxonomy":"category","embeddable":true,"href":"https:\/\/wmmaa.org\/pt-pt\/wp-json\/wp\/v2\/categories?post=339043"},{"taxonomy":"post_tag","embeddable":true,"href":"https:\/\/wmmaa.org\/pt-pt\/wp-json\/wp\/v2\/tags?post=339043"}],"curies":[{"name":"wp","href":"https:\/\/api.w.org\/{rel}","templated":true}]}}