{"id":338918,"date":"2023-01-18T02:33:25","date_gmt":"2023-01-18T00:33:25","guid":{"rendered":"https:\/\/wmmaa.org\/arnold-allen-diz-que-nao-pode-aceitar-o-evento-principal-do-ufc-286-por-causa-de-uma-lesao\/"},"modified":"2023-01-18T02:33:25","modified_gmt":"2023-01-18T00:33:25","slug":"arnold-allen-diz-que-nao-pode-aceitar-o-evento-principal-do-ufc-286-por-causa-de-uma-lesao","status":"publish","type":"post","link":"https:\/\/wmmaa.org\/pt-pt\/arnold-allen-diz-que-nao-pode-aceitar-o-evento-principal-do-ufc-286-por-causa-de-uma-lesao\/","title":{"rendered":"Arnold Allen diz que n\u00e3o p\u00f4de aceitar o evento principal do UFC 286 por causa de uma les\u00e3o."},"content":{"rendered":"<p>Arnold Allen mais uma vez perder\u00e1 uma oportunidade potencialmente grande para sua carreira. <\/p>\n<p>O lutador de penas da Inglaterra, de 28 anos, revelou em um v\u00eddeo postado em sua p\u00e1gina do YouTube que lhe foi oferecido o co-evento principal no pr\u00f3ximo card do UFC 286 agendado para Londres em 18 de mar\u00e7o. treinar, ent\u00e3o ele recusou a oferta do UFC. <\/p>\n<p>&#8220;Me ofereceram o evento co-principal, mas infelizmente quebrei uma costela na outra semana e n\u00e3o treino h\u00e1 algumas semanas&#8221;, disse Allen. &#8220;\u00c9 muito frustrante. N\u00e3o \u00e9 legal.&#8221;<\/p>\n<p>Allen n\u00e3o revelou contra quem ele estava sendo oferecido para lutar, embora tenha sugerido anteriormente Max Holloway (ex-campe\u00e3o dos penas) como um poss\u00edvel oponente que poderia ajud\u00e1-lo a garantir sua futura chance pelo t\u00edtulo. <\/p>\n<p>Ele j\u00e1 havia perdido uma luta interina pelo t\u00edtulo que estava agendada para o UFC 284 na Austr\u00e1lia, quando a organiza\u00e7\u00e3o reservou Josh Emmett contra Yair Rodriguez para o evento co-principal em fevereiro. <\/p>\n<p>&#8220;Era a luta que todo mundo esperava e a luta que eu queria, mas nem sei a linha do tempo [to fight again]&#8221;, disse Allen. &#8220;Vai demorar algumas semanas at\u00e9 que eu possa come\u00e7ar a treinar novamente de qualquer maneira. Tarde demais para entrar no acampamento para isso.&#8221;<\/p>\n<p>Com um cartel perfeito de 10-0 no UFC, Allen subiu na classifica\u00e7\u00e3o at\u00e9 145 libras, mas infelizmente sua carreira muitas vezes foi prejudicada por les\u00f5es que o mantiveram fora dos gramados por per\u00edodos significativos de tempo. <\/p>\n<p>Ele venceu duas lutas em 2022 contra Dan Hooker e Calvin Kattar. No entanto, essa foi apenas a segunda vez em sua carreira no UFC, onde competiu duas vezes em um ano. <\/p>\n<p>&#8220;\u00c9 o que era&#8221;, afirmou Allen. Esta tem sido a minha hist\u00f3ria durante toda a vida. Funcionou a meu favor, ent\u00e3o vou tentar manter essa perspectiva positiva, voltar \u00e0 academia em breve e, com sorte, continuar. <\/p>\n<p>&#8220;Estou confiante de que isso levar\u00e1 a coisas maiores. N\u00e3o \u00e9 assim que deveria ser. \u00c9 assim que \u00e9. \u00c9 assim que o biscoito se desfaz.&#8221;<\/p>\n<div>\n<div style=\"width: 100%;height: 0;padding-bottom: 56.25%\"><iframe loading=\"lazy\" title=\"The One Person Ngannou DOESN&#039;T Want To Fight | UFC London + Jones v. Gane\" width=\"640\" height=\"360\" src=\"https:\/\/www.youtube.com\/embed\/0IN7zWIbfow?feature=oembed\" frameborder=\"0\" allow=\"accelerometer; autoplay; clipboard-write; encrypted-media; gyroscope; picture-in-picture; web-share\" referrerpolicy=\"strict-origin-when-cross-origin\" allowfullscreen><\/iframe><\/div>\n<\/div>\n<p>Fonte: https:\/\/www.mmafighting.com\/2023\/1\/17\/23559543\/arnold-allen-reveals-injury-prevented-him-accepting-ufc-286-co-main-event-slot-the-story- da-minha-vida?rand=96749<\/p>\n","protected":false},"excerpt":{"rendered":"<p>Arnold Allen mais uma vez perder\u00e1 uma oportunidade potencialmente grande para sua carreira. O lutador de penas da Inglaterra, de 28 anos, revelou em um v\u00eddeo postado em sua p\u00e1gina do YouTube que lhe foi oferecido o co-evento principal no pr\u00f3ximo card do UFC 286 agendado para Londres em 18 de mar\u00e7o. treinar, ent\u00e3o ele [&hellip;]<\/p>\n","protected":false},"author":1,"featured_media":338902,"comment_status":"","ping_status":"open","sticky":false,"template":"","format":"standard","meta":{"footnotes":""},"categories":[1170],"tags":[],"_links":{"self":[{"href":"https:\/\/wmmaa.org\/pt-pt\/wp-json\/wp\/v2\/posts\/338918"}],"collection":[{"href":"https:\/\/wmmaa.org\/pt-pt\/wp-json\/wp\/v2\/posts"}],"about":[{"href":"https:\/\/wmmaa.org\/pt-pt\/wp-json\/wp\/v2\/types\/post"}],"author":[{"embeddable":true,"href":"https:\/\/wmmaa.org\/pt-pt\/wp-json\/wp\/v2\/users\/1"}],"replies":[{"embeddable":true,"href":"https:\/\/wmmaa.org\/pt-pt\/wp-json\/wp\/v2\/comments?post=338918"}],"version-history":[{"count":0,"href":"https:\/\/wmmaa.org\/pt-pt\/wp-json\/wp\/v2\/posts\/338918\/revisions"}],"wp:featuredmedia":[{"embeddable":true,"href":"https:\/\/wmmaa.org\/pt-pt\/wp-json\/wp\/v2\/media\/338902"}],"wp:attachment":[{"href":"https:\/\/wmmaa.org\/pt-pt\/wp-json\/wp\/v2\/media?parent=338918"}],"wp:term":[{"taxonomy":"category","embeddable":true,"href":"https:\/\/wmmaa.org\/pt-pt\/wp-json\/wp\/v2\/categories?post=338918"},{"taxonomy":"post_tag","embeddable":true,"href":"https:\/\/wmmaa.org\/pt-pt\/wp-json\/wp\/v2\/tags?post=338918"}],"curies":[{"name":"wp","href":"https:\/\/api.w.org\/{rel}","templated":true}]}}