{"id":333011,"date":"2023-01-09T17:04:55","date_gmt":"2023-01-09T15:04:55","guid":{"rendered":"https:\/\/wmmaa.org\/the-mma-hour-com-marlon-vera-e-terrance-mckinney-da-ksi-bem-como-o-campeao-de-dardos-michael-smith\/"},"modified":"2023-01-09T17:04:55","modified_gmt":"2023-01-09T15:04:55","slug":"the-mma-hour-com-marlon-vera-e-terrance-mckinney-da-ksi-bem-como-o-campeao-de-dardos-michael-smith","status":"publish","type":"post","link":"https:\/\/wmmaa.org\/pt-pt\/the-mma-hour-com-marlon-vera-e-terrance-mckinney-da-ksi-bem-como-o-campeao-de-dardos-michael-smith\/","title":{"rendered":"The MMA Hour, com Marlon Vera e Terrance McKinney da KSI, bem como o campe\u00e3o de dardos Michael Smith"},"content":{"rendered":"<p>A Mixed Martial Arts Hour est\u00e1 de volta na sua vida! Abaixo est\u00e1 um resumo do programa de segunda-feira, que come\u00e7a \u00e0s 13h ET \/ 10h PT \/ 18h, hor\u00e1rio do Reino Unido. <\/p>\n<p>13h ET: Relembramos o fim de semana nos esportes de combate. <\/p>\n<p>13h40: O peso leve do UFC Terrance McKinney faz uma pr\u00e9via de sua pr\u00f3xima luta contra Ismael Bonfim no UFC 283. <\/p>\n<p>14h: O campe\u00e3o de dardos Michael Smith relembra sua performance viral na conquista do t\u00edtulo e a recente ascens\u00e3o dos dardos profissionais online. <\/p>\n<p>14h30: GC olha para sua bola de cristal para fazer suas apostas futuras para 2023. <\/p>\n<p>15h: KSI discute sua tentativa fracassada de boxear Dillon Danis e sua pr\u00f3xima luta contra o substituto tardio FaZe Temperrr. <\/p>\n<p>15h30: Marlon &#8220;Chito&#8221; Vera retorna para uma pr\u00e9via de sua luta de 18 de fevereiro contra Cory Sandhagen e quebra o cen\u00e1rio do UFC at\u00e9 135 libras. <\/p>\n<p> Inscrever-se para <a rel=\"nofollow noopener\" target=\"_blank\" href=\"https:\/\/open.spotify.com\/show\/0NUQhyUeYQcbtHOV10qmbb\">Spotify <\/a> e <a rel=\"nofollow noopener\" target=\"_blank\" href=\"https:\/\/podcasts.apple.com\/us\/podcast\/the-mma-hour-with-ariel-helwani\/id1573260189\">itunes <\/a>. para os epis\u00f3dios mais recentes de The MMA Hour <\/p>\n<p><p>Fonte: https:\/\/www.mmafighting.com\/2023\/1\/9\/23545250\/the-mma-hour-with-ksi-marlon-vera-terrance-mckinney-and-darts-champ-michael-smith?rand= 96749<\/p>\n","protected":false},"excerpt":{"rendered":"<p>A Mixed Martial Arts Hour est\u00e1 de volta na sua vida! Abaixo est\u00e1 um resumo do programa de segunda-feira, que come\u00e7a \u00e0s 13h ET \/ 10h PT \/ 18h, hor\u00e1rio do Reino Unido. 13h ET: Relembramos o fim de semana nos esportes de combate. 13h40: O peso leve do UFC Terrance McKinney faz uma pr\u00e9via [&hellip;]<\/p>\n","protected":false},"author":1,"featured_media":332999,"comment_status":"","ping_status":"open","sticky":false,"template":"","format":"standard","meta":{"footnotes":""},"categories":[1170],"tags":[],"_links":{"self":[{"href":"https:\/\/wmmaa.org\/pt-pt\/wp-json\/wp\/v2\/posts\/333011"}],"collection":[{"href":"https:\/\/wmmaa.org\/pt-pt\/wp-json\/wp\/v2\/posts"}],"about":[{"href":"https:\/\/wmmaa.org\/pt-pt\/wp-json\/wp\/v2\/types\/post"}],"author":[{"embeddable":true,"href":"https:\/\/wmmaa.org\/pt-pt\/wp-json\/wp\/v2\/users\/1"}],"replies":[{"embeddable":true,"href":"https:\/\/wmmaa.org\/pt-pt\/wp-json\/wp\/v2\/comments?post=333011"}],"version-history":[{"count":0,"href":"https:\/\/wmmaa.org\/pt-pt\/wp-json\/wp\/v2\/posts\/333011\/revisions"}],"wp:featuredmedia":[{"embeddable":true,"href":"https:\/\/wmmaa.org\/pt-pt\/wp-json\/wp\/v2\/media\/332999"}],"wp:attachment":[{"href":"https:\/\/wmmaa.org\/pt-pt\/wp-json\/wp\/v2\/media?parent=333011"}],"wp:term":[{"taxonomy":"category","embeddable":true,"href":"https:\/\/wmmaa.org\/pt-pt\/wp-json\/wp\/v2\/categories?post=333011"},{"taxonomy":"post_tag","embeddable":true,"href":"https:\/\/wmmaa.org\/pt-pt\/wp-json\/wp\/v2\/tags?post=333011"}],"curies":[{"name":"wp","href":"https:\/\/api.w.org\/{rel}","templated":true}]}}