{"id":332822,"date":"2023-01-09T08:52:19","date_gmt":"2023-01-09T06:52:19","guid":{"rendered":"https:\/\/wmmaa.org\/nurullo-aliyev-e-indicado-como-luta-de-estreia-no-ufc\/"},"modified":"2023-01-09T08:52:19","modified_gmt":"2023-01-09T06:52:19","slug":"nurullo-aliyev-e-indicado-como-luta-de-estreia-no-ufc","status":"publish","type":"post","link":"https:\/\/wmmaa.org\/pt-pt\/nurullo-aliyev-e-indicado-como-luta-de-estreia-no-ufc\/","title":{"rendered":"Nurullo Aliyev \u00e9 indicado como luta de estreia no UFC"},"content":{"rendered":"<div id=\"feat-img-reg\" class=\"relative\">\n <img decoding=\"async\" src=\"https:\/\/wmmaa.org\/wp-content\/uploads\/2023\/01\/967818ffba1e585469d83ba563468966_XL.jpg\" alt=\"Nurullo Aliyev \u00e9 indicado como luta de estreia no UFC\"><\/div>\n<p><!-- Item introtext --><\/p>\n<div class=\"itemIntroText\">\n<p>O representante do Tadjiquist\u00e3o Nurullo Aliyev, de 23 anos, que assinou contrato com o UFC em setembro passado gra\u00e7as a uma atua\u00e7\u00e3o bem-sucedida no show Dana White&#8217;s Contender Series, far\u00e1 sua estreia sob a bandeira da organiza\u00e7\u00e3o no dia 25 de fevereiro no UFC Fight Night 220 em Las Vegas, e seu advers\u00e1rio ser\u00e1 o brasileiro Rafael Alves, de 32 anos.<\/p>\n<\/p>\n<\/div>\n<p><!--AdFox START--><\/p>\n<p><!--&#1055;&#1083;&#1086;&#1097;&#1072;&#1076;&#1082;&#1072;: FightTime.ru \/ * \/ *--><\/p>\n<p><!--&#1058;&#1080;&#1087; &#1073;&#1072;&#1085;&#1085;&#1077;&#1088;&#1072;: &#1044;&#1077;&#1089;&#1082;&#1090;&#1086;&#1087;\/&#1052;&#1086;&#1073;&#1080;&#1083;&#1100;&#1085;&#1099;&#1081; 728x90\/300x300--><\/p>\n<p><!--&#1056;&#1072;&#1089;&#1087;&#1086;&#1083;&#1086;&#1078;&#1077;&#1085;&#1080;&#1077;: &#1050;&#1086;&#1085;&#1090;&#1077;&#1085;&#1090; &#1087;&#1086;&#1089;&#1083;&#1077; &#1074;&#1089;&#1090;&#1091;&#1087;&#1083;&#1077;&#1085;&#1080;&#1103;--><\/p>\n<div id=\"adfox_167032076949914564\" class=\"yandex_rtb_wrapper\"><\/div>\n<p><!-- Item fulltext --><\/p>\n<div class=\"itemFullText\">\n<p>Fontes informadas pr\u00f3ximas \u00e0 situa\u00e7\u00e3o relataram sobre a organiza\u00e7\u00e3o da luta dos leves.<\/p>\n<p>No show de sele\u00e7\u00e3o do presidente do UFC, o invicto Nurullo Aliyev conquistou sua s\u00e9tima vit\u00f3ria profissional, j\u00e1 no primeiro round finalizando com um nocaute t\u00e9cnico sobre o americano Josh Wick.<\/p>\n<p>Rafael Alves, que tamb\u00e9m entrou no UFC em 2020 pelo show Dana White&#8217;s Contender Series, fez tr\u00eas lutas na liga mais forte do mundo, perdendo na decis\u00e3o para Damir Ismagulov, finalizando com um estrangulamento de Mark Diakezi, e perdendo por nocaute para Drew Dober.<\/p>\n<\/p>\n<\/div>\n<p><!--post-tags--><\/p>\n<p>Fonte: https:\/\/fighttime.ru\/news\/item\/30462-nurullo-alievu-naznachen-debyutnyj-boj-v-ufc.html?rand=19907<\/p>\n","protected":false},"excerpt":{"rendered":"<p>O representante do Tadjiquist\u00e3o Nurullo Aliyev, de 23 anos, que assinou contrato com o UFC em setembro passado gra\u00e7as a uma atua\u00e7\u00e3o bem-sucedida no show Dana White&#8217;s Contender Series, far\u00e1 sua estreia sob a bandeira da organiza\u00e7\u00e3o no dia 25 de fevereiro no UFC Fight Night 220 em Las Vegas, e seu advers\u00e1rio ser\u00e1 o [&hellip;]<\/p>\n","protected":false},"author":1,"featured_media":332809,"comment_status":"","ping_status":"open","sticky":false,"template":"","format":"standard","meta":{"footnotes":""},"categories":[1170],"tags":[3092],"_links":{"self":[{"href":"https:\/\/wmmaa.org\/pt-pt\/wp-json\/wp\/v2\/posts\/332822"}],"collection":[{"href":"https:\/\/wmmaa.org\/pt-pt\/wp-json\/wp\/v2\/posts"}],"about":[{"href":"https:\/\/wmmaa.org\/pt-pt\/wp-json\/wp\/v2\/types\/post"}],"author":[{"embeddable":true,"href":"https:\/\/wmmaa.org\/pt-pt\/wp-json\/wp\/v2\/users\/1"}],"replies":[{"embeddable":true,"href":"https:\/\/wmmaa.org\/pt-pt\/wp-json\/wp\/v2\/comments?post=332822"}],"version-history":[{"count":0,"href":"https:\/\/wmmaa.org\/pt-pt\/wp-json\/wp\/v2\/posts\/332822\/revisions"}],"wp:featuredmedia":[{"embeddable":true,"href":"https:\/\/wmmaa.org\/pt-pt\/wp-json\/wp\/v2\/media\/332809"}],"wp:attachment":[{"href":"https:\/\/wmmaa.org\/pt-pt\/wp-json\/wp\/v2\/media?parent=332822"}],"wp:term":[{"taxonomy":"category","embeddable":true,"href":"https:\/\/wmmaa.org\/pt-pt\/wp-json\/wp\/v2\/categories?post=332822"},{"taxonomy":"post_tag","embeddable":true,"href":"https:\/\/wmmaa.org\/pt-pt\/wp-json\/wp\/v2\/tags?post=332822"}],"curies":[{"name":"wp","href":"https:\/\/api.w.org\/{rel}","templated":true}]}}