{"id":332528,"date":"2023-01-08T18:59:24","date_gmt":"2023-01-08T16:59:24","guid":{"rendered":"https:\/\/wmmaa.org\/rafael-fiziev-anunciou-o-nome-do-adversario-e-a-data-da-luta\/"},"modified":"2023-01-08T18:59:24","modified_gmt":"2023-01-08T16:59:24","slug":"rafael-fiziev-anunciou-o-nome-do-adversario-e-a-data-da-luta","status":"publish","type":"post","link":"https:\/\/wmmaa.org\/pt-pt\/rafael-fiziev-anunciou-o-nome-do-adversario-e-a-data-da-luta\/","title":{"rendered":"Rafael Fiziev anunciou o nome do advers\u00e1rio e a data da luta"},"content":{"rendered":"<div id=\"feat-img-reg\" class=\"relative\">\n <img decoding=\"async\" src=\"https:\/\/wmmaa.org\/wp-content\/uploads\/2023\/01\/e92cc762f963b1ec5198054b9b7f9744_XL.jpg\" alt=\"Rafael Fiziev anunciou o nome do advers\u00e1rio e a data da luta\"><\/div>\n<p><!-- Item introtext --><\/p>\n<div class=\"itemIntroText\">\n<p>O oitavo n\u00famero do peso leve do UFC, Rafael Fiziev, far\u00e1 sua pr\u00f3xima luta em mar\u00e7o deste ano, e ter\u00e1 como advers\u00e1rio o ex-campe\u00e3o interino da divis\u00e3o Justin Gaethje.<\/p>\n<\/p>\n<\/div>\n<p><!--AdFox START--><\/p>\n<p><!--&#1055;&#1083;&#1086;&#1097;&#1072;&#1076;&#1082;&#1072;: FightTime.ru \/ * \/ *--><\/p>\n<p><!--&#1058;&#1080;&#1087; &#1073;&#1072;&#1085;&#1085;&#1077;&#1088;&#1072;: &#1044;&#1077;&#1089;&#1082;&#1090;&#1086;&#1087;\/&#1052;&#1086;&#1073;&#1080;&#1083;&#1100;&#1085;&#1099;&#1081; 728x90\/300x300--><\/p>\n<p><!--&#1056;&#1072;&#1089;&#1087;&#1086;&#1083;&#1086;&#1078;&#1077;&#1085;&#1080;&#1077;: &#1050;&#1086;&#1085;&#1090;&#1077;&#1085;&#1090; &#1087;&#1086;&#1089;&#1083;&#1077; &#1074;&#1089;&#1090;&#1091;&#1087;&#1083;&#1077;&#1085;&#1080;&#1103;--><\/p>\n<div id=\"adfox_167032076949914564\" class=\"yandex_rtb_wrapper\"><\/div>\n<p><!-- Item fulltext --><\/p>\n<div class=\"itemFullText\">\n<p>Segundo Ataman, a luta com o americano ser\u00e1 no dia 4 de mar\u00e7o, no UFC 285, em Las Vegas, ou no dia 18 de mar\u00e7o, no UFC 286, em Londres.<\/p>\n<blockquote>\n<p>\u201cNo UFC nos foi prometido que em mar\u00e7o eu lutaria contra Justin Gaethje\u201d, disse Fiziev em entrevista ao canal <a rel=\"nofollow noopener\" target=\"_blank\" href=\"https:\/\/www.youtube.com\/watch?v=QTHl-jSB5sQ\">capit\u00e3o hardcore<\/a>. \u201cO UFC tamb\u00e9m quer essa luta, o Dana White quer essa luta, ent\u00e3o me falaram em mar\u00e7o, prepare-se. Agora estamos esperando o contrato. Enquanto tal informa\u00e7\u00e3o. Se algo for repetido, ficarei chocado. Londres ou Vegas, eles n\u00e3o disseram exatamente &#8211; essa \u00e9 a quest\u00e3o. Ou no in\u00edcio de mar\u00e7o ou no dia 18.\u201d<\/p>\n<\/blockquote>\n<p>Em julho passado, Rafael Fiziev ampliou sua sequ\u00eancia de vit\u00f3rias no UFC para seis lutas com um nocaute no quinto round sobre Rafael dos Anjos, e Justin Gaethje fez uma tentativa frustrada de conquistar o cintur\u00e3o dos leves do UFC em maio, perdendo no primeiro round por mata-le\u00e3o para Carlos Oliveira.<\/p>\n<p>Uma luta dos leves estava supostamente em desenvolvimento para dezembro, no entanto, Gaethje se recusou a lutar contra Fiziev no UFC 282 em Las Vegas.<\/p>\n<\/p>\n<\/div>\n<p><!--post-tags--><\/p>\n<p>Fonte: https:\/\/fighttime.ru\/news\/item\/30458-rafael-fiziev-nazval-imya-sopernika-i-datu-boya.html?rand=19907<\/p>\n","protected":false},"excerpt":{"rendered":"<p>O oitavo n\u00famero do peso leve do UFC, Rafael Fiziev, far\u00e1 sua pr\u00f3xima luta em mar\u00e7o deste ano, e ter\u00e1 como advers\u00e1rio o ex-campe\u00e3o interino da divis\u00e3o Justin Gaethje. Segundo Ataman, a luta com o americano ser\u00e1 no dia 4 de mar\u00e7o, no UFC 285, em Las Vegas, ou no dia 18 de mar\u00e7o, no [&hellip;]<\/p>\n","protected":false},"author":1,"featured_media":332509,"comment_status":"","ping_status":"open","sticky":false,"template":"","format":"standard","meta":{"footnotes":""},"categories":[1170],"tags":[223,153],"_links":{"self":[{"href":"https:\/\/wmmaa.org\/pt-pt\/wp-json\/wp\/v2\/posts\/332528"}],"collection":[{"href":"https:\/\/wmmaa.org\/pt-pt\/wp-json\/wp\/v2\/posts"}],"about":[{"href":"https:\/\/wmmaa.org\/pt-pt\/wp-json\/wp\/v2\/types\/post"}],"author":[{"embeddable":true,"href":"https:\/\/wmmaa.org\/pt-pt\/wp-json\/wp\/v2\/users\/1"}],"replies":[{"embeddable":true,"href":"https:\/\/wmmaa.org\/pt-pt\/wp-json\/wp\/v2\/comments?post=332528"}],"version-history":[{"count":0,"href":"https:\/\/wmmaa.org\/pt-pt\/wp-json\/wp\/v2\/posts\/332528\/revisions"}],"wp:featuredmedia":[{"embeddable":true,"href":"https:\/\/wmmaa.org\/pt-pt\/wp-json\/wp\/v2\/media\/332509"}],"wp:attachment":[{"href":"https:\/\/wmmaa.org\/pt-pt\/wp-json\/wp\/v2\/media?parent=332528"}],"wp:term":[{"taxonomy":"category","embeddable":true,"href":"https:\/\/wmmaa.org\/pt-pt\/wp-json\/wp\/v2\/categories?post=332528"},{"taxonomy":"post_tag","embeddable":true,"href":"https:\/\/wmmaa.org\/pt-pt\/wp-json\/wp\/v2\/tags?post=332528"}],"curies":[{"name":"wp","href":"https:\/\/api.w.org\/{rel}","templated":true}]}}