{"id":330873,"date":"2023-01-05T15:46:22","date_gmt":"2023-01-05T13:46:22","guid":{"rendered":"https:\/\/wmmaa.org\/nao-e-justo-com-alvarez-hearn-finaliza-revanche-canelo-bivol-762kg\/"},"modified":"2023-01-05T15:46:22","modified_gmt":"2023-01-05T13:46:22","slug":"nao-e-justo-com-alvarez-hearn-finaliza-revanche-canelo-bivol-762kg","status":"publish","type":"post","link":"https:\/\/wmmaa.org\/pt-pt\/nao-e-justo-com-alvarez-hearn-finaliza-revanche-canelo-bivol-762kg\/","title":{"rendered":"&#8220;N\u00e3o \u00e9 justo com Alvarez.&#8221; Hearn finaliza revanche Canelo-Bivol 76,2kg"},"content":{"rendered":"<p><img decoding=\"async\" src=\"https:\/\/wmmaa.org\/wp-content\/uploads\/2023\/01\/d2cce07861b103a2b492aa80f03b68b3.jpg\" alt=\"\"><\/p>\n<div>\n<p> Ao que tudo indica, o mexicano Canelo Alvarez (58-2-2, 39 KOs) e sua equipe j\u00e1 decidiram que a segunda luta de 2023, provavelmente em meados de setembro, ser\u00e1 novamente contra o russo meio-pesado Dmitry Bivol (21- 0, 11 nocautes).\n<\/p>\n<p> Segundo o treinador\/empres\u00e1rio de boxe Eddie Reynoso, isso \u00e9 &#8220;muito desejado por Alvarez&#8221;, que antes disso provavelmente ir\u00e1 ao Reino Unido defender o t\u00edtulo de campe\u00e3o absoluto dos superm\u00e9dios (at\u00e9 76,2kg) contra o brit\u00e2nico John Ryder.\n<\/p>\n<\/p>\n<ul>\n<li>Endred criticou Alvarez por escolher seu pr\u00f3ximo advers\u00e1rio<\/li>\n<\/ul>\n<p> Ao mesmo tempo, ainda n\u00e3o est\u00e1 claro em que peso ser\u00e1 a revanche Canelo-Bivol: no supermeio ou no meio-pesado, como a primeira luta em maio do ano passado, que terminou inesperadamente com a vit\u00f3ria de Dmitry por pontos.\n<\/p>\n<p> O promotor brit\u00e2nico Eddie Hearn, que trabalha de perto com o mexicano, disse que o pr\u00f3prio Alvarez gostaria de tentar lutar novamente com Bivol nos meio-pesados, mas apenas se isso n\u00e3o amea\u00e7ar seu campeonato absoluto de 76,2kg.\n<\/p>\n<p> \u201cA discuss\u00e3o \u00e9 se a luta vai acontecer com 79,4kg ou 76,2kg\u201d, disse Hearn. Canelo n\u00e3o quer perder os t\u00edtulos at\u00e9 76,2kg, ent\u00e3o muito vai depender da posi\u00e7\u00e3o dos \u00f3rg\u00e3os sancionadores. Mas pelo que eu sei o Canelo quer lutar com 79,4kg. E Bivol, que se interessa por cintur\u00f5es e patrim\u00f4nio, deixou claro que pode cair para 76,2kg.\u201d\n<\/p>\n<p> Ao mesmo tempo, Eddie est\u00e1 claramente inclinado para uma vingan\u00e7a de 76,2 kg:\n<\/p>\n<p> \u201cEm rela\u00e7\u00e3o ao Alvarez, seria injusto subir novamente com 79,4kg, porque ele j\u00e1 fez isso antes. Ele mesmo n\u00e3o vai chamar de desonesto, mas se a luta acontecer com 76,2 kg, isso permitir\u00e1 que o Bivol se torne o campe\u00e3o indiscut\u00edvel dos superm\u00e9dios. Se Bivol vencer, ele poder\u00e1 voltar ao meio-pesado e lutar pelo absoluto com Beterbiev j\u00e1 l\u00e1. E se perder, ainda poder\u00e1 lutar contra Beterbiev pelo campeonato absoluto de 79,4kg. Esta \u00e9 uma oportunidade incr\u00edvel para Dimitri.\u201d\n<\/p>\n<p> No geral, Hearn acredita que Canelo corre um grande risco ao insistir em uma revanche contra o Bivol.\n<\/p>\n<\/p>\n<\/div>\n<p>Fonte: https:\/\/vringe.com\/news\/161661-nechestno-k-alvaresu-khirn-topit-za-revansh-kanelo-bivol.htm?rand=141343<\/p>\n","protected":false},"excerpt":{"rendered":"<p>Ao que tudo indica, o mexicano Canelo Alvarez (58-2-2, 39 KOs) e sua equipe j\u00e1 decidiram que a segunda luta de 2023, provavelmente em meados de setembro, ser\u00e1 novamente contra o russo meio-pesado Dmitry Bivol (21- 0, 11 nocautes). Segundo o treinador\/empres\u00e1rio de boxe Eddie Reynoso, isso \u00e9 &#8220;muito desejado por Alvarez&#8221;, que antes disso [&hellip;]<\/p>\n","protected":false},"author":1,"featured_media":330849,"comment_status":"","ping_status":"open","sticky":false,"template":"","format":"standard","meta":{"footnotes":""},"categories":[1170],"tags":[],"_links":{"self":[{"href":"https:\/\/wmmaa.org\/pt-pt\/wp-json\/wp\/v2\/posts\/330873"}],"collection":[{"href":"https:\/\/wmmaa.org\/pt-pt\/wp-json\/wp\/v2\/posts"}],"about":[{"href":"https:\/\/wmmaa.org\/pt-pt\/wp-json\/wp\/v2\/types\/post"}],"author":[{"embeddable":true,"href":"https:\/\/wmmaa.org\/pt-pt\/wp-json\/wp\/v2\/users\/1"}],"replies":[{"embeddable":true,"href":"https:\/\/wmmaa.org\/pt-pt\/wp-json\/wp\/v2\/comments?post=330873"}],"version-history":[{"count":0,"href":"https:\/\/wmmaa.org\/pt-pt\/wp-json\/wp\/v2\/posts\/330873\/revisions"}],"wp:featuredmedia":[{"embeddable":true,"href":"https:\/\/wmmaa.org\/pt-pt\/wp-json\/wp\/v2\/media\/330849"}],"wp:attachment":[{"href":"https:\/\/wmmaa.org\/pt-pt\/wp-json\/wp\/v2\/media?parent=330873"}],"wp:term":[{"taxonomy":"category","embeddable":true,"href":"https:\/\/wmmaa.org\/pt-pt\/wp-json\/wp\/v2\/categories?post=330873"},{"taxonomy":"post_tag","embeddable":true,"href":"https:\/\/wmmaa.org\/pt-pt\/wp-json\/wp\/v2\/tags?post=330873"}],"curies":[{"name":"wp","href":"https:\/\/api.w.org\/{rel}","templated":true}]}}