{"id":330375,"date":"2023-01-04T20:11:55","date_gmt":"2023-01-04T18:11:55","guid":{"rendered":"https:\/\/wmmaa.org\/endred-criticou-alvarez-por-escolher-seu-proximo-adversario\/"},"modified":"2023-01-04T20:11:55","modified_gmt":"2023-01-04T18:11:55","slug":"endred-criticou-alvarez-por-escolher-seu-proximo-adversario","status":"publish","type":"post","link":"https:\/\/wmmaa.org\/pt-pt\/endred-criticou-alvarez-por-escolher-seu-proximo-adversario\/","title":{"rendered":"Endred criticou Alvarez por escolher seu pr\u00f3ximo advers\u00e1rio"},"content":{"rendered":"<p><img decoding=\"async\" src=\"https:\/\/wmmaa.org\/wp-content\/uploads\/2023\/01\/14a5b9a61caf46b6d5a8575dc3808d66.jpg\" alt=\"\"><\/p>\n<div>\n<p> O ex-campe\u00e3o mundial dos m\u00e9dios, o americano Demetrius Andrade (31-0, 19 KOs) criticou a pr\u00f3xima luta do mexicano campe\u00e3o absoluto dos superm\u00e9dios (at\u00e9 76,2 kg) Canelo Alvarez (58-2-2, 39 KOs) contra o propriet\u00e1rio do t\u00edtulo WBO brit\u00e2nico &#8220;tempor\u00e1rio&#8221; John Ryder (31-5, 17 KOs), que, se a recupera\u00e7\u00e3o de Canelo da cirurgia na m\u00e3o ferida correr de acordo com as previs\u00f5es dos m\u00e9dicos, ocorrer\u00e1 no in\u00edcio de maio, presumivelmente no Reino Unido.\n<\/p>\n<p> Endred n\u00e3o tem nada contra Ryder, mas repreende Alvarez por escolher um advers\u00e1rio que passa.\n<\/p>\n<p> Observe que o pr\u00f3prio Andred poderia se tornar o campe\u00e3o WBO &#8220;interino&#8221; com 76,2 kg, mas no ano passado ele se recusou a lutar contra Zach Parker por causa de uma taxa insatisfat\u00f3ria para ele. Com isso, Ryder entrou no ringue contra Parker, venceu e se tornou o desafiante obrigat\u00f3rio de Canelo.\n<\/p>\n<p> \u201cMais merda, mano,\u201d Demetrius respondeu quando perguntado o que ele achava da luta Alvarez-Ryder. \u201cMerda, como \u00e9. Eu apenas chamo uma p\u00e1 de p\u00e1 e esta \u00e9 outra luta f\u00e1cil (para Alvarez). Outra raz\u00e3o para ele sair e vencer e dizer: \u201cEu luto o melhor\u201d. Sem desrespeito a Ryder, mas kamon, ele n\u00e3o \u00e9 o melhor.&#8221;\n<\/p>\n<p> O pr\u00f3prio Andred n\u00e3o entrou no ringue em 2022, e 2023 come\u00e7ar\u00e1 neste s\u00e1bado com uma luta contra o compatriota pouco conhecido Demond Nicholson no show Davis-Garcia.\n<\/p>\n<p>\n <i><span>Uma fonte: <\/span><\/i><br \/>\n <a rel=\"nofollow noopener\" target=\"_blank\" href=\"https:\/\/www.boxingscene.com\/\"><i><span>cena de boxe<\/span><\/i><\/a><\/p>\n<\/p>\n<\/div>\n<p>Fonte: https:\/\/vringe.com\/news\/161644-endred-raskritikoval-alvaresa-za-vybor-sleduyushchego-sopernika.htm?rand=141343<\/p>\n","protected":false},"excerpt":{"rendered":"<p>O ex-campe\u00e3o mundial dos m\u00e9dios, o americano Demetrius Andrade (31-0, 19 KOs) criticou a pr\u00f3xima luta do mexicano campe\u00e3o absoluto dos superm\u00e9dios (at\u00e9 76,2 kg) Canelo Alvarez (58-2-2, 39 KOs) contra o propriet\u00e1rio do t\u00edtulo WBO brit\u00e2nico &#8220;tempor\u00e1rio&#8221; John Ryder (31-5, 17 KOs), que, se a recupera\u00e7\u00e3o de Canelo da cirurgia na m\u00e3o ferida correr [&hellip;]<\/p>\n","protected":false},"author":1,"featured_media":330336,"comment_status":"","ping_status":"open","sticky":false,"template":"","format":"standard","meta":{"footnotes":""},"categories":[1170],"tags":[],"_links":{"self":[{"href":"https:\/\/wmmaa.org\/pt-pt\/wp-json\/wp\/v2\/posts\/330375"}],"collection":[{"href":"https:\/\/wmmaa.org\/pt-pt\/wp-json\/wp\/v2\/posts"}],"about":[{"href":"https:\/\/wmmaa.org\/pt-pt\/wp-json\/wp\/v2\/types\/post"}],"author":[{"embeddable":true,"href":"https:\/\/wmmaa.org\/pt-pt\/wp-json\/wp\/v2\/users\/1"}],"replies":[{"embeddable":true,"href":"https:\/\/wmmaa.org\/pt-pt\/wp-json\/wp\/v2\/comments?post=330375"}],"version-history":[{"count":0,"href":"https:\/\/wmmaa.org\/pt-pt\/wp-json\/wp\/v2\/posts\/330375\/revisions"}],"wp:featuredmedia":[{"embeddable":true,"href":"https:\/\/wmmaa.org\/pt-pt\/wp-json\/wp\/v2\/media\/330336"}],"wp:attachment":[{"href":"https:\/\/wmmaa.org\/pt-pt\/wp-json\/wp\/v2\/media?parent=330375"}],"wp:term":[{"taxonomy":"category","embeddable":true,"href":"https:\/\/wmmaa.org\/pt-pt\/wp-json\/wp\/v2\/categories?post=330375"},{"taxonomy":"post_tag","embeddable":true,"href":"https:\/\/wmmaa.org\/pt-pt\/wp-json\/wp\/v2\/tags?post=330375"}],"curies":[{"name":"wp","href":"https:\/\/api.w.org\/{rel}","templated":true}]}}