{"id":328873,"date":"2023-01-01T21:52:01","date_gmt":"2023-01-01T19:52:01","guid":{"rendered":"https:\/\/wmmaa.org\/damir-ismagulov-encerrou-sua-carreira-profissional\/"},"modified":"2023-01-01T21:52:01","modified_gmt":"2023-01-01T19:52:01","slug":"damir-ismagulov-encerrou-sua-carreira-profissional","status":"publish","type":"post","link":"https:\/\/wmmaa.org\/pt-pt\/damir-ismagulov-encerrou-sua-carreira-profissional\/","title":{"rendered":"Damir Ismagulov encerrou sua carreira profissional"},"content":{"rendered":"<div id=\"feat-img-reg\" class=\"relative\">\n <img decoding=\"async\" src=\"https:\/\/wmmaa.org\/wp-content\/uploads\/2023\/01\/0cf0e96405545a84c7245e9c5ca51221_XL.jpg\" alt=\"Damir Ismagulov encerrou sua carreira profissional\"><\/div>\n<p><!-- Item introtext --><\/p>\n<div class=\"itemIntroText\">\n<p>O ex-campe\u00e3o dos leves do M-1 Challenge, Damir Ismagulov, que ocupa a d\u00e9cima segunda coloca\u00e7\u00e3o no ranking dos leves do UFC, anunciou sua aposentadoria da carreira de lutador profissional.<\/p>\n<\/p>\n<\/div>\n<p><!--AdFox START--><\/p>\n<p><!--&#1055;&#1083;&#1086;&#1097;&#1072;&#1076;&#1082;&#1072;: FightTime.ru \/ * \/ *--><\/p>\n<p><!--&#1058;&#1080;&#1087; &#1073;&#1072;&#1085;&#1085;&#1077;&#1088;&#1072;: &#1044;&#1077;&#1089;&#1082;&#1090;&#1086;&#1087;\/&#1052;&#1086;&#1073;&#1080;&#1083;&#1100;&#1085;&#1099;&#1081; 728x90\/300x300--><\/p>\n<p><!--&#1056;&#1072;&#1089;&#1087;&#1086;&#1083;&#1086;&#1078;&#1077;&#1085;&#1080;&#1077;: &#1050;&#1086;&#1085;&#1090;&#1077;&#1085;&#1090; &#1087;&#1086;&#1089;&#1083;&#1077; &#1074;&#1089;&#1090;&#1091;&#1087;&#1083;&#1077;&#1085;&#1080;&#1103;--><\/p>\n<div id=\"adfox_167032076949914564\" class=\"yandex_rtb_wrapper\"><\/div>\n<p><!-- Item fulltext --><\/p>\n<div class=\"itemFullText\">\n<blockquote>\n<p>\u201cInfelizmente, devido \u00e0s circunst\u00e2ncias e problemas de sa\u00fade, sou for\u00e7ado a encerrar minha carreira esportiva\u201d, escreveu o lutador russo-cazaque de 31 anos na rede social. \u201cObrigado a todos aqueles que estiveram ao meu lado, independente do resultado nas batalhas, que sinceramente estavam doentes e preocupados. Foi uma viagem interessante, um momento que ficar\u00e1 na mem\u00f3ria. abra\u00e7ou a todos&#8221;<\/p>\n<\/blockquote>\n<p>Damir Ismagulov conquistou o cintur\u00e3o vago do campeonato dos leves do M-1 Challenge em maio de 2017 ao derrotar Maxim Divnich por nocaute t\u00e9cnico no quinto round, ap\u00f3s o qual fez tr\u00eas defesas bem-sucedidas de seu t\u00edtulo, vencendo por decis\u00f5es contra Rog\u00e9rio Concei\u00e7\u00e3o e Raul Tutarauli, e tamb\u00e9m venceu por nocaute t\u00e9cnico Artem Damkovsky.<\/p>\n<p>Assinando contrato com o UFC em 2018, Damir Ismagulov fez seis lutas pela bandeira da liga mais forte do mundo, somando cinco vit\u00f3rias e uma derrota. Seu \u00fanico rev\u00e9s foi contra Arman Tsarukyan, a quem perdeu por decis\u00e3o un\u00e2nime em 17 de dezembro no UFC Fight Night 216 em Las Vegas.<\/p>\n<p>Segundo as informa\u00e7\u00f5es dispon\u00edveis, a luta com Tsarukyan foi a \u00faltima de Ismagulov no atual contrato com o UFC.<\/p>\n<\/p>\n<\/div>\n<p><!--post-tags--><\/p>\n<p>Fonte: https:\/\/fighttime.ru\/news\/item\/30409-damir-ismagulov-zavershil-professionalnuyu-kareru.html?rand=19907<\/p>\n","protected":false},"excerpt":{"rendered":"<p>O ex-campe\u00e3o dos leves do M-1 Challenge, Damir Ismagulov, que ocupa a d\u00e9cima segunda coloca\u00e7\u00e3o no ranking dos leves do UFC, anunciou sua aposentadoria da carreira de lutador profissional. \u201cInfelizmente, devido \u00e0s circunst\u00e2ncias e problemas de sa\u00fade, sou for\u00e7ado a encerrar minha carreira esportiva\u201d, escreveu o lutador russo-cazaque de 31 anos na rede social. \u201cObrigado [&hellip;]<\/p>\n","protected":false},"author":1,"featured_media":328861,"comment_status":"","ping_status":"open","sticky":false,"template":"","format":"standard","meta":{"footnotes":""},"categories":[1170],"tags":[2259],"_links":{"self":[{"href":"https:\/\/wmmaa.org\/pt-pt\/wp-json\/wp\/v2\/posts\/328873"}],"collection":[{"href":"https:\/\/wmmaa.org\/pt-pt\/wp-json\/wp\/v2\/posts"}],"about":[{"href":"https:\/\/wmmaa.org\/pt-pt\/wp-json\/wp\/v2\/types\/post"}],"author":[{"embeddable":true,"href":"https:\/\/wmmaa.org\/pt-pt\/wp-json\/wp\/v2\/users\/1"}],"replies":[{"embeddable":true,"href":"https:\/\/wmmaa.org\/pt-pt\/wp-json\/wp\/v2\/comments?post=328873"}],"version-history":[{"count":0,"href":"https:\/\/wmmaa.org\/pt-pt\/wp-json\/wp\/v2\/posts\/328873\/revisions"}],"wp:featuredmedia":[{"embeddable":true,"href":"https:\/\/wmmaa.org\/pt-pt\/wp-json\/wp\/v2\/media\/328861"}],"wp:attachment":[{"href":"https:\/\/wmmaa.org\/pt-pt\/wp-json\/wp\/v2\/media?parent=328873"}],"wp:term":[{"taxonomy":"category","embeddable":true,"href":"https:\/\/wmmaa.org\/pt-pt\/wp-json\/wp\/v2\/categories?post=328873"},{"taxonomy":"post_tag","embeddable":true,"href":"https:\/\/wmmaa.org\/pt-pt\/wp-json\/wp\/v2\/tags?post=328873"}],"curies":[{"name":"wp","href":"https:\/\/api.w.org\/{rel}","templated":true}]}}