{"id":328859,"date":"2023-01-01T21:09:52","date_gmt":"2023-01-01T19:09:52","guid":{"rendered":"https:\/\/wmmaa.org\/damir-ismagulov-veterano-do-ufc-parece-estar-anunciando-sua-aposentadoria\/"},"modified":"2023-01-01T21:09:52","modified_gmt":"2023-01-01T19:09:52","slug":"damir-ismagulov-veterano-do-ufc-parece-estar-anunciando-sua-aposentadoria","status":"publish","type":"post","link":"https:\/\/wmmaa.org\/pt-pt\/damir-ismagulov-veterano-do-ufc-parece-estar-anunciando-sua-aposentadoria\/","title":{"rendered":"Damir Ismagulov, veterano do UFC, parece estar anunciando sua aposentadoria"},"content":{"rendered":"<p>Damir Ismagulov, o 15\u00ba peso leve no ranking global do MMA Fighting, apareceu para anunciar sua aposentadoria no domingo. <\/p>\n<p>De acordo com o Google Tradutor, Ismagulov postou uma mensagem no Instagram citando problemas de sa\u00fade como o motivo pelo qual decidiu abandonar a carreira esportiva. Os representantes do lutador russo de 31 anos n\u00e3o sabiam da mensagem de Ismagulov de antem\u00e3o e tentavam confirmar a not\u00edcia quando foram contatados pelo MMA Fighting. <\/p>\n<p>O an\u00fancio de Ismagulov chega menos de um m\u00eas depois de sofrer a primeira derrota da carreira no UFC, derrota por decis\u00e3o un\u00e2nime contra Arman Tsarukyan no UFC Vegas 66. Antes disso, ele venceu cinco vit\u00f3rias consecutivas no oct\u00f3gono e subiu para o top-15, ocupando a 12\u00aa posi\u00e7\u00e3o no ranking da promo\u00e7\u00e3o. Junto com suas vit\u00f3rias no UFC, sua sequ\u00eancia de vit\u00f3rias foi de 19 lutas consecutivas antes de seu rev\u00e9s em dezembro. <\/p>\n<p>&#8220;Infelizmente, devido \u00e0s circunst\u00e2ncias e problemas de sa\u00fade, tenho que encerrar minha carreira esportiva&#8221;, escreveu Ismagulov no Instagram (via tradutor do Google). Sou grato a todos que estiveram ao meu lado, independentemente do resultado das lutas, e que realmente se machucaram e se preocuparam. Esta foi uma jornada incr\u00edvel. Abra\u00e7o a todos.&#8221;<\/p>\n<div>\n<blockquote class=\"instagram-media\" data-instgrm-captioned=\"\" data-instgrm-permalink=\"https:\/\/www.instagram.com\/p\/Cm4W-tKtShN\/?utm_source=ig_embed&amp;utm_campaign=loading\" data-instgrm-version=\"14\" style=\"background:#FFF;border:0;border-radius:3px;margin: 1px;max-width:658px;min-width:326px;padding:0;width:99.375%;width:-webkit-calc(100% - 2px);width:calc(100% - 2px)\">\n<div style=\"padding:16px\"> <a rel=\"nofollow noopener\" target=\"_blank\" href=\"https:\/\/www.instagram.com\/p\/Cm4W-tKtShN\/?utm_source=ig_embed&amp;utm_campaign=loading\" style=\"background:#FFFFFF;line-height:0;padding:0 0;text-align:center;text-decoration:none;width:100%\"> <\/p>\n<div style=\"flex-direction: row;align-items: center\">\n<div style=\"background-color: #F4F4F4;border-radius: 50%;flex-grow: 0;height: 40px;margin-right: 14px;width: 40px\"><\/div>\n<div style=\"flex-direction: column;flex-grow: 1;justify-content: center\">\n<div style=\"background-color: #F4F4F4;border-radius: 4px;flex-grow: 0;height: 14px;margin-bottom: 6px;width: 100px\"><\/div>\n<div style=\"background-color: #F4F4F4;border-radius: 4px;flex-grow: 0;height: 14px;width: 60px\"><\/div>\n<\/div>\n<\/div>\n<div style=\"padding: 19% 0\"><\/div>\n<div style=\"height:50px;margin:0 auto 12px;width:50px\"><\/div>\n<div style=\"padding-top: 8px\">\n<div style=\"color:#3897f0;font-family:Arial,sans-serif;font-size:14px;font-style:normal;font-weight:550;line-height:18px\">Veja esta postagem no Instagram<\/div>\n<\/div>\n<div style=\"padding: 12.5% 0\"><\/div>\n<div style=\"flex-direction: row;margin-bottom: 14px;align-items: center\">\n<div>\n<div style=\"background-color: #F4F4F4;border-radius: 50%;height: 12.5px;width: 12.5px\"><\/div>\n<div style=\"background-color: #F4F4F4;height: 12.5px;width: 12.5px;flex-grow: 0;margin-right: 14px;margin-left: 2px\"><\/div>\n<div style=\"background-color: #F4F4F4;border-radius: 50%;height: 12.5px;width: 12.5px\"><\/div>\n<\/div>\n<div style=\"margin-left: 8px\">\n<div style=\"background-color: #F4F4F4;border-radius: 50%;flex-grow: 0;height: 20px;width: 20px\"><\/div>\n<div style=\"width: 0;height: 0;border-top: 2px solid transparent;border-left: 6px solid #f4f4f4;border-bottom: 2px solid transparent\"><\/div>\n<\/div>\n<div style=\"margin-left: auto\">\n<div style=\"width: 0px;border-top: 8px solid #F4F4F4;border-right: 8px solid transparent\"><\/div>\n<div style=\"background-color: #F4F4F4;flex-grow: 0;height: 12px;width: 16px\"><\/div>\n<div style=\"width: 0;height: 0;border-top: 8px solid #F4F4F4;border-left: 8px solid transparent\"><\/div>\n<\/div>\n<\/div>\n<div style=\"flex-direction: column;flex-grow: 1;justify-content: center;margin-bottom: 24px\">\n<div style=\"background-color: #F4F4F4;border-radius: 4px;flex-grow: 0;height: 14px;margin-bottom: 6px;width: 224px\"><\/div>\n<div style=\"background-color: #F4F4F4;border-radius: 4px;flex-grow: 0;height: 14px;width: 144px\"><\/div>\n<\/div>\n<p><\/a><\/p>\n<p style=\"color:#c9c8cd;font-family:Arial,sans-serif;font-size:14px;line-height:17px;margin-bottom:0;margin-top:8px;overflow:hidden;padding:8px 0 7px;text-align:center\"><a rel=\"nofollow noopener\" target=\"_blank\" href=\"https:\/\/www.instagram.com\/p\/Cm4W-tKtShN\/?utm_source=ig_embed&amp;utm_campaign=loading\" style=\"color:#c9c8cd;font-family:Arial,sans-serif;font-size:14px;font-style:normal;font-weight:normal;line-height:17px;text-decoration:none\">Uma postagem compartilhada por Damir &#8220;Qazaq&#8221; Ismagulov (@ismagulov_damir)<\/a><\/p>\n<\/div>\n<\/blockquote>\n<\/div>\n<p>O recorde profissional de Ismagulov no MMA \u00e9 de 24-2. Conquistou t\u00edtulos pela bandeira Alash e M-1 e assinou com o UFC em 2018. Tamb\u00e9m destaca a vit\u00f3ria contra Thiago Moises, l\u00edder da categoria. <\/p>\n<p><em>Damon Martin, do MMA Fighting, contribuiu para este relat\u00f3rio. <\/em><\/p>\n<p><p>Fonte: https:\/\/www.mmafighting.com\/2023\/1\/1\/23534488\/ranked-ufc-vet-damir-ismagulov-appears-to-announce-retirement?rand=96749<\/p>\n","protected":false},"excerpt":{"rendered":"<p>Damir Ismagulov, o 15\u00ba peso leve no ranking global do MMA Fighting, apareceu para anunciar sua aposentadoria no domingo. De acordo com o Google Tradutor, Ismagulov postou uma mensagem no Instagram citando problemas de sa\u00fade como o motivo pelo qual decidiu abandonar a carreira esportiva. Os representantes do lutador russo de 31 anos n\u00e3o sabiam [&hellip;]<\/p>\n","protected":false},"author":1,"featured_media":328840,"comment_status":"","ping_status":"open","sticky":false,"template":"","format":"standard","meta":{"footnotes":""},"categories":[1170],"tags":[],"_links":{"self":[{"href":"https:\/\/wmmaa.org\/pt-pt\/wp-json\/wp\/v2\/posts\/328859"}],"collection":[{"href":"https:\/\/wmmaa.org\/pt-pt\/wp-json\/wp\/v2\/posts"}],"about":[{"href":"https:\/\/wmmaa.org\/pt-pt\/wp-json\/wp\/v2\/types\/post"}],"author":[{"embeddable":true,"href":"https:\/\/wmmaa.org\/pt-pt\/wp-json\/wp\/v2\/users\/1"}],"replies":[{"embeddable":true,"href":"https:\/\/wmmaa.org\/pt-pt\/wp-json\/wp\/v2\/comments?post=328859"}],"version-history":[{"count":0,"href":"https:\/\/wmmaa.org\/pt-pt\/wp-json\/wp\/v2\/posts\/328859\/revisions"}],"wp:featuredmedia":[{"embeddable":true,"href":"https:\/\/wmmaa.org\/pt-pt\/wp-json\/wp\/v2\/media\/328840"}],"wp:attachment":[{"href":"https:\/\/wmmaa.org\/pt-pt\/wp-json\/wp\/v2\/media?parent=328859"}],"wp:term":[{"taxonomy":"category","embeddable":true,"href":"https:\/\/wmmaa.org\/pt-pt\/wp-json\/wp\/v2\/categories?post=328859"},{"taxonomy":"post_tag","embeddable":true,"href":"https:\/\/wmmaa.org\/pt-pt\/wp-json\/wp\/v2\/tags?post=328859"}],"curies":[{"name":"wp","href":"https:\/\/api.w.org\/{rel}","templated":true}]}}