{"id":324983,"date":"2022-12-25T18:33:12","date_gmt":"2022-12-25T16:33:12","guid":{"rendered":"https:\/\/wmmaa.org\/alerta-pri-mae-de-vitor-belfort-transformou-tragedia-pessoal-em-missao-salvadora\/"},"modified":"2022-12-25T18:33:12","modified_gmt":"2022-12-25T16:33:12","slug":"alerta-pri-mae-de-vitor-belfort-transformou-tragedia-pessoal-em-missao-salvadora","status":"publish","type":"post","link":"https:\/\/wmmaa.org\/pt-pt\/alerta-pri-mae-de-vitor-belfort-transformou-tragedia-pessoal-em-missao-salvadora\/","title":{"rendered":"&#8216;Alerta Pri&#8217;: m\u00e3e de Vitor Belfort transformou trag\u00e9dia pessoal em miss\u00e3o salvadora"},"content":{"rendered":"<p>Vitor Belfort usava uma camiseta onde se lia &#8220;Volte, Priscila&#8221; quando conquistou o cintur\u00e3o meio-pesado do UFC em 2004, tr\u00eas semanas ap\u00f3s o desaparecimento da irm\u00e3 no Rio de Janeiro. Quase 19 anos depois, ainda n\u00e3o h\u00e1 corpo encontrado ou resposta definitiva sobre o caso, mas a m\u00e3e de Belfort encontrou uma maneira de transformar a trag\u00e9dia em prop\u00f3sito. <\/p>\n<p>Inspirada pelo Amber Alert dos Estados Unidos &#8211; um sistema criado para divulgar \u00e0 sociedade sobre crian\u00e7as sequestradas por meio de mensagens de texto SMS &#8211; Jovita Belfort come\u00e7ou uma campanha para um programa semelhante em sua cidade natal, o Rio de Janeiro, em 2019, tentando ajudar outras fam\u00edlias em sua busca para encontrar crian\u00e7as e adolescentes desaparecidos. <\/p>\n<p>Jovita Belfort foi convidada para falar na Assembleia Legislativa do Rio de Janeiro, mas demorou anos para que isso se tornasse realidade. Depois que foi transformada em lei estadual em 2021 com o nome de &#8220;Alerta Pri&#8221;, uma homenagem \u00e0 filha desaparecida, ela pensou que as coisas finalmente estavam indo na dire\u00e7\u00e3o certa. <\/p>\n<div class=\"c-float-right\">\n<figure class=\"e-image\"><span class=\"e-image__inner\"><\/p>\n<p> <span class=\"e-image__image \" data-original=\"https:\/\/cdn.vox-cdn.com\/uploads\/chorus_asset\/file\/24308711\/Captura_de_Tela_2022_12_21__s_14.35.22.png\"><\/p>\n<p><img decoding=\"async\" alt=\"\" data-upload-width=\"990\" src=\"https:\/\/wmmaa.org\/wp-content\/uploads\/2022\/12\/Captura_de_Tela_2022_12_21__s_14.35.22.png\"><\/span><\/p>\n<p> <\/span><\/p>\n<p> <span class=\"e-image__meta\"><\/p>\n<p> <cite>Foto via Jovita Belfort<\/cite><\/p>\n<p> <\/span><\/p>\n<\/figure>\n<\/div>\n<p>\u201cAinda vivo uma dor di\u00e1ria, uma dor di\u00e1ria\u201d, disse Jovita Belfort ao MMA Fighting. &#8220;Para mim, a melhor maneira de lidar com isso era transformar minha dor em luta para que outras pessoas n\u00e3o passassem pelo que eu passei. Nada foi como quando Priscila desapareceu. Nada. Era como se eu estivesse preso em um v\u00e1cuo. Eu estava caindo em uma toca de coelho, um t\u00fanel.&#8221;<\/p>\n<p>.<\/p>\n<p>Jovita Belfort procurou ajuda em uma ONG (organiza\u00e7\u00e3o n\u00e3o governamental) em S\u00e3o Paulo ap\u00f3s seu desaparecimento em 2004, entidade especializada em ajudar pessoas a lidar com a dor de ter parentes desaparecidos, e percebeu que a pol\u00edcia precisava de um \u00f3rg\u00e3o oficial especializado em lidar com essas situa\u00e7\u00f5es. <\/p>\n<p>De acordo com <a rel=\"nofollow noopener\" target=\"_blank\" href=\"https:\/\/g1.globo.com\/rj\/rio-de-janeiro\/noticia\/2022\/05\/26\/com-apenas-uma-delegacia-especializada-rj-registra-mais-de-50-mil-desaparecidos-em-10-anos.ghtml\">dados fornecidos pelo governo do Rio de Janeiro<\/a>, 51.819 pessoas desapareceram no estado na \u00faltima d\u00e9cada. O &#8220;Alerta Pri&#8221; funcionou apenas tr\u00eas meses em 2021, disparando SMS sobre o desaparecimento de 30 crian\u00e7as e, segundo Belfort, 27 foram encontradas. O sistema ainda foi desligado depois que as companhias telef\u00f4nicas exigiram que o governo pagasse para enviar as mensagens ao povo. <\/p>\n<p>\u201cPoucas pessoas no Brasil prestam aten\u00e7\u00e3o em pessoas desaparecidas, ent\u00e3o tivemos que conquistar cora\u00e7\u00f5es e mentes\u201d, disse Belfort, que trabalha para o governo hoje como parte do escrit\u00f3rio de Desenvolvimento Social e Direitos Humanos do Rio de Janeiro desde 2019. A coisa mais decepcionante sobre tudo isso foi o fato de que as empresas de telefonia decidiram sair ap\u00f3s seu sucesso. Estamos indignados. Foi um sucesso e agora est\u00e1 suspenso? Que n\u00famero de crian\u00e7as poderia ser encontrado desde ent\u00e3o? Quais s\u00e3o os efeitos de ?&#8221;<\/p>\n<p> nas fam\u00edlias?<\/p>\n<p>Belfort disse que o escrit\u00f3rio est\u00e1 lutando contra as empresas de telefonia no tribunal para que o sistema seja restabelecido e lamenta que tal ferramenta possa ter ajudado a encontrar sua filha em 2004. <\/p>\n<p>&#8220;Voc\u00ea n\u00e3o tinha tantas c\u00e2meras por perto, n\u00e3o tinha Facebook ou Instagram ou nada disso&#8221;, disse ela. &#8220;O alerta \u00e9 muito mais r\u00e1pido. Quanto mais r\u00e1pido voc\u00ea liberar uma foto, melhores ser\u00e3o suas chances de encontr\u00e1-la.&#8221;<\/p>\n<p><strong>O caso Priscila Belfort<\/strong><\/p>\n<div class=\"c-float-right\">\n<figure class=\"e-image\"><span class=\"e-image__inner\"><\/p>\n<p> <span class=\"e-image__image \" data-original=\"https:\/\/cdn.vox-cdn.com\/uploads\/chorus_asset\/file\/24308717\/108123104.jpg\"><\/p>\n<p><img decoding=\"async\" alt=\"UFC 46: Belfort x Couture\" data-upload-width=\"1929\" src=\"https:\/\/wmmaa.org\/wp-content\/uploads\/2022\/12\/108123104.jpg\"><\/span><\/p>\n<p> <\/span><\/p>\n<p> <span class=\"e-image__meta\"><figcaption>Vitor Belfort<\/figcaption><cite>Foto de Josh Hedges, Zuffa LLC, Getty Images<\/cite><\/p>\n<p> <\/span><\/p>\n<\/figure>\n<\/div>\n<p>Priscila Belfort foi vista pela \u00faltima vez em 9 de janeiro de 2004, ap\u00f3s sair do trabalho para almo\u00e7ar. Uma nota de resgate nunca foi enviada para a fam\u00edlia. Tr\u00eas anos depois, <a rel=\"nofollow noopener\" target=\"_blank\" href=\"https:\/\/www.otempo.com.br\/brasil\/mulher-admite-morte-de-priscila-belfort-1.277091\">uma mulher disse<\/a> ela foi uma das 10 pessoas que sequestraram e assassinaram Priscila por causa de uma d\u00edvida, mas nenhum corpo foi encontrado. <\/p>\n<p>Vitor Belfort, contratado pelo UFC na \u00e9poca, estava escalado para desafiar Randy Couture pelo campeonato at\u00e9 205 libras em Las Vegas no dia 31 de janeiro, e venceu por nocaute t\u00e9cnico no primeiro round. O Phenom estava obviamente emocionado durante e ap\u00f3s a luta, vestindo uma camisa na qual implorava \u00e0 irm\u00e3 pelo retorno dela. <\/p>\n<p>&#8220;Foi muito dif\u00edcil assistir porque ele sofreu muito&#8221;, disse Jovita Belfort. Ele tamb\u00e9m come\u00e7ou a se sentir deprimido. Mas [his wife] Joana ajudou-o a manter o \u00e2nimo. Ele ficava me pedindo para dizer a ele que era para homenagear sua irm\u00e3 e divulgar o nome dela. <\/p>\n<p>&#8220;Mas ainda d\u00f3i a ele, \u00e0 Joana, aos filhos e \u00e0 minha irm\u00e3. N\u00e3o \u00e9 f\u00e1cil saber se o seu ente querido est\u00e1 bem, se est\u00e1 a comer bem, a ser bem tratado, ou se j\u00e1 morreu. S\u00f3 quem j\u00e1 passou algo semelhante pode entender como \u00e9. Tantas perguntas. \u00c9 por isso que me levanto todas as manh\u00e3s para fazer a minha parte na defesa desta causa. Esta \u00e9 a minha forma de estar perto dela e de honrar o seu nome, n\u00e3o apenas de sofrer. Vitor, meus netos, minha nora, eles me d\u00e3o essa for\u00e7a.&#8221;<\/p>\n<p>Fonte: https:\/\/www.mmafighting.com\/2022\/12\/25\/23521029\/alerta-pri-vitor-belfort-mother-turned-personal-tragedy-lifesaving-mission-ufc?rand=96749<\/p>\n","protected":false},"excerpt":{"rendered":"<p>Vitor Belfort usava uma camiseta onde se lia &#8220;Volte, Priscila&#8221; quando conquistou o cintur\u00e3o meio-pesado do UFC em 2004, tr\u00eas semanas ap\u00f3s o desaparecimento da irm\u00e3 no Rio de Janeiro. Quase 19 anos depois, ainda n\u00e3o h\u00e1 corpo encontrado ou resposta definitiva sobre o caso, mas a m\u00e3e de Belfort encontrou uma maneira de transformar [&hellip;]<\/p>\n","protected":false},"author":1,"featured_media":324973,"comment_status":"","ping_status":"open","sticky":false,"template":"","format":"standard","meta":{"footnotes":""},"categories":[1170],"tags":[],"_links":{"self":[{"href":"https:\/\/wmmaa.org\/pt-pt\/wp-json\/wp\/v2\/posts\/324983"}],"collection":[{"href":"https:\/\/wmmaa.org\/pt-pt\/wp-json\/wp\/v2\/posts"}],"about":[{"href":"https:\/\/wmmaa.org\/pt-pt\/wp-json\/wp\/v2\/types\/post"}],"author":[{"embeddable":true,"href":"https:\/\/wmmaa.org\/pt-pt\/wp-json\/wp\/v2\/users\/1"}],"replies":[{"embeddable":true,"href":"https:\/\/wmmaa.org\/pt-pt\/wp-json\/wp\/v2\/comments?post=324983"}],"version-history":[{"count":0,"href":"https:\/\/wmmaa.org\/pt-pt\/wp-json\/wp\/v2\/posts\/324983\/revisions"}],"wp:featuredmedia":[{"embeddable":true,"href":"https:\/\/wmmaa.org\/pt-pt\/wp-json\/wp\/v2\/media\/324973"}],"wp:attachment":[{"href":"https:\/\/wmmaa.org\/pt-pt\/wp-json\/wp\/v2\/media?parent=324983"}],"wp:term":[{"taxonomy":"category","embeddable":true,"href":"https:\/\/wmmaa.org\/pt-pt\/wp-json\/wp\/v2\/categories?post=324983"},{"taxonomy":"post_tag","embeddable":true,"href":"https:\/\/wmmaa.org\/pt-pt\/wp-json\/wp\/v2\/tags?post=324983"}],"curies":[{"name":"wp","href":"https:\/\/api.w.org\/{rel}","templated":true}]}}