{"id":324590,"date":"2022-12-24T23:19:57","date_gmt":"2022-12-24T21:19:57","guid":{"rendered":"https:\/\/wmmaa.org\/charlo-sem-nariz-vermelho-de-jeito-nenhum-o-treinador-americano-esta-convencido\/"},"modified":"2022-12-24T23:19:57","modified_gmt":"2022-12-24T21:19:57","slug":"charlo-sem-nariz-vermelho-de-jeito-nenhum-o-treinador-americano-esta-convencido","status":"publish","type":"post","link":"https:\/\/wmmaa.org\/pt-pt\/charlo-sem-nariz-vermelho-de-jeito-nenhum-o-treinador-americano-esta-convencido\/","title":{"rendered":"Charlo sem nariz vermelho &#8211; de jeito nenhum, o treinador americano est\u00e1 convencido"},"content":{"rendered":"<p><img decoding=\"async\" src=\"https:\/\/wmmaa.org\/wp-content\/uploads\/2022\/12\/d775f83d7f9f0e5512b6d88180bc2b07.jpg\" alt=\"\"><\/p>\n<div>\n<p> O campe\u00e3o mundial dos m\u00e9dios do WBC (at\u00e9 72,6 kg) Jermall Charlo (32-0, 22 KOs), que recusou uma defesa volunt\u00e1ria contra Maciej Sulecki devido a uma les\u00e3o nas costas, espera voltar aos ringues no primeiro trimestre de 2023. Mas o americano n\u00e3o se importa e faz campanha publicit\u00e1ria para chamar a aten\u00e7\u00e3o para o retorno.<\/p>\n<p>Ele diz que quer uma luta com o campe\u00e3o dos meio-pesados \u200b\u200b\u200b\u200bda WBA, Dmitry Bivol.<\/p>\n<p> O pai treinador dos irm\u00e3os Benavidez, Jos\u00e9 Benavidez Sr., revira os olhos com isso.<\/p>\n<p> Primeiro, ele n\u00e3o acha o hist\u00f3rico de a-Charlo impressionante. Ele diz que n\u00e3o vai dominar os tops nem com 76,2kg, n\u00e3o como com 79,4kg, e pensar em passar para o meio-pesado para ele \u00e9 coisa de b\u00eabado.<\/p>\n<p><b>Tszyu ainda n\u00e3o venceu e-Charlo, mas j\u00e1 encara a-Charlo<\/b><\/p>\n<p> &#8220;Ele n\u00e3o pode nem vencer algu\u00e9m [\u0441\u0442\u043e\u044f\u0449\u0435\u0433\u043e] a 168 libras. O que te faz pensar que ele \u00e9 capaz de vencer algu\u00e9m com 175? N\u00e3o sei em que ele est\u00e1 sentado \u201d, disse o pai Jos\u00e9.<\/p>\n<p><img loading=\"lazy\" decoding=\"async\" width=\"650\" alt=\"Screenshot_2.jpg\" src=\"https:\/\/wmmaa.org\/wp-content\/uploads\/2022\/12\/a9949772f180d4d90a5030c003b49083.jpg\" height=\"582\"><\/p>\n<p> \u201cA \u00fanica coisa que ele precisa \u00e9 de um fodido nariz vermelho\u201d, disse Benavidez ao Second to Fighthub TV. &#8211; Ele \u00e9 um palha\u00e7o do caralho que t\u00e1 em volta da bola** bate. Huh, sozinho, ele se juntou a algum circo itinerante ou algo assim.&#8221;<\/p>\n<p> Curiosamente, Mungia deu sinal verde para a luta com Alimkhanuly?<\/p>\n<p><b><\/p>\n","protected":false},"excerpt":{"rendered":"<p>O campe\u00e3o mundial dos m\u00e9dios do WBC (at\u00e9 72,6 kg) Jermall Charlo (32-0, 22 KOs), que recusou uma defesa volunt\u00e1ria contra Maciej Sulecki devido a uma les\u00e3o nas costas, espera voltar aos ringues no primeiro trimestre de 2023. Mas o americano n\u00e3o se importa e faz campanha publicit\u00e1ria para chamar a aten\u00e7\u00e3o para o retorno. [&hellip;]<\/p>\n","protected":false},"author":1,"featured_media":324575,"comment_status":"","ping_status":"open","sticky":false,"template":"","format":"standard","meta":{"footnotes":""},"categories":[1170],"tags":[],"_links":{"self":[{"href":"https:\/\/wmmaa.org\/pt-pt\/wp-json\/wp\/v2\/posts\/324590"}],"collection":[{"href":"https:\/\/wmmaa.org\/pt-pt\/wp-json\/wp\/v2\/posts"}],"about":[{"href":"https:\/\/wmmaa.org\/pt-pt\/wp-json\/wp\/v2\/types\/post"}],"author":[{"embeddable":true,"href":"https:\/\/wmmaa.org\/pt-pt\/wp-json\/wp\/v2\/users\/1"}],"replies":[{"embeddable":true,"href":"https:\/\/wmmaa.org\/pt-pt\/wp-json\/wp\/v2\/comments?post=324590"}],"version-history":[{"count":0,"href":"https:\/\/wmmaa.org\/pt-pt\/wp-json\/wp\/v2\/posts\/324590\/revisions"}],"wp:featuredmedia":[{"embeddable":true,"href":"https:\/\/wmmaa.org\/pt-pt\/wp-json\/wp\/v2\/media\/324575"}],"wp:attachment":[{"href":"https:\/\/wmmaa.org\/pt-pt\/wp-json\/wp\/v2\/media?parent=324590"}],"wp:term":[{"taxonomy":"category","embeddable":true,"href":"https:\/\/wmmaa.org\/pt-pt\/wp-json\/wp\/v2\/categories?post=324590"},{"taxonomy":"post_tag","embeddable":true,"href":"https:\/\/wmmaa.org\/pt-pt\/wp-json\/wp\/v2\/tags?post=324590"}],"curies":[{"name":"wp","href":"https:\/\/api.w.org\/{rel}","templated":true}]}}