{"id":323403,"date":"2022-12-23T01:47:55","date_gmt":"2022-12-22T23:47:55","guid":{"rendered":"https:\/\/wmmaa.org\/kai-kara-france-diz-que-esta-fora-do-ufc-284-na-australia-devido-a-lesao\/"},"modified":"2022-12-23T01:47:55","modified_gmt":"2022-12-22T23:47:55","slug":"kai-kara-france-diz-que-esta-fora-do-ufc-284-na-australia-devido-a-lesao","status":"publish","type":"post","link":"https:\/\/wmmaa.org\/pt-pt\/kai-kara-france-diz-que-esta-fora-do-ufc-284-na-australia-devido-a-lesao\/","title":{"rendered":"Kai Kara-France diz que est\u00e1 fora do UFC 284 na Austr\u00e1lia devido a les\u00e3o"},"content":{"rendered":"<p>Afinal, Kai Kara-France n\u00e3o ter\u00e1 a chance de lutar em casa. <\/p>\n<p>O ex-desafiante ao t\u00edtulo interino dos moscas revelou na quinta-feira que n\u00e3o poder\u00e1 competir no UFC 284 em Perth, Austr\u00e1lia, devido a uma les\u00e3o que o obrigou a desistir de sua luta agendada contra Alex Perez em 11 de fevereiro. <\/p>\n<p>&#8220;Infelizmente devido a uma les\u00e3o, tive que desistir da minha pr\u00f3xima luta em Perth&#8221;, escreveu Kara-France em <a rel=\"nofollow noopener\" target=\"_blank\" href=\"https:\/\/www.instagram.com\/p\/CmfH60ShaHt\/\">Instagram<\/a>. &#8220;Estou arrasado por n\u00e3o poder lutar na frente de todos na Austr\u00e1lia. <\/p>\n<p>&#8220;Para todos que me apoiam, sinto muito. Isso foi frustrante, mas sei que estou tomando a decis\u00e3o certa. Espero que eu e Alex Perez possamos voltar no pr\u00f3ximo ano. Tenha um feriado seguro. Vejo voc\u00ea de volta no Oct\u00f3gono 2023. Muito amor a todos!&#8221;<\/p>\n<div>\n<blockquote class=\"instagram-media\" data-instgrm-captioned=\"\" data-instgrm-permalink=\"https:\/\/www.instagram.com\/p\/CmfH60ShaHt\/?utm_source=ig_embed&amp;utm_campaign=loading\" data-instgrm-version=\"14\" style=\"background:#FFF;border:0;border-radius:3px;margin: 1px;max-width:658px;min-width:326px;padding:0;width:99.375%;width:-webkit-calc(100% - 2px);width:calc(100% - 2px)\">\n<div style=\"padding:16px\"> <a rel=\"nofollow noopener\" target=\"_blank\" href=\"https:\/\/www.instagram.com\/p\/CmfH60ShaHt\/?utm_source=ig_embed&amp;utm_campaign=loading\" style=\"background:#FFFFFF;line-height:0;padding:0 0;text-align:center;text-decoration:none;width:100%\"> <\/p>\n<div style=\"flex-direction: row;align-items: center\">\n<div style=\"background-color: #F4F4F4;border-radius: 50%;flex-grow: 0;height: 40px;margin-right: 14px;width: 40px\"><\/div>\n<div style=\"flex-direction: column;flex-grow: 1;justify-content: center\">\n<div style=\"background-color: #F4F4F4;border-radius: 4px;flex-grow: 0;height: 14px;margin-bottom: 6px;width: 100px\"><\/div>\n<div style=\"background-color: #F4F4F4;border-radius: 4px;flex-grow: 0;height: 14px;width: 60px\"><\/div>\n<\/div>\n<\/div>\n<div style=\"padding: 19% 0\"><\/div>\n<div style=\"height:50px;margin:0 auto 12px;width:50px\"><\/div>\n<div style=\"padding-top: 8px\">\n<div style=\"color:#3897f0;font-family:Arial,sans-serif;font-size:14px;font-style:normal;font-weight:550;line-height:18px\">Veja esta postagem no Instagram<\/div>\n<\/div>\n<div style=\"padding: 12.5% 0\"><\/div>\n<div style=\"flex-direction: row;margin-bottom: 14px;align-items: center\">\n<div>\n<div style=\"background-color: #F4F4F4;border-radius: 50%;height: 12.5px;width: 12.5px\"><\/div>\n<div style=\"background-color: #F4F4F4;height: 12.5px;width: 12.5px;flex-grow: 0;margin-right: 14px;margin-left: 2px\"><\/div>\n<div style=\"background-color: #F4F4F4;border-radius: 50%;height: 12.5px;width: 12.5px\"><\/div>\n<\/div>\n<div style=\"margin-left: 8px\">\n<div style=\"background-color: #F4F4F4;border-radius: 50%;flex-grow: 0;height: 20px;width: 20px\"><\/div>\n<div style=\"width: 0;height: 0;border-top: 2px solid transparent;border-left: 6px solid #f4f4f4;border-bottom: 2px solid transparent\"><\/div>\n<\/div>\n<div style=\"margin-left: auto\">\n<div style=\"width: 0px;border-top: 8px solid #F4F4F4;border-right: 8px solid transparent\"><\/div>\n<div style=\"background-color: #F4F4F4;flex-grow: 0;height: 12px;width: 16px\"><\/div>\n<div style=\"width: 0;height: 0;border-top: 8px solid #F4F4F4;border-left: 8px solid transparent\"><\/div>\n<\/div>\n<\/div>\n<div style=\"flex-direction: column;flex-grow: 1;justify-content: center;margin-bottom: 24px\">\n<div style=\"background-color: #F4F4F4;border-radius: 4px;flex-grow: 0;height: 14px;margin-bottom: 6px;width: 224px\"><\/div>\n<div style=\"background-color: #F4F4F4;border-radius: 4px;flex-grow: 0;height: 14px;width: 144px\"><\/div>\n<\/div>\n<p><\/a><\/p>\n<p style=\"color:#c9c8cd;font-family:Arial,sans-serif;font-size:14px;line-height:17px;margin-bottom:0;margin-top:8px;overflow:hidden;padding:8px 0 7px;text-align:center\"><a rel=\"nofollow noopener\" target=\"_blank\" href=\"https:\/\/www.instagram.com\/p\/CmfH60ShaHt\/?utm_source=ig_embed&amp;utm_campaign=loading\" style=\"color:#c9c8cd;font-family:Arial,sans-serif;font-size:14px;font-style:normal;font-weight:normal;line-height:17px;text-decoration:none\">Uma postagem compartilhada por Kai &#8220;Dontblink&#8221; Kara France (@kaikarafrance)<\/a><\/p>\n<\/div>\n<\/blockquote>\n<\/div>\n<p> O destino de Perez \u00e9 desconhecido. Ele pode ser eliminado ou permanecer no card com um novo oponente. <\/p>\n<p>A sa\u00edda de Kara-France do card \u00e9 o segundo grande golpe que o UFC 284 teve nesta semana, com outro lutador local sendo for\u00e7ado a sair do evento. <\/p>\n<p>Na segunda-feira, Robert Whittaker, ex-campe\u00e3o do UFC no peso m\u00e9dio, foi retirado do UFC 232 ap\u00f3s o cancelamento da luta contra Paulo Costa. Costa nunca concordou com a luta nos termos de seu contrato atual e n\u00e3o conseguiu chegar a um acordo com o UFC em um novo acordo. <\/p>\n<p> A luta foi cancelada. Whittaker afirmou que o UFC queria agendar Whittaker para outra luta em mar\u00e7o ou abril. <\/p>\n<p> Haver\u00e1 muito mais talentos locais em fevereiro, com o campe\u00e3o do UFC Alexander Volkanovski enfrentando Islam Makhachev, o rei dos leves. <\/p>\n<p>Fonte: https:\/\/www.mmafighting.com\/2022\/12\/22\/23523353\/kai-kara-france-says-hes-out-of-ufc-284-in-australia-due-to-injury?rand= 96749<\/p>\n","protected":false},"excerpt":{"rendered":"<p>Afinal, Kai Kara-France n\u00e3o ter\u00e1 a chance de lutar em casa. O ex-desafiante ao t\u00edtulo interino dos moscas revelou na quinta-feira que n\u00e3o poder\u00e1 competir no UFC 284 em Perth, Austr\u00e1lia, devido a uma les\u00e3o que o obrigou a desistir de sua luta agendada contra Alex Perez em 11 de fevereiro. &#8220;Infelizmente devido a uma [&hellip;]<\/p>\n","protected":false},"author":1,"featured_media":323393,"comment_status":"","ping_status":"open","sticky":false,"template":"","format":"standard","meta":{"footnotes":""},"categories":[1170],"tags":[],"_links":{"self":[{"href":"https:\/\/wmmaa.org\/pt-pt\/wp-json\/wp\/v2\/posts\/323403"}],"collection":[{"href":"https:\/\/wmmaa.org\/pt-pt\/wp-json\/wp\/v2\/posts"}],"about":[{"href":"https:\/\/wmmaa.org\/pt-pt\/wp-json\/wp\/v2\/types\/post"}],"author":[{"embeddable":true,"href":"https:\/\/wmmaa.org\/pt-pt\/wp-json\/wp\/v2\/users\/1"}],"replies":[{"embeddable":true,"href":"https:\/\/wmmaa.org\/pt-pt\/wp-json\/wp\/v2\/comments?post=323403"}],"version-history":[{"count":0,"href":"https:\/\/wmmaa.org\/pt-pt\/wp-json\/wp\/v2\/posts\/323403\/revisions"}],"wp:featuredmedia":[{"embeddable":true,"href":"https:\/\/wmmaa.org\/pt-pt\/wp-json\/wp\/v2\/media\/323393"}],"wp:attachment":[{"href":"https:\/\/wmmaa.org\/pt-pt\/wp-json\/wp\/v2\/media?parent=323403"}],"wp:term":[{"taxonomy":"category","embeddable":true,"href":"https:\/\/wmmaa.org\/pt-pt\/wp-json\/wp\/v2\/categories?post=323403"},{"taxonomy":"post_tag","embeddable":true,"href":"https:\/\/wmmaa.org\/pt-pt\/wp-json\/wp\/v2\/tags?post=323403"}],"curies":[{"name":"wp","href":"https:\/\/api.w.org\/{rel}","templated":true}]}}