{"id":322587,"date":"2022-12-21T21:25:50","date_gmt":"2022-12-21T19:25:50","guid":{"rendered":"https:\/\/wmmaa.org\/sean-omalley-bateu-aljamain-sterling-contra-henry-cejudo-isso-me-deixa-louco\/"},"modified":"2022-12-21T21:25:50","modified_gmt":"2022-12-21T19:25:50","slug":"sean-omalley-bateu-aljamain-sterling-contra-henry-cejudo-isso-me-deixa-louco","status":"publish","type":"post","link":"https:\/\/wmmaa.org\/pt-pt\/sean-omalley-bateu-aljamain-sterling-contra-henry-cejudo-isso-me-deixa-louco\/","title":{"rendered":"Sean O&#8217;Malley bateu Aljamain Sterling contra Henry Cejudo: &#8220;Isso me deixa louco&#8221;"},"content":{"rendered":"<p>Sean O&#8217;Malley est\u00e1 cada vez mais impaciente enquanto aguarda not\u00edcias sobre a pr\u00f3xima luta pelo t\u00edtulo dos galos do UFC, que deve ocorrer entre o atual campe\u00e3o Aljamain Sterling e Henry Cejudo. <\/p>\n<p>Tanto Sterling quanto Cejudo reconheceram que devem se enfrentar no in\u00edcio de 2023, com O&#8217;Malley provavelmente vencendo depois de ganhar uma decis\u00e3o dividida sobre o ex-campe\u00e3o Petr Yan. <\/p>\n<p>Infelizmente, o UFC ainda n\u00e3o anunciou que Sterling x Cejudo \u00e9 oficial e O&#8217;Malley n\u00e3o pode deixar de questionar o porqu\u00ea. <\/p>\n<p>&#8220;Isso me deixa louco&#8221;, disse O&#8217;Malley em seu <a rel=\"nofollow noopener\" target=\"_blank\" href=\"https:\/\/www.youtube.com\/watch?v=MuMqAf4yQyo\">TimboSugarShow<\/a> podcast. Por que isso n\u00e3o est\u00e1 acontecendo?&#8221; N\u00e3o acho que seja uma quest\u00e3o de dinheiro. N\u00e3o acho. N\u00e3o acho.<\/p>\n<p>&#8220;N\u00e3o \u00e9 uma quest\u00e3o de dinheiro, na minha opini\u00e3o. O UFC afirmou que aqui est\u00e1 o que voc\u00ea vai ganhar. Henry literalmente se aposentou porque n\u00e3o estava recebendo o suficiente e agora est\u00e1 falido e quer voltar. Aljo est\u00e1 voltando para ganhar o mesmo valor . Aljo n\u00e3o vai conseguir mais. Ele n\u00e3o \u00e9 um empate. Isso s\u00e3o apenas fatos. N\u00e3o sou eu atirando pedras. Aljo tamb\u00e9m diria isso. Aljo diria a mesma coisa. Todo mundo sabe.&#8221;<\/p>\n<p>Apesar de suas preocupa\u00e7\u00f5es, n\u00e3o h\u00e1 ind\u00edcios de que o UFC tenha enfrentado um obst\u00e1culo ao tentar agendar Sterling x Cejudo para o primeiro trimestre de 2023. <\/p>\n<p>Com base em suas contas de m\u00eddia social, Sterling est\u00e1 atualmente de f\u00e9rias na Jamaica para as f\u00e9rias, mas afirmou anteriormente que esperava enfrentar Cejudo em mar\u00e7o. <\/p>\n<div>\n<blockquote class=\"instagram-media\" data-instgrm-captioned=\"\" data-instgrm-permalink=\"https:\/\/www.instagram.com\/p\/CmWldsFO-kf\/?utm_source=ig_embed&amp;utm_campaign=loading\" data-instgrm-version=\"14\" style=\"background:#FFF;border:0;border-radius:3px;margin: 1px;max-width:658px;min-width:326px;padding:0;width:99.375%;width:-webkit-calc(100% - 2px);width:calc(100% - 2px)\">\n<div style=\"padding:16px\"> <a rel=\"nofollow noopener\" target=\"_blank\" href=\"https:\/\/www.instagram.com\/p\/CmWldsFO-kf\/?utm_source=ig_embed&amp;utm_campaign=loading\" style=\"background:#FFFFFF;line-height:0;padding:0 0;text-align:center;text-decoration:none;width:100%\"> <\/p>\n<div style=\"flex-direction: row;align-items: center\">\n<div style=\"background-color: #F4F4F4;border-radius: 50%;flex-grow: 0;height: 40px;margin-right: 14px;width: 40px\"><\/div>\n<div style=\"flex-direction: column;flex-grow: 1;justify-content: center\">\n<div style=\"background-color: #F4F4F4;border-radius: 4px;flex-grow: 0;height: 14px;margin-bottom: 6px;width: 100px\"><\/div>\n<div style=\"background-color: #F4F4F4;border-radius: 4px;flex-grow: 0;height: 14px;width: 60px\"><\/div>\n<\/div>\n<\/div>\n<div style=\"padding: 19% 0\"><\/div>\n<div style=\"height:50px;margin:0 auto 12px;width:50px\"><\/div>\n<div style=\"padding-top: 8px\">\n<div style=\"color:#3897f0;font-family:Arial,sans-serif;font-size:14px;font-style:normal;font-weight:550;line-height:18px\">Veja esta postagem no Instagram<\/div>\n<\/div>\n<div style=\"padding: 12.5% 0\"><\/div>\n<div style=\"flex-direction: row;margin-bottom: 14px;align-items: center\">\n<div>\n<div style=\"background-color: #F4F4F4;border-radius: 50%;height: 12.5px;width: 12.5px\"><\/div>\n<div style=\"background-color: #F4F4F4;height: 12.5px;width: 12.5px;flex-grow: 0;margin-right: 14px;margin-left: 2px\"><\/div>\n<div style=\"background-color: #F4F4F4;border-radius: 50%;height: 12.5px;width: 12.5px\"><\/div>\n<\/div>\n<div style=\"margin-left: 8px\">\n<div style=\"background-color: #F4F4F4;border-radius: 50%;flex-grow: 0;height: 20px;width: 20px\"><\/div>\n<div style=\"width: 0;height: 0;border-top: 2px solid transparent;border-left: 6px solid #f4f4f4;border-bottom: 2px solid transparent\"><\/div>\n<\/div>\n<div style=\"margin-left: auto\">\n<div style=\"width: 0px;border-top: 8px solid #F4F4F4;border-right: 8px solid transparent\"><\/div>\n<div style=\"background-color: #F4F4F4;flex-grow: 0;height: 12px;width: 16px\"><\/div>\n<div style=\"width: 0;height: 0;border-top: 8px solid #F4F4F4;border-left: 8px solid transparent\"><\/div>\n<\/div>\n<\/div>\n<div style=\"flex-direction: column;flex-grow: 1;justify-content: center;margin-bottom: 24px\">\n<div style=\"background-color: #F4F4F4;border-radius: 4px;flex-grow: 0;height: 14px;margin-bottom: 6px;width: 224px\"><\/div>\n<div style=\"background-color: #F4F4F4;border-radius: 4px;flex-grow: 0;height: 14px;width: 144px\"><\/div>\n<\/div>\n<p><\/a><\/p>\n<p style=\"color:#c9c8cd;font-family:Arial,sans-serif;font-size:14px;line-height:17px;margin-bottom:0;margin-top:8px;overflow:hidden;padding:8px 0 7px;text-align:center\"><a rel=\"nofollow noopener\" target=\"_blank\" href=\"https:\/\/www.instagram.com\/p\/CmWldsFO-kf\/?utm_source=ig_embed&amp;utm_campaign=loading\" style=\"color:#c9c8cd;font-family:Arial,sans-serif;font-size:14px;font-style:normal;font-weight:normal;line-height:17px;text-decoration:none\">Uma postagem compartilhada por Aljamain Sterling (@funkmastermma)<\/a><\/p>\n<\/div>\n<\/blockquote>\n<\/div>\n<p>Ainda assim, O&#8217;Malley est\u00e1 ficando frustrado enquanto aguarda as palavras sobre a oficializa\u00e7\u00e3o da luta, porque espera enfrentar o vencedor quando voltar \u00e0 a\u00e7\u00e3o no ano que vem. <\/p>\n<p>&#8220;\u00c9 uma coisa de peso?&#8221; disse O&#8217;Malley. &#8220;\u00c9 uma les\u00e3o persistente? O que \u00e9? Eu tenho que chegar ao fundo disso. Para seguir esses dois por a\u00ed.&#8221;<\/p>\n<p>Contratei um investigador particular.<\/p>\n<p>Fonte: https:\/\/www.mmafighting.com\/2022\/12\/21\/23520731\/sean-omalley-frustrated-aljamain-sterling-vs-henry-cejudo-isnt-finalized-yet-it-drives-me-crazy? rand=96749<\/p>\n","protected":false},"excerpt":{"rendered":"<p>Sean O&#8217;Malley est\u00e1 cada vez mais impaciente enquanto aguarda not\u00edcias sobre a pr\u00f3xima luta pelo t\u00edtulo dos galos do UFC, que deve ocorrer entre o atual campe\u00e3o Aljamain Sterling e Henry Cejudo. Tanto Sterling quanto Cejudo reconheceram que devem se enfrentar no in\u00edcio de 2023, com O&#8217;Malley provavelmente vencendo depois de ganhar uma decis\u00e3o dividida [&hellip;]<\/p>\n","protected":false},"author":1,"featured_media":322574,"comment_status":"","ping_status":"open","sticky":false,"template":"","format":"standard","meta":{"footnotes":""},"categories":[1170],"tags":[],"_links":{"self":[{"href":"https:\/\/wmmaa.org\/pt-pt\/wp-json\/wp\/v2\/posts\/322587"}],"collection":[{"href":"https:\/\/wmmaa.org\/pt-pt\/wp-json\/wp\/v2\/posts"}],"about":[{"href":"https:\/\/wmmaa.org\/pt-pt\/wp-json\/wp\/v2\/types\/post"}],"author":[{"embeddable":true,"href":"https:\/\/wmmaa.org\/pt-pt\/wp-json\/wp\/v2\/users\/1"}],"replies":[{"embeddable":true,"href":"https:\/\/wmmaa.org\/pt-pt\/wp-json\/wp\/v2\/comments?post=322587"}],"version-history":[{"count":0,"href":"https:\/\/wmmaa.org\/pt-pt\/wp-json\/wp\/v2\/posts\/322587\/revisions"}],"wp:featuredmedia":[{"embeddable":true,"href":"https:\/\/wmmaa.org\/pt-pt\/wp-json\/wp\/v2\/media\/322574"}],"wp:attachment":[{"href":"https:\/\/wmmaa.org\/pt-pt\/wp-json\/wp\/v2\/media?parent=322587"}],"wp:term":[{"taxonomy":"category","embeddable":true,"href":"https:\/\/wmmaa.org\/pt-pt\/wp-json\/wp\/v2\/categories?post=322587"},{"taxonomy":"post_tag","embeddable":true,"href":"https:\/\/wmmaa.org\/pt-pt\/wp-json\/wp\/v2\/tags?post=322587"}],"curies":[{"name":"wp","href":"https:\/\/api.w.org\/{rel}","templated":true}]}}