{"id":321755,"date":"2022-12-20T19:11:04","date_gmt":"2022-12-20T17:11:04","guid":{"rendered":"https:\/\/wmmaa.org\/taila-santos-x-erin-blanchfield-em-andamento-para-o-evento-do-ufc-em-18-de-fevereiro\/"},"modified":"2022-12-20T19:11:04","modified_gmt":"2022-12-20T17:11:04","slug":"taila-santos-x-erin-blanchfield-em-andamento-para-o-evento-do-ufc-em-18-de-fevereiro","status":"publish","type":"post","link":"https:\/\/wmmaa.org\/pt-pt\/taila-santos-x-erin-blanchfield-em-andamento-para-o-evento-do-ufc-em-18-de-fevereiro\/","title":{"rendered":"Taila Santos x Erin Blanchfield em andamento para o evento do UFC em 18 de fevereiro"},"content":{"rendered":"<p>A divis\u00e3o peso-mosca pode coroar um novo contendor n\u00famero 1 quando Taila Santos enfrentar Erin Blanchfield no pr\u00f3ximo evento do UFC agendado para 18 de fevereiro. <\/p>\n<p>V\u00e1rias pessoas com conhecimento dos planos da promo\u00e7\u00e3o, incluindo o gerente de Blanchfield, Oren Hodak, de <a rel=\"nofollow noopener\" target=\"_blank\" href=\"https:\/\/twitter.com\/ko_reps\">KO Reps<\/a> confirmou que o confronto est\u00e1 previsto para fevereiro, com os dois lutadores concordando com a luta. Blanchfield primeiro revelou a not\u00edcia a <a rel=\"nofollow noopener\" target=\"_blank\" href=\"https:\/\/twitter.com\/morningkombat\/status\/1605208247291744256\">Combate matinal. <\/a><\/p>\n<p>Blanchfield assinou um contrato de quatro lutas com o UFC, al\u00e9m de sua luta no Santos. <\/p>\n<p>&#8220;Erin vai mostrar ao UFC que ela \u00e9 a melhor jovem em potencial&#8221;, afirmou Hodak em comunicado ao MMA Fighting. <\/p>\n<p>A nativa de Nova Jersey, de 23 anos, h\u00e1 muito \u00e9 vista como uma futura desafiante ao t\u00edtulo desde que se juntou ao elenco do UFC ap\u00f3s uma s\u00e9rie de cinco lutas com o Invicta FC. <\/p>\n<p>Blanchfield atualmente ostenta um recorde geral de 10-1, incluindo um curr\u00edculo perfeito de 4-0 no UFC. Blanchfield recentemente conquistou vit\u00f3rias consecutivas por finaliza\u00e7\u00e3o, incluindo uma sobre Molly McCann no UFC 281. <\/p>\n<p>Santos far\u00e1 sua estreia desde que perdeu na decis\u00e3o apertada em junho para a campe\u00e3 peso-mosca do UFC Valentina Shchenko. <\/p>\n<p>Shevchenko teve a luta mais dura at\u00e9 125 libras para o Santos. Agora ela tentar\u00e1 uma revanche contra Blanchfield, uma promessa de destaque em fevereiro. <\/p>\n<p>O card do dia 18 de fevereiro ainda n\u00e3o foi finalizado pelo UFC, embora v\u00e1rias lutas tenham sido confirmadas para esta data. <\/p>\n<p><em>Guilherme Cru contribuiu para este relat\u00f3rio. <\/em><\/p>\n<\/p>\n<p>Fonte: https:\/\/www.mmafighting.com\/2022\/12\/20\/23518659\/taila-santos-vs-erin-blanchfield-in-the-works-for-ufc-event-on-feb-18?rand= 96749<\/p>\n","protected":false},"excerpt":{"rendered":"<p>A divis\u00e3o peso-mosca pode coroar um novo contendor n\u00famero 1 quando Taila Santos enfrentar Erin Blanchfield no pr\u00f3ximo evento do UFC agendado para 18 de fevereiro. V\u00e1rias pessoas com conhecimento dos planos da promo\u00e7\u00e3o, incluindo o gerente de Blanchfield, Oren Hodak, de KO Reps confirmou que o confronto est\u00e1 previsto para fevereiro, com os dois [&hellip;]<\/p>\n","protected":false},"author":1,"featured_media":321723,"comment_status":"","ping_status":"open","sticky":false,"template":"","format":"standard","meta":{"footnotes":""},"categories":[1170],"tags":[],"_links":{"self":[{"href":"https:\/\/wmmaa.org\/pt-pt\/wp-json\/wp\/v2\/posts\/321755"}],"collection":[{"href":"https:\/\/wmmaa.org\/pt-pt\/wp-json\/wp\/v2\/posts"}],"about":[{"href":"https:\/\/wmmaa.org\/pt-pt\/wp-json\/wp\/v2\/types\/post"}],"author":[{"embeddable":true,"href":"https:\/\/wmmaa.org\/pt-pt\/wp-json\/wp\/v2\/users\/1"}],"replies":[{"embeddable":true,"href":"https:\/\/wmmaa.org\/pt-pt\/wp-json\/wp\/v2\/comments?post=321755"}],"version-history":[{"count":0,"href":"https:\/\/wmmaa.org\/pt-pt\/wp-json\/wp\/v2\/posts\/321755\/revisions"}],"wp:featuredmedia":[{"embeddable":true,"href":"https:\/\/wmmaa.org\/pt-pt\/wp-json\/wp\/v2\/media\/321723"}],"wp:attachment":[{"href":"https:\/\/wmmaa.org\/pt-pt\/wp-json\/wp\/v2\/media?parent=321755"}],"wp:term":[{"taxonomy":"category","embeddable":true,"href":"https:\/\/wmmaa.org\/pt-pt\/wp-json\/wp\/v2\/categories?post=321755"},{"taxonomy":"post_tag","embeddable":true,"href":"https:\/\/wmmaa.org\/pt-pt\/wp-json\/wp\/v2\/tags?post=321755"}],"curies":[{"name":"wp","href":"https:\/\/api.w.org\/{rel}","templated":true}]}}