{"id":321680,"date":"2022-12-20T14:59:04","date_gmt":"2022-12-20T12:59:04","guid":{"rendered":"https:\/\/wmmaa.org\/filha-de-22-anos-de-mayweather-e-condenada-a-pena-suspensa-por-ataque-com-faca\/"},"modified":"2022-12-20T14:59:04","modified_gmt":"2022-12-20T12:59:04","slug":"filha-de-22-anos-de-mayweather-e-condenada-a-pena-suspensa-por-ataque-com-faca","status":"publish","type":"post","link":"https:\/\/wmmaa.org\/pt-pt\/filha-de-22-anos-de-mayweather-e-condenada-a-pena-suspensa-por-ataque-com-faca\/","title":{"rendered":"Filha de 22 anos de Mayweather \u00e9 condenada a pena suspensa por ataque com faca"},"content":{"rendered":"<p><img decoding=\"async\" src=\"https:\/\/wmmaa.org\/wp-content\/uploads\/2022\/12\/c71e49bc4f178c7b1f8d28d00d714d68.jpg\" alt=\"\"><\/p>\n<div>\n<p> Iyanna Mayweather, 22, filha do lend\u00e1rio boxeador Floyd Mayweather Jr., foi condenada a seis anos de liberdade condicional por esfaqueamento.<br \/>\n <a rel=\"nofollow noopener\" target=\"_blank\" href=\"https:\/\/www.click2houston.com\">Click2Houston<\/a>.\n<\/p>\n<p> O sangrento incidente aconteceu em 2020, quando uma garota foi presa por esfaquear uma mulher de 35 anos no Texas. A v\u00edtima escapou com uma s\u00e9rie de cortes n\u00e3o fatais.\n<\/p>\n<p> Iyanna enfrentou uma senten\u00e7a de pris\u00e3o de 20 anos, mas concordou em se declarar culpado de agress\u00e3o agravada com uma arma mortal. Isso levou a uma mitiga\u00e7\u00e3o da senten\u00e7a na forma de uma suspens\u00e3o da senten\u00e7a.\n<\/p>\n<\/p>\n<blockquote>\n<p lang=\"en\" dir=\"ltr\">\n<p> A filha de Floyd Mayweather, Yaya, recebe 6 anos de liberdade condicional depois de se declarar culpada de esfaquear uma mulher na casa de Harris Co.<br \/>\n ????: <a rel=\"nofollow noopener\" target=\"_blank\" href=\"https:\/\/t.co\/hsBn8ejiuG\">https:\/\/t.co\/hsBn8ejiuG<\/a> <a rel=\"nofollow noopener\" target=\"_blank\" href=\"https:\/\/t.co\/e2ddK1ejp4\">pic.twitter.com\/e2ddK1ejp4<\/a>\n <\/p>\n<p> \u2014 Glock Topickz (@Glock_Topickz) <a rel=\"nofollow noopener\" target=\"_blank\" href=\"https:\/\/twitter.com\/Glock_Topickz\/status\/1603589247998382082?ref_src=twsrc%5Etfw\">16 de dezembro de 2022<\/a>\n<\/p>\n<\/blockquote>\n<p> Mayweather, de 22 anos, ser\u00e1 colocada sob escrut\u00ednio p\u00fablico e, ap\u00f3s liberdade condicional, o registro criminal pode ser totalmente removido de seu caso.\n<\/p>\n<p> O pr\u00f3prio Floyd ainda n\u00e3o comentou o veredicto de sua filha, mas muitos j\u00e1 notaram o veredicto extremamente brando de Themis.\n<\/p>\n<\/p>\n<\/div>\n<p>Fonte: https:\/\/vringe.com\/news\/161296-22-letnyaya-doch-meyvezera-poluchila-uslovnyy-srok.htm?rand=141343<\/p>\n","protected":false},"excerpt":{"rendered":"<p>Iyanna Mayweather, 22, filha do lend\u00e1rio boxeador Floyd Mayweather Jr., foi condenada a seis anos de liberdade condicional por esfaqueamento. Click2Houston. O sangrento incidente aconteceu em 2020, quando uma garota foi presa por esfaquear uma mulher de 35 anos no Texas. A v\u00edtima escapou com uma s\u00e9rie de cortes n\u00e3o fatais. Iyanna enfrentou uma senten\u00e7a [&hellip;]<\/p>\n","protected":false},"author":1,"featured_media":321665,"comment_status":"","ping_status":"open","sticky":false,"template":"","format":"standard","meta":{"footnotes":""},"categories":[1170],"tags":[],"_links":{"self":[{"href":"https:\/\/wmmaa.org\/pt-pt\/wp-json\/wp\/v2\/posts\/321680"}],"collection":[{"href":"https:\/\/wmmaa.org\/pt-pt\/wp-json\/wp\/v2\/posts"}],"about":[{"href":"https:\/\/wmmaa.org\/pt-pt\/wp-json\/wp\/v2\/types\/post"}],"author":[{"embeddable":true,"href":"https:\/\/wmmaa.org\/pt-pt\/wp-json\/wp\/v2\/users\/1"}],"replies":[{"embeddable":true,"href":"https:\/\/wmmaa.org\/pt-pt\/wp-json\/wp\/v2\/comments?post=321680"}],"version-history":[{"count":0,"href":"https:\/\/wmmaa.org\/pt-pt\/wp-json\/wp\/v2\/posts\/321680\/revisions"}],"wp:featuredmedia":[{"embeddable":true,"href":"https:\/\/wmmaa.org\/pt-pt\/wp-json\/wp\/v2\/media\/321665"}],"wp:attachment":[{"href":"https:\/\/wmmaa.org\/pt-pt\/wp-json\/wp\/v2\/media?parent=321680"}],"wp:term":[{"taxonomy":"category","embeddable":true,"href":"https:\/\/wmmaa.org\/pt-pt\/wp-json\/wp\/v2\/categories?post=321680"},{"taxonomy":"post_tag","embeddable":true,"href":"https:\/\/wmmaa.org\/pt-pt\/wp-json\/wp\/v2\/tags?post=321680"}],"curies":[{"name":"wp","href":"https:\/\/api.w.org\/{rel}","templated":true}]}}