{"id":318151,"date":"2022-12-15T17:07:54","date_gmt":"2022-12-15T15:07:54","guid":{"rendered":"https:\/\/wmmaa.org\/ksi-critica-dillon-danis-por-nao-ter-comparecido-na-primeira-coletiva-de-imprensa-ele-tem-pavor-de-mim\/"},"modified":"2022-12-15T17:07:54","modified_gmt":"2022-12-15T15:07:54","slug":"ksi-critica-dillon-danis-por-nao-ter-comparecido-na-primeira-coletiva-de-imprensa-ele-tem-pavor-de-mim","status":"publish","type":"post","link":"https:\/\/wmmaa.org\/pt-pt\/ksi-critica-dillon-danis-por-nao-ter-comparecido-na-primeira-coletiva-de-imprensa-ele-tem-pavor-de-mim\/","title":{"rendered":"KSI critica Dillon Danis por n\u00e3o ter comparecido na primeira coletiva de imprensa: &#8216;Ele tem pavor de mim&#8217;"},"content":{"rendered":"<p>Na quinta-feira, ocorreu uma coletiva de imprensa para promover a pr\u00f3xima luta de boxe entre KSI e Dillon Danis. Infelizmente um lutador n\u00e3o apareceu enquanto o outro sim. <\/p>\n<p>KSI e Danis est\u00e3o programados para se encontrarem na atra\u00e7\u00e3o principal do MF e DAZN: X Series 004, que acontece em 14 de janeiro na Wembley Arena, em Londres. KSI, que estava sentado no palco ao lado de Danis na coletiva de imprensa, sentiu-se envergonhado, mas acredita que est\u00e1 na cabe\u00e7a do lutador do Bellator. <\/p>\n<p>&#8220;Em termos de Dillon Danis n\u00e3o estar presente, \u00e9 muito decepcionante e desrespeitoso para todos n\u00f3s, que esper\u00e1vamos que ele estivesse aqui&#8221;, afirmou KSI. \u00c9 algo que eu j\u00e1 vi muitas vezes antes. <\/p>\n<p>&#8220;N\u00e3o sei, talvez seja a minha presen\u00e7a, talvez seja apenas eu em geral, sou um cara t\u00e3o assustador. Isso \u00e9 compreens\u00edvel. Sou muito organizado, focado e disciplinado. Se voc\u00ea der uma olhada no meu curr\u00edculo, voc\u00ea ver\u00e1 que n\u00e3o perdi com muita frequ\u00eancia. Acho que para Dillon, isso provavelmente est\u00e1 se infiltrando. Sim, sei que ele est\u00e1 invicto, mas acho que olhando nos meus olhos &#8211; mesmo quando nos vimos no Texas &#8211; eu poderia dizer que era uma fachada. Ele teve que fingir que \u00e9 maior e mais forte do que realmente \u00e9, e isso meio que mostra n\u00e3o estar aqui o qu\u00e3o pequeno ele realmente \u00e9, o qu\u00e3o pequena sua mentalidade realmente \u00e9. Ele diz que eu n\u00e3o sou um verdadeiro lutador, mas estou aqui. Estou sempre pronto. E, como algu\u00e9m que ele diz ser um lutador de verdade, n\u00e3o fez a viagem de avi\u00e3o para me ver e nem fez a liga\u00e7\u00e3o do Zoom para me ver, est\u00e1 apavorado Ele est\u00e1 apavorado comigo. \u00c9 decepcionante.&#8221;<\/p>\n<p>KSI tem uma vit\u00f3ria dividida sobre Logan Paul na luta profissional de 2019. Ele tamb\u00e9m conquistou duas vit\u00f3rias por nocaute contra Brandon Scott, Luis Alcarez Pineda e Luis Alcarez Pineda no MF e DAZN: X Series HTML1. <\/p>\n<p>Danis estar\u00e1 lutando sua primeira luta por mais de 3 anos. Ele j\u00e1 venceu duas finaliza\u00e7\u00f5es consecutivas na jaula do Bellator entre abril de 2018 e junho de 2019. Al\u00e9m disso, ele estava em um impasse com a KSI em Austin (novembro) em uma luta antes do MF\/DAZN: X Series 003. <\/p>\n<p>Se Danis estiver no c\u00edrculo quadrado no pr\u00f3ximo ano, a KSI espera fazer uma declara\u00e7\u00e3o. <\/p>\n<p>&#8220;Independentemente do que aconte\u00e7a, 14 de janeiro&#8221;, KSI entender\u00e1 minha frustra\u00e7\u00e3o por seu desrespeito por mim. \u201cSou um homem que, se eu focar, quando eu quiser, n\u00e3o importa o qu\u00ea. Se alguma coisa, isso me faz querer treinar mais, me faz querer fazer mais do que j\u00e1 estou fazendo, me faz querer fazer mais sprints, mais trabalho de saco, mais sparring, mais de tudo o que estou fazendo em tal alto n\u00edvel. <\/p>\n<p>&#8221; Estou pronto para qualquer coisa, independentemente de estar envolvido Dillon Danis ou Tommy Fury, Jake Paul, Jake Paul ou qualquer outro cara. Sou um animal completamente diferente e vou provar isso em todas as lutas que participar. \u00c9 uma pena, honestamente. <\/p>\n<p>&#8220;Eu acredito que sou tudo em que ele pensa e estou em seus pesadelos &#8211; constantemente aterrorizando-o, assombrando-o &#8211; e isso est\u00e1 fazendo ele desmoronar lentamente. cabe\u00e7a. Quando eu vir KSI no ringue em 14 de janeiro, devo realmente entrar l\u00e1 com ele?&#8217; Ele \u00e9 o cara que vai me vencer, acho que n\u00e3o.&#8221; <\/p>\n<p>Fonte: https:\/\/www.mmafighting.com\/2022\/12\/15\/23510805\/ksi-blasts-dillon-danis-for-no-show-at-first-press-conference-he-is-terrified-of- eu?rand=96749<\/p>\n","protected":false},"excerpt":{"rendered":"<p>Na quinta-feira, ocorreu uma coletiva de imprensa para promover a pr\u00f3xima luta de boxe entre KSI e Dillon Danis. Infelizmente um lutador n\u00e3o apareceu enquanto o outro sim. KSI e Danis est\u00e3o programados para se encontrarem na atra\u00e7\u00e3o principal do MF e DAZN: X Series 004, que acontece em 14 de janeiro na Wembley Arena, [&hellip;]<\/p>\n","protected":false},"author":1,"featured_media":318135,"comment_status":"","ping_status":"open","sticky":false,"template":"","format":"standard","meta":{"footnotes":""},"categories":[1170],"tags":[],"_links":{"self":[{"href":"https:\/\/wmmaa.org\/pt-pt\/wp-json\/wp\/v2\/posts\/318151"}],"collection":[{"href":"https:\/\/wmmaa.org\/pt-pt\/wp-json\/wp\/v2\/posts"}],"about":[{"href":"https:\/\/wmmaa.org\/pt-pt\/wp-json\/wp\/v2\/types\/post"}],"author":[{"embeddable":true,"href":"https:\/\/wmmaa.org\/pt-pt\/wp-json\/wp\/v2\/users\/1"}],"replies":[{"embeddable":true,"href":"https:\/\/wmmaa.org\/pt-pt\/wp-json\/wp\/v2\/comments?post=318151"}],"version-history":[{"count":0,"href":"https:\/\/wmmaa.org\/pt-pt\/wp-json\/wp\/v2\/posts\/318151\/revisions"}],"wp:featuredmedia":[{"embeddable":true,"href":"https:\/\/wmmaa.org\/pt-pt\/wp-json\/wp\/v2\/media\/318135"}],"wp:attachment":[{"href":"https:\/\/wmmaa.org\/pt-pt\/wp-json\/wp\/v2\/media?parent=318151"}],"wp:term":[{"taxonomy":"category","embeddable":true,"href":"https:\/\/wmmaa.org\/pt-pt\/wp-json\/wp\/v2\/categories?post=318151"},{"taxonomy":"post_tag","embeddable":true,"href":"https:\/\/wmmaa.org\/pt-pt\/wp-json\/wp\/v2\/tags?post=318151"}],"curies":[{"name":"wp","href":"https:\/\/api.w.org\/{rel}","templated":true}]}}