{"id":306010,"date":"2022-11-28T22:27:05","date_gmt":"2022-11-28T20:27:05","guid":{"rendered":"https:\/\/wmmaa.org\/curtis-blades-respondeu-ao-desafio-de-cyril-gan\/"},"modified":"2022-11-28T22:27:05","modified_gmt":"2022-11-28T20:27:05","slug":"curtis-blades-respondeu-ao-desafio-de-cyril-gan","status":"publish","type":"post","link":"https:\/\/wmmaa.org\/pt-pt\/curtis-blades-respondeu-ao-desafio-de-cyril-gan\/","title":{"rendered":"Curtis Blades respondeu ao desafio de Cyril Gan"},"content":{"rendered":"<div id=\"feat-img-reg\" class=\"relative\">\n <img decoding=\"async\" src=\"https:\/\/wmmaa.org\/wp-content\/uploads\/2022\/11\/93f7b4540ea236a6b2e0ad38825c00b5_XL.jpg\" alt=\"Curtis Blades respondeu ao desafio de Cyril Gan\"><\/div>\n<p><!-- Item introtext --><\/p>\n<div class=\"itemIntroText\">\n<p>O terceiro peso pesado do UFC, Curtis Blades, est\u00e1 pronto para dividir o oct\u00f3gono com o ex-campe\u00e3o interino da divis\u00e3o Cyril Gan, que recentemente o mencionou como um candidato em potencial.<\/p>\n<\/p>\n<\/div>\n<div class=\"yandex_rtb_wrapper\">\n <!-- Yandex.RTB R-A-108029-34 --><\/p>\n<div id=\"yandex_rtb_R-A-108029-34\"><\/div>\n<\/p>\n<\/div>\n<p><!-- Item fulltext --><\/p>\n<div class=\"itemFullText\">\n<blockquote>\n<p>\u201cDeve ser ele, com certeza\u201d, disse Razor ao Fanatics View. \u201cSei que ele estar\u00e1 saud\u00e1vel em janeiro. Vou dar a ele oito semanas para que possamos fazer isso em abril.&#8221;<\/p>\n<\/blockquote>\n<p>Caso a luta com Gan n\u00e3o esteja marcada, o Blades est\u00e1 pronto para garantir a luta pelo cintur\u00e3o entre Francis Ngannou e Jon Jones, marcada para mar\u00e7o do ano que vem.<\/p>\n<blockquote>\n<p>\u201cEu n\u00e3o me importo de ser um substituto porque com John voc\u00ea nunca sabe ao certo. Estarei l\u00e1 e estarei pronto. Lutar contra o John pelo t\u00edtulo interino \u00e9 um bom consolo, mas preciso de um cintur\u00e3o de verdade. Enfim, depois das f\u00e9rias, volto para casa e come\u00e7o a me preparar, seja uma luta contra o Gan, seja uma luta pelo t\u00edtulo. Vamos ver como as coisas ficam&#8221;<\/p>\n<\/blockquote>\n<p>O fato de Curtis Blades poder se tornar um substituto na luta pelo t\u00edtulo entre Francis Ngannou e Jon Jones foi relatado anteriormente por fontes informadas pr\u00f3ximas \u00e0 situa\u00e7\u00e3o.<\/p>\n<\/p>\n<\/div>\n<p><!--post-tags--><\/p>\n<p>Fonte: https:\/\/fighttime.ru\/news\/item\/30130-kertis-blejds-otvetil-na-vyzov-sirila-gana.html?rand=19907<\/p>\n","protected":false},"excerpt":{"rendered":"<p>O terceiro peso pesado do UFC, Curtis Blades, est\u00e1 pronto para dividir o oct\u00f3gono com o ex-campe\u00e3o interino da divis\u00e3o Cyril Gan, que recentemente o mencionou como um candidato em potencial. \u201cDeve ser ele, com certeza\u201d, disse Razor ao Fanatics View. \u201cSei que ele estar\u00e1 saud\u00e1vel em janeiro. Vou dar a ele oito semanas para [&hellip;]<\/p>\n","protected":false},"author":1,"featured_media":305992,"comment_status":"","ping_status":"open","sticky":false,"template":"","format":"standard","meta":{"footnotes":""},"categories":[1170],"tags":[731,32],"_links":{"self":[{"href":"https:\/\/wmmaa.org\/pt-pt\/wp-json\/wp\/v2\/posts\/306010"}],"collection":[{"href":"https:\/\/wmmaa.org\/pt-pt\/wp-json\/wp\/v2\/posts"}],"about":[{"href":"https:\/\/wmmaa.org\/pt-pt\/wp-json\/wp\/v2\/types\/post"}],"author":[{"embeddable":true,"href":"https:\/\/wmmaa.org\/pt-pt\/wp-json\/wp\/v2\/users\/1"}],"replies":[{"embeddable":true,"href":"https:\/\/wmmaa.org\/pt-pt\/wp-json\/wp\/v2\/comments?post=306010"}],"version-history":[{"count":0,"href":"https:\/\/wmmaa.org\/pt-pt\/wp-json\/wp\/v2\/posts\/306010\/revisions"}],"wp:featuredmedia":[{"embeddable":true,"href":"https:\/\/wmmaa.org\/pt-pt\/wp-json\/wp\/v2\/media\/305992"}],"wp:attachment":[{"href":"https:\/\/wmmaa.org\/pt-pt\/wp-json\/wp\/v2\/media?parent=306010"}],"wp:term":[{"taxonomy":"category","embeddable":true,"href":"https:\/\/wmmaa.org\/pt-pt\/wp-json\/wp\/v2\/categories?post=306010"},{"taxonomy":"post_tag","embeddable":true,"href":"https:\/\/wmmaa.org\/pt-pt\/wp-json\/wp\/v2\/tags?post=306010"}],"curies":[{"name":"wp","href":"https:\/\/api.w.org\/{rel}","templated":true}]}}