{"id":305523,"date":"2022-11-28T00:09:52","date_gmt":"2022-11-27T22:09:52","guid":{"rendered":"https:\/\/wmmaa.org\/video-do-ufc-281-thrill-and-agony-voce-nao-gosta-de-mim-e-eu-nao-gosto-de-voce-mas-respeito\/"},"modified":"2022-11-28T00:09:52","modified_gmt":"2022-11-27T22:09:52","slug":"video-do-ufc-281-thrill-and-agony-voce-nao-gosta-de-mim-e-eu-nao-gosto-de-voce-mas-respeito","status":"publish","type":"post","link":"https:\/\/wmmaa.org\/pt-pt\/video-do-ufc-281-thrill-and-agony-voce-nao-gosta-de-mim-e-eu-nao-gosto-de-voce-mas-respeito\/","title":{"rendered":"V\u00eddeo do UFC 281 Thrill and Agony: &#8216;Voc\u00ea n\u00e3o gosta de mim e eu n\u00e3o gosto de voc\u00ea, mas respeito&#8217;"},"content":{"rendered":"<p>A edi\u00e7\u00e3o do UFC 281 do <em>A emo\u00e7\u00e3o e a agonia<\/em> concentra-se nas duas lutas pelo t\u00edtulo &#8211; Israel Adesanya x Alex Pereira e Carla Esparza x Zhang Weili -, bem como a batalha \u00e9pica na divis\u00e3o leve entre Dustin Poirier e Michael Chandler. <\/p>\n<p>As consequ\u00eancias da finaliza\u00e7\u00e3o de Poirier sobre Chandler no terceiro round est\u00e3o bem documentadas. Poirier confrontou Chandler e o acusou de tentar colocar as m\u00e3os na garganta de Poirier. O Diamante tamb\u00e9m afirmou que o oct\u00f3gono era sua casa, prestou homenagem a Chandler e ofereceu algumas s\u00e1bias palavras de apoio a Dan Miragliotta. <\/p>\n<p>Al\u00e9m disso, Zhang reage sua vit\u00f3ria por finaliza\u00e7\u00e3o dominante sobre Esparza para reconquistar o campe\u00e3o peso palha do UFC, e Esparza compartilha seus pensamentos sobre perder o t\u00edtulo. <\/p>\n<p>Na luta principal, Pereira surpreendeu Adesanya com um nocaute t\u00e9cnico no quinto round, e seu c\u00f3rner foi \u00e0 loucura na comemora\u00e7\u00e3o. Ap\u00f3s a luta pelo t\u00edtulo dos m\u00e9dios do evento principal, Adesanya e Pereira mostraram respeito &#8211; ao mesmo tempo em que proclamaram sua antipatia um pelo outro &#8211; e prometeram se ver novamente. <\/p>\n<p>O UFC 281 foi realizado em 12 de novembro no Madison Square Garden como parte da visita de retorno da promo\u00e7\u00e3o \u00e0 cidade de Nova York. <\/p>\n<p>Confira o v\u00eddeo completo acima. <\/p>\n<p>Fonte: https:\/\/www.mmafighting.com\/2022\/11\/27\/23476758\/ufc-281-thrill-and-agony-video-you-dont-like-me-and-i-dont-like-you- mas-respeito?rand=96749<\/p>\n","protected":false},"excerpt":{"rendered":"<p>A edi\u00e7\u00e3o do UFC 281 do A emo\u00e7\u00e3o e a agonia concentra-se nas duas lutas pelo t\u00edtulo &#8211; Israel Adesanya x Alex Pereira e Carla Esparza x Zhang Weili -, bem como a batalha \u00e9pica na divis\u00e3o leve entre Dustin Poirier e Michael Chandler. As consequ\u00eancias da finaliza\u00e7\u00e3o de Poirier sobre Chandler no terceiro round [&hellip;]<\/p>\n","protected":false},"author":1,"featured_media":305507,"comment_status":"","ping_status":"open","sticky":false,"template":"","format":"standard","meta":{"footnotes":""},"categories":[1170],"tags":[],"_links":{"self":[{"href":"https:\/\/wmmaa.org\/pt-pt\/wp-json\/wp\/v2\/posts\/305523"}],"collection":[{"href":"https:\/\/wmmaa.org\/pt-pt\/wp-json\/wp\/v2\/posts"}],"about":[{"href":"https:\/\/wmmaa.org\/pt-pt\/wp-json\/wp\/v2\/types\/post"}],"author":[{"embeddable":true,"href":"https:\/\/wmmaa.org\/pt-pt\/wp-json\/wp\/v2\/users\/1"}],"replies":[{"embeddable":true,"href":"https:\/\/wmmaa.org\/pt-pt\/wp-json\/wp\/v2\/comments?post=305523"}],"version-history":[{"count":0,"href":"https:\/\/wmmaa.org\/pt-pt\/wp-json\/wp\/v2\/posts\/305523\/revisions"}],"wp:featuredmedia":[{"embeddable":true,"href":"https:\/\/wmmaa.org\/pt-pt\/wp-json\/wp\/v2\/media\/305507"}],"wp:attachment":[{"href":"https:\/\/wmmaa.org\/pt-pt\/wp-json\/wp\/v2\/media?parent=305523"}],"wp:term":[{"taxonomy":"category","embeddable":true,"href":"https:\/\/wmmaa.org\/pt-pt\/wp-json\/wp\/v2\/categories?post=305523"},{"taxonomy":"post_tag","embeddable":true,"href":"https:\/\/wmmaa.org\/pt-pt\/wp-json\/wp\/v2\/tags?post=305523"}],"curies":[{"name":"wp","href":"https:\/\/api.w.org\/{rel}","templated":true}]}}