{"id":291399,"date":"2022-11-08T19:04:49","date_gmt":"2022-11-08T17:04:49","guid":{"rendered":"https:\/\/wmmaa.org\/equipe-de-comentaristas-do-ufc-281-joe-rogan-retorna-ao-estande-para-israel-adesanya-x-alex-pereira\/"},"modified":"2022-11-08T19:04:49","modified_gmt":"2022-11-08T17:04:49","slug":"equipe-de-comentaristas-do-ufc-281-joe-rogan-retorna-ao-estande-para-israel-adesanya-x-alex-pereira","status":"publish","type":"post","link":"https:\/\/wmmaa.org\/pt-pt\/equipe-de-comentaristas-do-ufc-281-joe-rogan-retorna-ao-estande-para-israel-adesanya-x-alex-pereira\/","title":{"rendered":"Equipe de comentaristas do UFC 281: Joe Rogan retorna ao estande para Israel Adesanya x Alex Pereira"},"content":{"rendered":"<p>Joe Rogan retornar\u00e1 \u00e0 cabine de coment\u00e1rios pela primeira vez desde setembro para o evento UFC 281 deste s\u00e1bado. <\/p>\n<p>V\u00e1rias pessoas com conhecimento dos planos da promo\u00e7\u00e3o confirmaram ao MMA Fighting que Rogan chamar\u00e1 a a\u00e7\u00e3o do evento deste fim de semana no Madison Square Garden com a voz de Jon Anik e o ex-campe\u00e3o do UFC Daniel Cormier. A mais recente apari\u00e7\u00e3o de Rogan na transmiss\u00e3o aconteceu no ca\u00f3tico UFC 279 em setembro, que acabou sendo encabe\u00e7ado pela vit\u00f3ria por finaliza\u00e7\u00e3o de Nate Diaz sobre Tony Ferguson. <\/p>\n<p>Megan Olivi mais uma vez ser\u00e1 a jornalista itinerante do card. Na luta principal, Israel Adesanya defende o cintur\u00e3o dos m\u00e9dios contra Alex Pereira. <\/p>\n<p>Confira a programa\u00e7\u00e3o completa do UFC 281 abaixo. <\/p>\n<p><strong>Cart\u00e3o principal (10 pm ET na ESPN + PPV)<\/strong><\/p>\n<p>Israel Adesanya x Alex Pereira &#8211; luta pelo cintur\u00e3o dos m\u00e9dios<\/p>\n<p>Carla Esparza x Zhang Weili &#8211; luta pelo cintur\u00e3o peso palha<\/p>\n<p>Dustin Poirier x Michael Chandler<\/p>\n<p>Frankie Edgar x Chris Gutierrez<\/p>\n<p>Dan Hooker x Claudio Puelles<\/p>\n<p><strong>Cart\u00e3o Preliminar (20:00 ET na ESPNEWS, ESPN+)<\/strong><\/p>\n<p>Brad Riddell x Renato Moicano<\/p>\n<p>Dominick Reyes x Ryan Spann<\/p>\n<p>Erin Blanchfield contra Molly McCann <\/p>\n<p>Wellington Turman x Andr\u00e9 Petroski<\/p>\n<p><strong>Early Prelims (18:00 ET na ESPN +, UFC Fight Pass)<\/strong><\/p>\n<p>Karolina Kowalkiewicz x Silvana Gomez Juarez<\/p>\n<p>Michael Trizano vs Seung Woo Choi<\/p>\n<p>Matt Frevola vs. Ottman Azaitar<\/p>\n<p>Montel Jackson x Julio Arce<\/p>\n<p>Carlos Ulberg x Nicolae Negumereanu<\/p>\n<p>Fonte: https:\/\/www.mmafighting.com\/2022\/11\/8\/23447171\/ufc-281-commentary-team-set-joe-rogan-returns-to-the-booth-for-israel-adesanya-vs- alex-pereira?rand=96749<\/p>\n","protected":false},"excerpt":{"rendered":"<p>Joe Rogan retornar\u00e1 \u00e0 cabine de coment\u00e1rios pela primeira vez desde setembro para o evento UFC 281 deste s\u00e1bado. V\u00e1rias pessoas com conhecimento dos planos da promo\u00e7\u00e3o confirmaram ao MMA Fighting que Rogan chamar\u00e1 a a\u00e7\u00e3o do evento deste fim de semana no Madison Square Garden com a voz de Jon Anik e o ex-campe\u00e3o [&hellip;]<\/p>\n","protected":false},"author":1,"featured_media":291351,"comment_status":"","ping_status":"open","sticky":false,"template":"","format":"standard","meta":{"footnotes":""},"categories":[1170],"tags":[],"_links":{"self":[{"href":"https:\/\/wmmaa.org\/pt-pt\/wp-json\/wp\/v2\/posts\/291399"}],"collection":[{"href":"https:\/\/wmmaa.org\/pt-pt\/wp-json\/wp\/v2\/posts"}],"about":[{"href":"https:\/\/wmmaa.org\/pt-pt\/wp-json\/wp\/v2\/types\/post"}],"author":[{"embeddable":true,"href":"https:\/\/wmmaa.org\/pt-pt\/wp-json\/wp\/v2\/users\/1"}],"replies":[{"embeddable":true,"href":"https:\/\/wmmaa.org\/pt-pt\/wp-json\/wp\/v2\/comments?post=291399"}],"version-history":[{"count":0,"href":"https:\/\/wmmaa.org\/pt-pt\/wp-json\/wp\/v2\/posts\/291399\/revisions"}],"wp:featuredmedia":[{"embeddable":true,"href":"https:\/\/wmmaa.org\/pt-pt\/wp-json\/wp\/v2\/media\/291351"}],"wp:attachment":[{"href":"https:\/\/wmmaa.org\/pt-pt\/wp-json\/wp\/v2\/media?parent=291399"}],"wp:term":[{"taxonomy":"category","embeddable":true,"href":"https:\/\/wmmaa.org\/pt-pt\/wp-json\/wp\/v2\/categories?post=291399"},{"taxonomy":"post_tag","embeddable":true,"href":"https:\/\/wmmaa.org\/pt-pt\/wp-json\/wp\/v2\/tags?post=291399"}],"curies":[{"name":"wp","href":"https:\/\/api.w.org\/{rel}","templated":true}]}}