{"id":286944,"date":"2022-10-25T22:18:45","date_gmt":"2022-10-25T19:18:45","guid":{"rendered":"https:\/\/wmmaa.org\/jose-aldo-explica-por-que-nenhum-adversario-o-convenceria-a-adiar-a-aposentadoria-do-mma\/"},"modified":"2022-10-25T22:18:45","modified_gmt":"2022-10-25T19:18:45","slug":"jose-aldo-explica-por-que-nenhum-adversario-o-convenceria-a-adiar-a-aposentadoria-do-mma","status":"publish","type":"post","link":"https:\/\/wmmaa.org\/pt-pt\/jose-aldo-explica-por-que-nenhum-adversario-o-convenceria-a-adiar-a-aposentadoria-do-mma\/","title":{"rendered":"Jos\u00e9 Aldo explica por que nenhum advers\u00e1rio o convenceria a adiar a aposentadoria do MMA"},"content":{"rendered":"<p>Jos\u00e9 Aldo est\u00e1 &#8220;muito feliz e satisfeito com tudo que fiz no MMA, principalmente no UFC&#8221;, e por isso pendurou as luvas ap\u00f3s a derrota por decis\u00e3o para Merab Dvalishvili em agosto. <\/p>\n<p>O ex-campe\u00e3o peso-pena do UFC e WEC, um dos melhores a competir no esporte, disse em um epis\u00f3dio recente do podcast MMA Fighting <em>Troca\u00e7\u00e3o Franca<\/em> ele sempre decidiu se aposentar aos 35 anos. <\/p>\n<p>&#8220;Eu estava na minha \u00faltima corrida pelo t\u00edtulo&#8221;, disse Aldo. Aldo disse: &#8220;Eu estava esperan\u00e7oso, treinando duro, dando o meu melhor fisicamente e tecnicamente e estava determinado a ser campe\u00e3o. Mas o dia [I saw] que n\u00e3o fosse poss\u00edvel ser campe\u00e3o significaria que eu teria que parar. J\u00e1 era esperado para mim, &#8216;Dede&#8217; [Andre Pederneiras] e minha esposa. Eu sabia que se a vit\u00f3ria n\u00e3o viesse [against Dvalishvili], minha carreira terminaria. E assim foi.&#8221;<\/p>\n<p>Aldo tinha uma luta restante em seu acordo com o UFC, mas o presidente da empresa, Dana White, concordou em conceder a ele autoriza\u00e7\u00e3o para competir em outros esportes, como o boxe, se ele escolher no futuro. O brasileiro explicou por que recusou uma oferta para lutar uma \u00faltima vez dentro do oct\u00f3gono no UFC 283, que acontece no Rio de Janeiro, Brasil, em 21 de janeiro. <\/p>\n<p>&#8220;Tivemos essa \u00faltima luta [in the deal] e falaram que at\u00e9 pod\u00edamos escolher um advers\u00e1rio mais f\u00e1cil, vamos colocar assim, mas n\u00e3o. Para mim, j\u00e1 estava decidido&#8221;, disse. Ele disse: &#8220;Estou triste por n\u00e3o podermos fazer essa despedida do Rio. Mas eu n\u00e3o queria isso.&#8221; Se eu tivesse que assinar o contrato, eu escolheria o cara mais graduado para sair e ver se eu posso fazer isso de novo. Eu acredito que ainda tenho a capacidade de ter sucesso no mais alto n\u00edvel Mas n\u00e3o. \u00c9 um dia triste para todas as pessoas, m\u00eddia e torcedores. Todos pensaram nessa luta no Rio. Mas n\u00e3o eu. Esse era meu objetivo e n\u00e3o vou mudar isso. Tenho um filho agora, Aldo III, ent\u00e3o a ideia de lutar n\u00e3o passa pela minha cabe\u00e7a.&#8221;<\/p>\n<div>\n<\/div>\n<p>Questionado se um advers\u00e1rio especial o teria convencido do contr\u00e1rio, Aldo explicou que j\u00e1 estava decidido sobre a aposentadoria em 2020. <\/p>\n<p>&#8220;Para mim, eu j\u00e1 queria parar [before] nesta corrida final&#8221;, disse Aldo. [Yan] luta em Abu Dhabi, Aldo disse que queria que ele terminasse. Ele sempre deixava o tempo passar e ent\u00e3o convers\u00e1vamos. Eu tinha uma boa idade naquela \u00e9poca, ainda podia fazer outra coisa da minha vida al\u00e9m de continuar lutando. N\u00f3s voltamos. Foi ent\u00e3o que fiz uma mudan\u00e7a completa na minha vida. Comecei a treinar boxe na Marinha. Isso me deu um empurr\u00e3o extra e me ajudou a aprender coisas novas, bem como uma dieta. A partir desse momento comecei a lutar pelos outros em vez de por mim mesmo.&#8221;<\/p>\n<p>&#8220;Sou muito competitivo e sempre que entro l\u00e1 sempre darei o meu melhor e quero vencer, mas estava [fighting] para os outros&#8221;, explicou. &#8220;Eu estava vindo com tudo o que tinha para me tornar campe\u00e3o, mas para os outros, n\u00e3o para mim. Senti isso antes, para ser campe\u00e3o no mais alto n\u00edvel, mas sem nome [would have convinced me].&#8221;<\/p>\n<p>Dito isso, Aldo n\u00e3o se arrepende de ter retomado a carreira ap\u00f3s perder para Yan em Abu Dhabi. A estrela da Nova Uni\u00e3o estava perdendo tr\u00eas lutas naquele momento e venceu lutas consecutivas contra Marlon Vera, Pedro Munhoz e Rob Font antes de sua luta final com Dvalishvili. <\/p>\n<p>&#8220;N\u00e3o me arrependo de nada disso&#8221;, afirmou Aldo. &#8220;Se eu fiz isso, eu fiz porque era a coisa certa que tinha que ser feita. N\u00e3o \u00e9 algo que eu me arrependa. N\u00e3o h\u00e1 alternativa para limpar o leite derramado. Todo mundo me viu novamente no topo, n\u00e3o apenas eu. Meu passado lutador [after the Yan loss] foi o que as pessoas viram em mim e eles estavam certos. Ganhei, fiz \u00f3timas atua\u00e7\u00f5es e todo mundo come\u00e7ou a falar de mim. Foi incr\u00edvel, uma grande experi\u00eancia n\u00e3o s\u00f3 para mim, mas para minha equipe, &#8216;Dede&#8217;, minha fam\u00edlia e todos ao nosso redor nessas \u00faltimas lutas que tivemos.&#8221;<\/p>\n<p>A \u00fanica coisa que ele lamenta em rela\u00e7\u00e3o \u00e0s suas lutas finais \u00e9 ter o \u00e1rbitro Jason Herzog como o terceiro homem no cage para sua \u00faltima apari\u00e7\u00e3o no oct\u00f3gono no UFC 278. <\/p>\n<p>&#8220;Eu poderia esperar e assistir a luta pelo t\u00edtulo e ser o pr\u00f3ximo da fila&#8221;, afirmou Aldo. &#8220;Mas n\u00e3o sei quando [Aljamain] Sterling vai querer lutar. Ele poderia se machucar, adiar a luta ou cancel\u00e1-la. N\u00e3o era algo que eu desejava fazer. Eu estava com pressa para lutar, e estava disposto a isso. Foi o que fiz quando assinei pela primeira vez para lutar no UFC e no WEC. Era importante para mim que eu me mantivesse ativo. A luta tem uma janela limitada, ent\u00e3o eu precisava provar a mim mesmo. Apesar de [Dvalishvili] n\u00e3o era algu\u00e9m que eu queria lutar, era algo que eu tinha que fazer. <\/p>\n<p>&#8220;Estou muito decepcionado com esta \u00faltima apresenta\u00e7\u00e3o&#8221;, continuou ele, &#8220;mas, por outro lado, todos t\u00eam essa imagem de mim como campe\u00e3o, vencendo minhas lutas e dando tudo de mim, lutando contra todos, eles n\u00e3o tanto sobre essa perda em si, mas a luta, que foi feia. [Dvalishvili] continuou a abra\u00e7ar, mas isso n\u00e3o foi culpa de Merab, foi tamb\u00e9m o [fault]. juiz. Ele \u00e9 horr\u00edvel. Posso dizer-lhe isso. \u00c9 sempre uma luta, n\u00e3o importa quantas vezes ele apita. A mesma coisa aconteceu em Ketlen [Vieira\u2019s] lutar com Holly Holm. <\/p>\n<p>&#8220;Dez segundos se passam e o cara s\u00f3 te toca com o joelho, sem fazer nada mesmo, quebra. Se a sua condi\u00e7\u00e3o n\u00e3o melhorar, voc\u00ea pode separar os dois e recome\u00e7ar. Como torcedor, quero lutar uma luta, n\u00e3o pessoas se abra\u00e7ando, [and a referee] defendendo [that] estilo&#8230; O \u00e1rbitro \u00e9 mais culpado do que Merab. Merab fez o que se prop\u00f4s a fazer, mas o \u00e1rbitro \u00e9 quem deixou acontecer.&#8221;<\/p>\n","protected":false},"excerpt":{"rendered":"<p>Jos\u00e9 Aldo est\u00e1 &#8220;muito feliz e satisfeito com tudo que fiz no MMA, principalmente no UFC&#8221;, e por isso pendurou as luvas ap\u00f3s a derrota por decis\u00e3o para Merab Dvalishvili em agosto. O ex-campe\u00e3o peso-pena do UFC e WEC, um dos melhores a competir no esporte, disse em um epis\u00f3dio recente do podcast MMA Fighting [&hellip;]<\/p>\n","protected":false},"author":1,"featured_media":286858,"comment_status":"","ping_status":"open","sticky":false,"template":"","format":"standard","meta":{"footnotes":""},"categories":[1170],"tags":[],"_links":{"self":[{"href":"https:\/\/wmmaa.org\/pt-pt\/wp-json\/wp\/v2\/posts\/286944"}],"collection":[{"href":"https:\/\/wmmaa.org\/pt-pt\/wp-json\/wp\/v2\/posts"}],"about":[{"href":"https:\/\/wmmaa.org\/pt-pt\/wp-json\/wp\/v2\/types\/post"}],"author":[{"embeddable":true,"href":"https:\/\/wmmaa.org\/pt-pt\/wp-json\/wp\/v2\/users\/1"}],"replies":[{"embeddable":true,"href":"https:\/\/wmmaa.org\/pt-pt\/wp-json\/wp\/v2\/comments?post=286944"}],"version-history":[{"count":0,"href":"https:\/\/wmmaa.org\/pt-pt\/wp-json\/wp\/v2\/posts\/286944\/revisions"}],"wp:featuredmedia":[{"embeddable":true,"href":"https:\/\/wmmaa.org\/pt-pt\/wp-json\/wp\/v2\/media\/286858"}],"wp:attachment":[{"href":"https:\/\/wmmaa.org\/pt-pt\/wp-json\/wp\/v2\/media?parent=286944"}],"wp:term":[{"taxonomy":"category","embeddable":true,"href":"https:\/\/wmmaa.org\/pt-pt\/wp-json\/wp\/v2\/categories?post=286944"},{"taxonomy":"post_tag","embeddable":true,"href":"https:\/\/wmmaa.org\/pt-pt\/wp-json\/wp\/v2\/tags?post=286944"}],"curies":[{"name":"wp","href":"https:\/\/api.w.org\/{rel}","templated":true}]}}