{"id":286685,"date":"2022-10-25T19:54:52","date_gmt":"2022-10-25T16:54:52","guid":{"rendered":"https:\/\/wmmaa.org\/o-chefe-do-bellator-anunciou-um-novo-grande-premio-para-a-promocao-em-2023\/"},"modified":"2022-10-25T19:54:52","modified_gmt":"2022-10-25T16:54:52","slug":"o-chefe-do-bellator-anunciou-um-novo-grande-premio-para-a-promocao-em-2023","status":"publish","type":"post","link":"https:\/\/wmmaa.org\/pt-pt\/o-chefe-do-bellator-anunciou-um-novo-grande-premio-para-a-promocao-em-2023\/","title":{"rendered":"O chefe do Bellator anunciou um novo Grande Pr\u00eamio para a promo\u00e7\u00e3o em 2023"},"content":{"rendered":"<p>Scott Cocker compartilhou seus planos\n<\/p>\n<p style=\"margin-bottom:13px\">Scott Cocker, 59 anos, anunciou a organiza\u00e7\u00e3o e hospedagem do GP dos Leves do Bellator 2023. O promotor admitiu que a liga estava h\u00e1 n\u00e3o um, mas v\u00e1rios anos para criar um torneio desse tipo, reunindo os melhores lutadores para essa ideia.<\/p>\n<p>\u201cSe voc\u00ea olhar para o nosso elenco, acho que este \u00e9 o melhor elenco que o Bellator j\u00e1 teve. Levamos cerca de quatro ou cinco anos para chegar l\u00e1. Temos muitos caras jovens, sobre os quais tenho uma opini\u00e3o muito alta, e muitos bons veteranos.<\/p>\n<p>Acho que vai ser um torneio incr\u00edvel. Brent Primus estar\u00e1 participando. Ainda n\u00e3o decidimos quem estar\u00e1 entre os oito primeiros, mas se AJ McKee decidir que gosta de lutar em 155, ele definitivamente receber\u00e1 um convite para subir um degrau. E se ele quiser voltar para 145, ent\u00e3o est\u00e1 tudo em ordem. Mas no ano que vem ser\u00e1 um torneio incr\u00edvel\u201d, disse Cocker.<\/p>\n","protected":false},"excerpt":{"rendered":"<p>Scott Cocker compartilhou seus planos Scott Cocker, 59 anos, anunciou a organiza\u00e7\u00e3o e hospedagem do GP dos Leves do Bellator 2023. O promotor admitiu que a liga estava h\u00e1 n\u00e3o um, mas v\u00e1rios anos para criar um torneio desse tipo, reunindo os melhores lutadores para essa ideia. \u201cSe voc\u00ea olhar para o nosso elenco, acho [&hellip;]<\/p>\n","protected":false},"author":1,"featured_media":286602,"comment_status":"","ping_status":"open","sticky":false,"template":"","format":"standard","meta":{"footnotes":""},"categories":[1170],"tags":[998,41,3221,165],"_links":{"self":[{"href":"https:\/\/wmmaa.org\/pt-pt\/wp-json\/wp\/v2\/posts\/286685"}],"collection":[{"href":"https:\/\/wmmaa.org\/pt-pt\/wp-json\/wp\/v2\/posts"}],"about":[{"href":"https:\/\/wmmaa.org\/pt-pt\/wp-json\/wp\/v2\/types\/post"}],"author":[{"embeddable":true,"href":"https:\/\/wmmaa.org\/pt-pt\/wp-json\/wp\/v2\/users\/1"}],"replies":[{"embeddable":true,"href":"https:\/\/wmmaa.org\/pt-pt\/wp-json\/wp\/v2\/comments?post=286685"}],"version-history":[{"count":0,"href":"https:\/\/wmmaa.org\/pt-pt\/wp-json\/wp\/v2\/posts\/286685\/revisions"}],"wp:featuredmedia":[{"embeddable":true,"href":"https:\/\/wmmaa.org\/pt-pt\/wp-json\/wp\/v2\/media\/286602"}],"wp:attachment":[{"href":"https:\/\/wmmaa.org\/pt-pt\/wp-json\/wp\/v2\/media?parent=286685"}],"wp:term":[{"taxonomy":"category","embeddable":true,"href":"https:\/\/wmmaa.org\/pt-pt\/wp-json\/wp\/v2\/categories?post=286685"},{"taxonomy":"post_tag","embeddable":true,"href":"https:\/\/wmmaa.org\/pt-pt\/wp-json\/wp\/v2\/tags?post=286685"}],"curies":[{"name":"wp","href":"https:\/\/api.w.org\/{rel}","templated":true}]}}