{"id":281435,"date":"2022-10-19T00:03:04","date_gmt":"2022-10-18T21:03:04","guid":{"rendered":"https:\/\/wmmaa.org\/ex-campeao-dorticos-reinicia-carreira-ao-retornar-ao-ex-tecnico\/"},"modified":"2022-10-19T00:03:04","modified_gmt":"2022-10-18T21:03:04","slug":"ex-campeao-dorticos-reinicia-carreira-ao-retornar-ao-ex-tecnico","status":"publish","type":"post","link":"https:\/\/wmmaa.org\/pt-pt\/ex-campeao-dorticos-reinicia-carreira-ao-retornar-ao-ex-tecnico\/","title":{"rendered":"Ex-campe\u00e3o Dorticos reinicia carreira ao retornar ao ex-t\u00e9cnico"},"content":{"rendered":"<p><img decoding=\"async\" src=\"https:\/\/wmmaa.org\/wp-content\/uploads\/2022\/10\/51d5dfd02808e7aad2720fa4ebbd2673.png\" alt=\"\"><\/p>\n<div>\n<p> O ex-campe\u00e3o mundial dos pesos pesados \u200b\u200b(at\u00e9 90,7 kg) cubano Yuniel Dorticos (25-2, 23 KOs), de 36 anos, deve recome\u00e7ar a carreira e voltar a lutar por uma posi\u00e7\u00e3o de lideran\u00e7a na divis\u00e3o.\n<\/p>\n<p> Para isso, Dorticos voltou a trabalhar com o renomado treinador compatriota Pedro Diaz.\n<\/p>\n<p> \u201cTenho orgulho de trabalhar com Pedro novamente\u201d, diz o boxeador. \u201cJ\u00e1 trabalhamos juntos antes e agora estamos focados novamente em voltar ao topo do campeonato para fazer hist\u00f3ria.\u201d\n<\/p>\n<p> Desde que perdeu o t\u00edtulo da IBF em setembro de 2020 com uma perda de pontos (MD 12) para Mairis Briedis na final da Super Series 2, Dorticos fez apenas uma apari\u00e7\u00e3o, marcando o meia Jesse Brown em duas rodadas em novembro passado.\n<\/p>\n<p> \u201cTodo mundo sabe que Dorticos \u00e9 um lutador s\u00e9rio\u201d, diz Diaz. &#8211; Muitos treinadores trabalharam com ele, e cada um trouxe algo seu. Sim, j\u00e1 trabalhamos com ele antes. Se tudo correr como sua equipe planeja, vamos v\u00ea-lo no ringue em breve.&#8221;\n<\/p>\n<p> Vale lembrar que Yuniel tamb\u00e9m sofreu sua primeira derrota na carreira na Super Series, apenas na primeira temporada, tendo sofrido uma derrota precoce na 12\u00aa rodada da luta de unifica\u00e7\u00e3o contra Murat Gassiev.\n<\/p>\n<p>\n <i><span>Fonte: <\/span><\/i><br \/>\n <a rel=\"nofollow noopener\" target=\"_blank\" href=\"https:\/\/www.boxingscene.com\/\"><i><span>cena de boxe<\/span><\/i><\/a><\/p>\n<\/p>\n<\/div>\n","protected":false},"excerpt":{"rendered":"<p>O ex-campe\u00e3o mundial dos pesos pesados \u200b\u200b(at\u00e9 90,7 kg) cubano Yuniel Dorticos (25-2, 23 KOs), de 36 anos, deve recome\u00e7ar a carreira e voltar a lutar por uma posi\u00e7\u00e3o de lideran\u00e7a na divis\u00e3o. Para isso, Dorticos voltou a trabalhar com o renomado treinador compatriota Pedro Diaz. \u201cTenho orgulho de trabalhar com Pedro novamente\u201d, diz o [&hellip;]<\/p>\n","protected":false},"author":1,"featured_media":281421,"comment_status":"","ping_status":"open","sticky":false,"template":"","format":"standard","meta":{"footnotes":""},"categories":[1170],"tags":[],"_links":{"self":[{"href":"https:\/\/wmmaa.org\/pt-pt\/wp-json\/wp\/v2\/posts\/281435"}],"collection":[{"href":"https:\/\/wmmaa.org\/pt-pt\/wp-json\/wp\/v2\/posts"}],"about":[{"href":"https:\/\/wmmaa.org\/pt-pt\/wp-json\/wp\/v2\/types\/post"}],"author":[{"embeddable":true,"href":"https:\/\/wmmaa.org\/pt-pt\/wp-json\/wp\/v2\/users\/1"}],"replies":[{"embeddable":true,"href":"https:\/\/wmmaa.org\/pt-pt\/wp-json\/wp\/v2\/comments?post=281435"}],"version-history":[{"count":0,"href":"https:\/\/wmmaa.org\/pt-pt\/wp-json\/wp\/v2\/posts\/281435\/revisions"}],"wp:featuredmedia":[{"embeddable":true,"href":"https:\/\/wmmaa.org\/pt-pt\/wp-json\/wp\/v2\/media\/281421"}],"wp:attachment":[{"href":"https:\/\/wmmaa.org\/pt-pt\/wp-json\/wp\/v2\/media?parent=281435"}],"wp:term":[{"taxonomy":"category","embeddable":true,"href":"https:\/\/wmmaa.org\/pt-pt\/wp-json\/wp\/v2\/categories?post=281435"},{"taxonomy":"post_tag","embeddable":true,"href":"https:\/\/wmmaa.org\/pt-pt\/wp-json\/wp\/v2\/tags?post=281435"}],"curies":[{"name":"wp","href":"https:\/\/api.w.org\/{rel}","templated":true}]}}