{"id":277629,"date":"2022-10-13T16:15:14","date_gmt":"2022-10-13T13:15:14","guid":{"rendered":"https:\/\/wmmaa.org\/aspen-ladd-descreve-assar-seu-corpo-durante-corte-de-peso-que-levou-a-liberacao-do-ufc-esta-foi-a-gota-dagua\/"},"modified":"2022-10-13T16:15:14","modified_gmt":"2022-10-13T13:15:14","slug":"aspen-ladd-descreve-assar-seu-corpo-durante-corte-de-peso-que-levou-a-liberacao-do-ufc-esta-foi-a-gota-dagua","status":"publish","type":"post","link":"https:\/\/wmmaa.org\/pt-pt\/aspen-ladd-descreve-assar-seu-corpo-durante-corte-de-peso-que-levou-a-liberacao-do-ufc-esta-foi-a-gota-dagua\/","title":{"rendered":"Aspen Ladd descreve &#8216;assar&#8217; seu corpo durante corte de peso que levou \u00e0 libera\u00e7\u00e3o do UFC: &#8216;Esta foi a gota d&#8217;\u00e1gua&#8217;"},"content":{"rendered":"<p>Quando Aspen Ladd sofreu seu corte de peso mais recente para sua luta no UFC Vegas 60 contra Sara McMann, ela percebeu que seus dias competindo com 135 libras haviam acabado.<\/p>\n<p>Enquanto ela j\u00e1 havia perdido a escala e at\u00e9 teve as lutas canceladas por preocupa\u00e7\u00f5es com sua sa\u00fade, a lutadora de 27 anos tentou desesperadamente chegar a 135 libras. Mas seu corpo finalmente p\u00f4s um fim nisso.<\/p>\n<p>\u201cFoi particularmente foda s\u00f3 porque nunca deveria ter acontecido\u201d, disse Ladd sobre seu recente corte de peso no The MMA Hour. \u201cComecei extremamente baixo e parei de suar.<\/p>\n<p>\u201cAcabou assando por mais seis horas sem suar mais e, durante esse processo, \u00e9 como nunca mais.\u201d<\/p>\n<p>De acordo com Ladd, ela n\u00e3o estava tentando cortar uma quantidade extrema de peso quando a semana de luta come\u00e7ou. Mas, apesar de seus melhores esfor\u00e7os, seu corpo desligou depois que ela atingiu 138 libras na balan\u00e7a.<\/p>\n<aside>\n<div class=\"c-read-more\">\n<p class=\"c-read-more__intro\">\n<p> Relacionado\n <\/p>\n<h4>Resultados da pesagem do UFC Vegas 60: Aspen Ladd perde peso por 2 libras, luta com Sara McMann cancelada <\/h4>\n<\/div>\n<\/aside>\n<p>Esse corte de peso desastroso, combinado com tantas experi\u00eancias horr\u00edveis anteriores, fez Ladd finalmente perceber que a \u00fanica maneira de continuar lutando era passar para uma divis\u00e3o maior e mais natural.<\/p>\n<p>\u201cO n\u00edvel de dor e as coisas que passei depois de fazer esses cortes \u2013 e mesmo quando voc\u00ea faz tudo certo, voc\u00ea fica o mais magro poss\u00edvel e faz dieta 10 meses por ano \u2013 \u00e9 s\u00f3 que toda a minha vida est\u00e1 focada em permanecer pequeno o suficiente\u201d, disse Ladd.<\/p>\n<p>\u201cN\u00e3o sei para quantos dos outros [bantamweights] isso \u00e9 verdade ou lutadores em geral, mas honestamente foi apenas a gota d&#8217;\u00e1gua para mim. Cansei de viver minha vida inteira tentando ficar pequeno o suficiente e depois me sentir horr\u00edvel e ter que me recuperar fisicamente disso.\u201d<\/p>\n<p>Poucos dias depois que sua luta com McMann foi cancelada, o UFC liberou Ladd de seu contrato com a promo\u00e7\u00e3o.<\/p>\n<aside>\n<div class=\"c-read-more\">\n<p class=\"c-read-more__intro\">\n<p> Relacionado\n <\/p>\n<h4>Aspen Ladd \u00e9 dispensado do UFC ap\u00f3s perder peso <\/h4>\n<\/div>\n<\/aside>\n<p>Foi um final duvidoso para o relacionamento, considerando que Ladd j\u00e1 foi apontado como um futuro candidato na divis\u00e3o dos galos. Mas ela disse que n\u00e3o havia como seguir em frente com o UFC porque planejava subir at\u00e9 145 libras.<\/p>\n<p>\u201cPorque eu claramente n\u00e3o consigo atingir esse peso aos 135, pelo menos n\u00e3o consistentemente sem morrer\u201d, disse Ladd. \u201cPrecisava subir, e eles n\u00e3o t\u00eam oportunidade nos 145. Eles t\u00eam a categoria de peso, mas honestamente, se voc\u00ea \u00e9 um 145er no UFC, eu recomendo se voc\u00ea puder descer, fa\u00e7a isso. , e se n\u00e3o, veja suas op\u00e7\u00f5es. Era hora de olhar para o meu.<\/p>\n<p>\u201cFoi meio que ambas as partes sabiam que esta era a gota d&#8217;\u00e1gua. Porque se voc\u00ea s\u00f3 tem essa op\u00e7\u00e3o singular, e eu simplesmente n\u00e3o consigo \u2013 depois desse \u00faltimo corte, n\u00e3o vou tentar de novo. Quando te dizem que n\u00e3o est\u00e1 l\u00e1, bem, ent\u00e3o precisamos descobrir outra coisa.\u201d<\/p>\n<div><\/div>\n<p>Ladd disse que conversou com o UFC sobre competir at\u00e9 68kg de forma mais regular, mas a organiza\u00e7\u00e3o n\u00e3o estava interessada em construir a divis\u00e3o dos penas al\u00e9m do t\u00edtulo atualmente de Amanda Nunes.<\/p>\n<p>\u201cA coisa 145 estava sempre na mesa, ou n\u00f3s a apresentamos, tipo, &#8216;Ei, eu quero fazer isso&#8217;, mas n\u00e3o \u00e9 onde est\u00e1 o foco deles\u201d, disse Ladd. \u201cCom o passar dos anos, eles realmente fizeram um esfor\u00e7o para isso, mas agora est\u00e1 morrendo. Voc\u00ea tenta ir onde a oportunidade est\u00e1. foi quase 135 [pounds] ou nada.&#8221;<\/p>\n<p>Apesar do fato de que ela n\u00e3o foi capaz de se comprometer com uma categoria de peso mais saud\u00e1vel, Ladd n\u00e3o guarda m\u00e1goa em rela\u00e7\u00e3o ao UFC por sua liberta\u00e7\u00e3o. Mesmo que ele n\u00e3o seja mais seu chefe, ela elogia o presidente do UFC, Dana White.<\/p>\n<p>\u201cN\u00e3o tenho nada al\u00e9m de gratid\u00e3o pelo tempo que estive l\u00e1\u201d, disse Ladd sobre o UFC. \u201cAlgumas pessoas na organiza\u00e7\u00e3o s\u00e3o incr\u00edveis, e h\u00e1 algumas que n\u00e3o s\u00e3o, mas isso \u00e9 o mesmo para qualquer coisa, em qualquer lugar. Nada al\u00e9m de gratid\u00e3o.<\/p>\n<p>\u201cNo que diz respeito a Dana, n\u00e3o tenho nada al\u00e9m de respeito pelo cara. Eu acho que ele faz muita merda na m\u00eddia, e isso realmente n\u00e3o se justifica, especialmente nos \u00faltimos dois anos, quando o mundo parou e ainda tivemos a oportunidade de lutar.\u201d<\/p>\n<p>N\u00e3o demorou muito para Ladd encontrar um novo lar para os combatentes. Ela recebeu v\u00e1rias ofertas e conversou com o Bellator MMA, entre outros. Mas no final, ela decidiu fechar um acordo com a PFL porque a promo\u00e7\u00e3o planeja lan\u00e7ar uma divis\u00e3o de penas em 2023. Isso finalmente lhe dar\u00e1 a chance de competir com mais regularidade.<\/p>\n<p>\u201c[It\u2019s been] uma montanha-russa de emo\u00e7\u00f5es\u201d, disse Ladd. \u201cInicialmente h\u00e1 esse tipo de coisa que vai acontecer agora, mas desde ent\u00e3o a separa\u00e7\u00e3o inicial dos caminhos com o tipo UFC, nada al\u00e9m de positividade aconteceu. Nada al\u00e9m de coisas boas.<\/p>\n<p>\u201cAgora, estou no topo do mundo. Eu n\u00e3o poderia estar mais feliz com a forma como as coisas est\u00e3o indo.\u201d<\/p>\n","protected":false},"excerpt":{"rendered":"<p>Quando Aspen Ladd sofreu seu corte de peso mais recente para sua luta no UFC Vegas 60 contra Sara McMann, ela percebeu que seus dias competindo com 135 libras haviam acabado. Enquanto ela j\u00e1 havia perdido a escala e at\u00e9 teve as lutas canceladas por preocupa\u00e7\u00f5es com sua sa\u00fade, a lutadora de 27 anos tentou [&hellip;]<\/p>\n","protected":false},"author":1,"featured_media":277620,"comment_status":"","ping_status":"open","sticky":false,"template":"","format":"standard","meta":{"footnotes":""},"categories":[1170],"tags":[],"_links":{"self":[{"href":"https:\/\/wmmaa.org\/pt-pt\/wp-json\/wp\/v2\/posts\/277629"}],"collection":[{"href":"https:\/\/wmmaa.org\/pt-pt\/wp-json\/wp\/v2\/posts"}],"about":[{"href":"https:\/\/wmmaa.org\/pt-pt\/wp-json\/wp\/v2\/types\/post"}],"author":[{"embeddable":true,"href":"https:\/\/wmmaa.org\/pt-pt\/wp-json\/wp\/v2\/users\/1"}],"replies":[{"embeddable":true,"href":"https:\/\/wmmaa.org\/pt-pt\/wp-json\/wp\/v2\/comments?post=277629"}],"version-history":[{"count":0,"href":"https:\/\/wmmaa.org\/pt-pt\/wp-json\/wp\/v2\/posts\/277629\/revisions"}],"wp:featuredmedia":[{"embeddable":true,"href":"https:\/\/wmmaa.org\/pt-pt\/wp-json\/wp\/v2\/media\/277620"}],"wp:attachment":[{"href":"https:\/\/wmmaa.org\/pt-pt\/wp-json\/wp\/v2\/media?parent=277629"}],"wp:term":[{"taxonomy":"category","embeddable":true,"href":"https:\/\/wmmaa.org\/pt-pt\/wp-json\/wp\/v2\/categories?post=277629"},{"taxonomy":"post_tag","embeddable":true,"href":"https:\/\/wmmaa.org\/pt-pt\/wp-json\/wp\/v2\/tags?post=277629"}],"curies":[{"name":"wp","href":"https:\/\/api.w.org\/{rel}","templated":true}]}}