{"id":264983,"date":"2022-09-25T00:40:33","date_gmt":"2022-09-24T21:40:33","guid":{"rendered":"https:\/\/wmmaa.org\/chris-curtis-x-joaquin-buckley-adicionado-ao-ufc-282\/"},"modified":"2022-09-25T00:40:33","modified_gmt":"2022-09-24T21:40:33","slug":"chris-curtis-x-joaquin-buckley-adicionado-ao-ufc-282","status":"publish","type":"post","link":"https:\/\/wmmaa.org\/pt-pt\/chris-curtis-x-joaquin-buckley-adicionado-ao-ufc-282\/","title":{"rendered":"Chris Curtis x Joaquin Buckley adicionado ao UFC 282"},"content":{"rendered":"<p> Depois de alguns sparrings verbais, Chris Curtis vai finalmente resolver o assunto no oct\u00f3gono do UFC 282. <\/p>\n<p> A empresa de gest\u00e3o de Curtis, Iridium Sports Agency, confirmou que a luta pelo t\u00edtulo dos m\u00e9dios ser\u00e1 realizada em 10 de dezembro, com v\u00e1rias fontes confirmando a not\u00edcia. <\/p>\n<p>T-Mobile Arena, Las Vegas hospeda o <\/p>\n<p>UFC 282. N\u00e3o se sabe qual ser\u00e1 a ordem oficial das lutas para a ESPN+ PPV. <\/p>\n<p>Buckley chamou Curtis em junho, <a rel=\"nofollow noopener\" target=\"_blank\" href=\"https:\/\/www.mmanews.com\/2022\/07\/chris-curtis-rips-buckley\/\">provocando uma entrevista acalorada<\/a> onde Curtis acusou Buckley de ser uma &#8220;cobra&#8221; nas instala\u00e7\u00f5es da Xtreme Couture, onde ambos treinaram em Las Vegas. <\/p>\n<p>&#8220;Os treinadores nos avisaram que ele era uma cobra do caralho&#8221;, disse Curtis ao MMA News. &#8220;N\u00f3s tentamos oferecer uma m\u00e3o a ele, ele \u00e9 uma porra de uma cobra. Joaquin Buckley agora \u00e9 uma porra. \u00c9 meu objetivo estar ao lado de Joaquin Buckley em qualquer pesquisa. Qualquer classifica\u00e7\u00e3o, em qualquer lugar. Joaquin Buckley \u00e9 n\u00e3o est\u00e1 no meu radar.&#8221;<\/p>\n<p> ent\u00e3o n\u00e3o me preocupo com ele.<\/p>\n<p>Curtis est\u00e1 tentando se recuperar da derrota contra Jack Hermansson. Depois de perder uma decis\u00e3o, Curtis quase brigou com Jack Hermansson e foi duramente criticado por seu comportamento depois. Mais tarde, ele se desculpou por deixar seu temperamento tirar o melhor dele. <\/p>\n<p>Buckley, enquanto isso, espera se recuperar de uma derrota por decis\u00e3o para Nassourdine Imavov em sua partida anterior. <\/p>\n<p>O UFC 282 ser\u00e1 encabe\u00e7ado por uma revanche dos meio-pesados \u200b\u200bentre o campe\u00e3o Jiri Prochazka e Glover Teixeira. <\/p>\n<p>\n","protected":false},"excerpt":{"rendered":"<p>Depois de alguns sparrings verbais, Chris Curtis vai finalmente resolver o assunto no oct\u00f3gono do UFC 282. A empresa de gest\u00e3o de Curtis, Iridium Sports Agency, confirmou que a luta pelo t\u00edtulo dos m\u00e9dios ser\u00e1 realizada em 10 de dezembro, com v\u00e1rias fontes confirmando a not\u00edcia. T-Mobile Arena, Las Vegas hospeda o UFC 282. N\u00e3o [&hellip;]<\/p>\n","protected":false},"author":1,"featured_media":264971,"comment_status":"","ping_status":"open","sticky":false,"template":"","format":"standard","meta":{"footnotes":""},"categories":[1170],"tags":[],"_links":{"self":[{"href":"https:\/\/wmmaa.org\/pt-pt\/wp-json\/wp\/v2\/posts\/264983"}],"collection":[{"href":"https:\/\/wmmaa.org\/pt-pt\/wp-json\/wp\/v2\/posts"}],"about":[{"href":"https:\/\/wmmaa.org\/pt-pt\/wp-json\/wp\/v2\/types\/post"}],"author":[{"embeddable":true,"href":"https:\/\/wmmaa.org\/pt-pt\/wp-json\/wp\/v2\/users\/1"}],"replies":[{"embeddable":true,"href":"https:\/\/wmmaa.org\/pt-pt\/wp-json\/wp\/v2\/comments?post=264983"}],"version-history":[{"count":0,"href":"https:\/\/wmmaa.org\/pt-pt\/wp-json\/wp\/v2\/posts\/264983\/revisions"}],"wp:featuredmedia":[{"embeddable":true,"href":"https:\/\/wmmaa.org\/pt-pt\/wp-json\/wp\/v2\/media\/264971"}],"wp:attachment":[{"href":"https:\/\/wmmaa.org\/pt-pt\/wp-json\/wp\/v2\/media?parent=264983"}],"wp:term":[{"taxonomy":"category","embeddable":true,"href":"https:\/\/wmmaa.org\/pt-pt\/wp-json\/wp\/v2\/categories?post=264983"},{"taxonomy":"post_tag","embeddable":true,"href":"https:\/\/wmmaa.org\/pt-pt\/wp-json\/wp\/v2\/tags?post=264983"}],"curies":[{"name":"wp","href":"https:\/\/api.w.org\/{rel}","templated":true}]}}