{"id":264355,"date":"2022-09-24T02:50:28","date_gmt":"2022-09-23T23:50:28","guid":{"rendered":"https:\/\/wmmaa.org\/resultados-do-bellator-dublin-benson-henderson-derrota-peter-queally-em-uma-vitoria-desequilibrada-yoel-romero-aposenta-melvin-manhoef\/"},"modified":"2022-09-24T02:50:28","modified_gmt":"2022-09-23T23:50:28","slug":"resultados-do-bellator-dublin-benson-henderson-derrota-peter-queally-em-uma-vitoria-desequilibrada-yoel-romero-aposenta-melvin-manhoef","status":"publish","type":"post","link":"https:\/\/wmmaa.org\/pt-pt\/resultados-do-bellator-dublin-benson-henderson-derrota-peter-queally-em-uma-vitoria-desequilibrada-yoel-romero-aposenta-melvin-manhoef\/","title":{"rendered":"Resultados do Bellator Dublin: Benson Henderson derrota Peter Queally em uma vit\u00f3ria desequilibrada. Yoel Romero aposenta Melvin Manhoef"},"content":{"rendered":"<p>Benson Henderson n\u00e3o se importou em dar spoiler para a torcida irlandesa. <\/p>\n<p>O ex-campe\u00e3o dos leves do UFC venceu por decis\u00e3o un\u00e2nime sobre o favorito da cidade, Peter Queally, na sexta-feira, na luta principal do Bellator 285, que aconteceu na 3Arena Arena em Dublin, na Irlanda. Henderson (30-11) liderou a dan\u00e7a de pilar a poste, usando uma dieta constante de quedas, press\u00e3o para a frente e controle de clinch ao longo da cerca para ganhar um trio de 49-45 pontos sobre Queally (13-7-1), com sua dedu\u00e7\u00e3o de ponto solit\u00e1rio sendo o resultado de um chute na virilha no segundo round. <\/p>\n<p>Enquanto ele estava no controle o tempo todo, o americano de 38 anos teve seu melhor momento na quarta rodada, quando derrubou Queally com uma cotovelada monstruosa. Henderson estava cheio de golpes, mas Queally chegou at\u00e9 o \u00faltimo chifre. <\/p>\n<p>&#8220;Man Peter \u00e9 t\u00e3o duro quanto o inferno&#8221;, afirmou Henderson depois. Ele olhou para mim, sabendo que eu tinha acertado duas boas cotoveladas. Eu fiquei tipo, &#8216;Santo [crap]!&#8217; Aquela m\u00fasica &#8216;Zombie&#8217; &#8211; ele \u00e9 um zumbi.&#8221;<\/p>\n<p>A vit\u00f3ria empurrou o recorde de Henderson no Bellator para 7-6 desde que assinou com a promo\u00e7\u00e3o em 2016. Depois, Henderson ligou para enfrentar o vencedor da disputa pelo t\u00edtulo dos leves do Bellator 288 em 18 de novembro entre o atual campe\u00e3o Patricky Pitbull e Usman Nurmagomedov. <\/p>\n<div>\n<blockquote class=\"twitter-tweet\">\n<p lang=\"en\" dir=\"ltr\">Uma luta tensa at\u00e9 agora entre <a rel=\"nofollow noopener\" target=\"_blank\" href=\"https:\/\/twitter.com\/peterqueally?ref_src=twsrc%5Etfw\">@PeterQueally<\/a> e <a rel=\"nofollow noopener\" target=\"_blank\" href=\"https:\/\/twitter.com\/BensonHenderson?ref_src=twsrc%5Etfw\">@BensonHenderson<\/a>. <a rel=\"nofollow noopener\" target=\"_blank\" href=\"https:\/\/twitter.com\/hashtag\/Bellator285?src=hash&amp;ref_src=twsrc%5Etfw\">#Bellator285<\/a> | <a rel=\"nofollow noopener\" target=\"_blank\" href=\"https:\/\/twitter.com\/SHOsports?ref_src=twsrc%5Etfw\">@SHOSports<\/a> | <a rel=\"nofollow noopener\" target=\"_blank\" href=\"https:\/\/twitter.com\/bbcthree?ref_src=twsrc%5Etfw\">@BBCTree<\/a> <a rel=\"nofollow noopener\" target=\"_blank\" href=\"https:\/\/t.co\/CmROd4NZEq\">pic.twitter.com\/CmROd4NZEq<\/a><\/p>\n<p>&#8212; BellatorMMA (@BellatorMMA) <a rel=\"nofollow noopener\" target=\"_blank\" href=\"https:\/\/twitter.com\/BellatorMMA\/status\/1573446812404535315?ref_src=twsrc%5Etfw\">23 de setembro de 2022<\/a>\n<\/p>\n<\/blockquote>\n<\/div>\n<div>\n<blockquote class=\"twitter-tweet\">\n<p lang=\"en\" dir=\"ltr\"> <a rel=\"nofollow noopener\" target=\"_blank\" href=\"https:\/\/twitter.com\/BensonHenderson?ref_src=twsrc%5Etfw\">@BensonHenderson<\/a> leva para a tela. <a rel=\"nofollow noopener\" target=\"_blank\" href=\"https:\/\/twitter.com\/hashtag\/Bellator285?src=hash&amp;ref_src=twsrc%5Etfw\">#Bellator285<\/a> | <a rel=\"nofollow noopener\" target=\"_blank\" href=\"https:\/\/twitter.com\/SHOsports?ref_src=twsrc%5Etfw\">@SHOSports<\/a> | <a rel=\"nofollow noopener\" target=\"_blank\" href=\"https:\/\/twitter.com\/bbcthree?ref_src=twsrc%5Etfw\">@BBCTree<\/a> <a rel=\"nofollow noopener\" target=\"_blank\" href=\"https:\/\/t.co\/3sDlluMbti\">pic.twitter.com\/3sDlluMbti<\/a><\/p>\n<p>&#8212; BellatorMMA (@BellatorMMA) <a rel=\"nofollow noopener\" target=\"_blank\" href=\"https:\/\/twitter.com\/BellatorMMA\/status\/1573447203699544075?ref_src=twsrc%5Etfw\">23 de setembro de 2022<\/a>\n<\/p>\n<\/blockquote>\n<\/div>\n<div>\n<blockquote class=\"twitter-tweet\">\n<p lang=\"en\" dir=\"ltr\">Aquele chute&#8230; <a rel=\"nofollow noopener\" target=\"_blank\" href=\"https:\/\/twitter.com\/BensonHenderson?ref_src=twsrc%5Etfw\">@BensonHenderson<\/a> <a rel=\"nofollow noopener\" target=\"_blank\" href=\"https:\/\/twitter.com\/hashtag\/Bellator285?src=hash&amp;ref_src=twsrc%5Etfw\">#Bellator285<\/a> | <a rel=\"nofollow noopener\" target=\"_blank\" href=\"https:\/\/twitter.com\/SHOsports?ref_src=twsrc%5Etfw\">@SHOSports<\/a> | <a rel=\"nofollow noopener\" target=\"_blank\" href=\"https:\/\/twitter.com\/bbcthree?ref_src=twsrc%5Etfw\">@BBCTree<\/a> <a rel=\"nofollow noopener\" target=\"_blank\" href=\"https:\/\/t.co\/5KulvEPXnx\">pic.twitter.com\/5KulvEPXnx<\/a><\/p>\n<p>&#8212; BellatorMMA (@BellatorMMA) <a rel=\"nofollow noopener\" target=\"_blank\" href=\"https:\/\/twitter.com\/BellatorMMA\/status\/1573451287311667205?ref_src=twsrc%5Etfw\">23 de setembro de 2022<\/a>\n<\/p>\n<\/blockquote>\n<\/div>\n<p>No co-evento principal da noite, Yoel Romero (15-6) deu a Melvin Manhoef (32-16-1) uma despedida brutal no MMA, aposentando o veterano de 28 anos com um nocaute devastador no terceiro round. <\/p>\n<p>Depois de dois rounds iniciais lentos, Romero ajustou sua agressividade no quadro final, derrubando Manhoef e pulverizando-o com uma rajada de socos fortes e cotoveladas da posi\u00e7\u00e3o superior. Tr\u00eas cotoveladas particularmente desagrad\u00e1veis \u200b\u200bforam a senten\u00e7a de morte final na carreira de Manhoef, deixando o holand\u00eas inconsciente na tela aos 3:34 do terceiro round. <\/p>\n<p>&#8220;Senhoras, senhores!&#8221;, gritou um Romero empolgado. &#8220;Eu sou o melhor peso de 185 libras do mundo! N\u00e3o importa qual competi\u00e7\u00e3o, n\u00e3o importa em que casa, eu sou o melhor peso de 185 libras do mundo. Voc\u00ea deve lutar comigo <\/p>\n<p>Manhoef, de 46 anos, se afasta do MMA ap\u00f3s quase tr\u00eas d\u00e9cadas de carreira marcada por nocautes de Mark Hunt, Kazushi Sakuraba, Kazuo Misaki e outros, tendo feito sua estreia em 1995. <\/p>\n<p>&#8220;Eu n\u00e3o queria lutar com ningu\u00e9m&#8221;, afirmou Manhoef ap\u00f3s a luta, tirando as luvas e colocando-as no meio do cage. &#8220;Eu queria lutar por nomes e fiz o melhor que pude. H\u00e1 28 anos fa\u00e7o isso, \u00e9 isso que amo e agrade\u00e7o todo o apoio que voc\u00eas me deram. Mas hoje, acho que tenho para pendurar as luvas depois de 28 anos de luta. Obrigado pelo apoio, voc\u00ea torna minha vida \u00f3tima, voc\u00ea me faz sentir vivo.&#8221;<\/p>\n<div>\n<blockquote class=\"twitter-tweet\">\n<p lang=\"en\" dir=\"ltr\">Yoel Romero coloca Melvin Manhoef para dormir com cotoveladas brutais do topo <a rel=\"nofollow noopener\" target=\"_blank\" href=\"https:\/\/twitter.com\/hashtag\/Bellator285?src=hash&amp;ref_src=twsrc%5Etfw\">#Bellator285<\/a>! <\/p>\n<p> : <a rel=\"nofollow noopener\" target=\"_blank\" href=\"https:\/\/twitter.com\/BellatorMMA?ref_src=twsrc%5Etfw\">@BellatorMMA<\/a> <a rel=\"nofollow noopener\" target=\"_blank\" href=\"https:\/\/t.co\/tMAy4O7Q1M\">pic.twitter.com\/tMAy4O7Q1M<\/a>&lt;<\/p>\n<p>&#8212; MMAFighting.com (@MMAFighting) <a rel=\"nofollow noopener\" target=\"_blank\" href=\"https:\/\/twitter.com\/MMAFighting\/status\/1573437617542406144?ref_src=twsrc%5Etfw\">23 de setembro de 2022<\/a>\n<\/p>\n<\/blockquote>\n<\/div>\n<div>\n<blockquote class=\"twitter-tweet\">\n<p lang=\"en\" dir=\"ltr\">Um emocionado Melvin Manhoef coloca as luvas para coroar sua carreira profissional de 25 anos <a rel=\"nofollow noopener\" target=\"_blank\" href=\"https:\/\/twitter.com\/hashtag\/Bellator285?src=hash&amp;ref_src=twsrc%5Etfw\">#Bellator285<\/a> <a rel=\"nofollow noopener\" target=\"_blank\" href=\"https:\/\/t.co\/z3GM8mcbYz\">pic.twitter.com\/z3GM8mcbYz<\/a><\/p>\n<p>&#8212; MMAFighting.com (@MMAFighting) <a rel=\"nofollow noopener\" target=\"_blank\" href=\"https:\/\/twitter.com\/MMAFighting\/status\/1573440085307330561?ref_src=twsrc%5Etfw\">23 de setembro de 2022<\/a>\n<\/p>\n<\/blockquote>\n<\/div>\n<p>Em outra parte do card principal, Leah McCourt (7-2) venceu uma controversa decis\u00e3o un\u00e2nime sobre Dayana Silva (10-8) para ficar perto de uma disputa de t\u00edtulo contra a campe\u00e3 peso pena feminina do Bellator, Cris Cyborg, aguardando a resolu\u00e7\u00e3o do status do contrato de Cyborg. com a promo\u00e7\u00e3o. <\/p>\n<p>Foi uma disputa acirrada, embora sem intercorr\u00eancias, e embora Silva tenha levado a melhor em muitas das trocas, foi McCourt quem finalmente atraiu o apoio dos ju\u00edzes, ganhando cart\u00f5es de pontua\u00e7\u00e3o de 29-28, 30-27, 30-27 em seu favor para se recuperou da derrota de fevereiro para Sinead Kavanagh, que foi seu primeiro rev\u00e9s no cage do Bellator. <\/p>\n<div>\n<blockquote class=\"twitter-tweet\">\n<p lang=\"en\" dir=\"ltr\"> <a rel=\"nofollow noopener\" target=\"_blank\" href=\"https:\/\/twitter.com\/leahmccourtmma?ref_src=twsrc%5Etfw\">@LeahMcCourtMMA<\/a> parecendo forte! <a rel=\"nofollow noopener\" target=\"_blank\" href=\"https:\/\/twitter.com\/hashtag\/Bellator285?src=hash&amp;ref_src=twsrc%5Etfw\">#Bellator285<\/a> est\u00e1 ao vivo <a rel=\"nofollow noopener\" target=\"_blank\" href=\"https:\/\/twitter.com\/bbcthree?ref_src=twsrc%5Etfw\">@BBCTree<\/a> e <a rel=\"nofollow noopener\" target=\"_blank\" href=\"https:\/\/twitter.com\/VMSportIE?ref_src=twsrc%5Etfw\">@VMSportIE<\/a> <a rel=\"nofollow noopener\" target=\"_blank\" href=\"https:\/\/t.co\/qOn13DhapR\">pic.twitter.com\/qOn13DhapR<\/a><\/p>\n<p>&#8212; Bellator Europa (@Bellator_Europe) <a rel=\"nofollow noopener\" target=\"_blank\" href=\"https:\/\/twitter.com\/Bellator_Europe\/status\/1573426129486110736?ref_src=twsrc%5Etfw\">23 de setembro de 2022<\/a>\n<\/p>\n<\/blockquote>\n<\/div>\n<p>Em uma luta decisiva no peso-pena, Pedro Carvalho (14-6) da SBG Ireland incendiou a multid\u00e3o de Dublin com uma decis\u00e3o un\u00e2nime sobre o rival Mads Burnell (16-5). <\/p>\n<p>A luta foi uma hist\u00f3ria de dois tempos, com Burnell controlando a a\u00e7\u00e3o com um trabalho de solo sufocante durante a maior parte dos primeiros sete minutos, apenas para Carvalho avan\u00e7ar com revers\u00f5es e mudan\u00e7as de n\u00edvel pr\u00f3prias, incluindo um round 3 dominante que viu o O jogador de 27 anos conseguiu uma grande queda no controle lateral seguido de v\u00e1rios minutos de ground and pound. <\/p>\n<p>No final, Carvalho ganhou os scorecards dos tr\u00eas ju\u00edzes (30-27, 29-28, 29-28) para mover seu recorde geral do Bellator para 6-3, enquanto Burnell caiu para 3-2 na promo\u00e7\u00e3o. <\/p>\n<div>\n<blockquote class=\"twitter-tweet\">\n<p lang=\"en\" dir=\"ltr\">Tudo para jogar no ch\u00e3o entre <a rel=\"nofollow noopener\" target=\"_blank\" href=\"https:\/\/twitter.com\/the_game_mma?ref_src=twsrc%5Etfw\">@the_game_mma<\/a> e <a rel=\"nofollow noopener\" target=\"_blank\" href=\"https:\/\/twitter.com\/Burnellmma?ref_src=twsrc%5Etfw\">@BurnellMMA<\/a> <a rel=\"nofollow noopener\" target=\"_blank\" href=\"https:\/\/twitter.com\/hashtag\/Bellator285?src=hash&amp;ref_src=twsrc%5Etfw\">#Bellator285<\/a> | <a rel=\"nofollow noopener\" target=\"_blank\" href=\"https:\/\/twitter.com\/SHOsports?ref_src=twsrc%5Etfw\">@SHOSports<\/a> | <a rel=\"nofollow noopener\" target=\"_blank\" href=\"https:\/\/twitter.com\/bbcthree?ref_src=twsrc%5Etfw\">@BBCTree<\/a> <a rel=\"nofollow noopener\" target=\"_blank\" href=\"https:\/\/t.co\/ODqVwEnNsa\">pic.twitter.com\/ODqVwEnNsa<\/a><\/p>\n<p>&#8212; BellatorMMA (@BellatorMMA) <a rel=\"nofollow noopener\" target=\"_blank\" href=\"https:\/\/twitter.com\/BellatorMMA\/status\/1573420345649946624?ref_src=twsrc%5Etfw\">23 de setembro de 2022<\/a>\n<\/p>\n<\/blockquote>\n<\/div>\n<div>\n<blockquote class=\"twitter-tweet\">\n<p lang=\"en\" dir=\"ltr\"> <a rel=\"nofollow noopener\" target=\"_blank\" href=\"https:\/\/twitter.com\/the_game_mma?ref_src=twsrc%5Etfw\">@the_game_mma<\/a> descarregando em <a rel=\"nofollow noopener\" target=\"_blank\" href=\"https:\/\/twitter.com\/Burnellmma?ref_src=twsrc%5Etfw\">@BurnellMMA<\/a>. <a rel=\"nofollow noopener\" target=\"_blank\" href=\"https:\/\/twitter.com\/hashtag\/Bellator285?src=hash&amp;ref_src=twsrc%5Etfw\">#Bellator285<\/a> | <a rel=\"nofollow noopener\" target=\"_blank\" href=\"https:\/\/twitter.com\/SHOsports?ref_src=twsrc%5Etfw\">@SHOSports<\/a> | <a rel=\"nofollow noopener\" target=\"_blank\" href=\"https:\/\/twitter.com\/bbcthree?ref_src=twsrc%5Etfw\">@BBCTree<\/a> <a rel=\"nofollow noopener\" target=\"_blank\" href=\"https:\/\/t.co\/ne9mMHx2YD\">pic.twitter.com\/ne9mMHx2YD<\/a><\/p>\n<p>&#8212; BellatorMMA (@BellatorMMA) <a rel=\"nofollow noopener\" target=\"_blank\" href=\"https:\/\/twitter.com\/BellatorMMA\/status\/1573421846124498944?ref_src=twsrc%5Etfw\">23 de setembro de 2022<\/a>\n<\/p>\n<\/blockquote>\n<\/div>\n<p>A abertura do card principal da noite viu o irland\u00eas Karl Moore (10-2) marcar uma dram\u00e1tica finaliza\u00e7\u00e3o por tr\u00e1s de Karl Albrektsson (13-4) para ganhar seu retorno de uma paralisa\u00e7\u00e3o de tr\u00eas anos. <\/p>\n<p>Moore foi salvo pelo gongo no final do primeiro round depois de ser derrubado por uma cotovelada em p\u00e9 e depois golpeado ao longo da cerca, no entanto, ele inverteu sua sorte no round 2, derrubando Albrektsson com uma perna dupla, trabalhando nas costas de Albrektsson, depois embrulhando uma manivela de mand\u00edbula retorcida para persuadir uma finaliza\u00e7\u00e3o de luta na marca de 2:36 do round. <\/p>\n<p>&#8220;Estou em campo h\u00e1 3 anos e queria encontrar um homem de alto n\u00edvel. Karl Albrektsson est\u00e1 em 7\u00ba lugar no ranking do Bellator, ent\u00e3o isso me coloca l\u00e1 em cima&#8221;, disse Moore. &#8220;Yoel Romero, posso v\u00ea-lo em breve, rapaz.&#8221;<\/p>\n<div>\n<blockquote class=\"twitter-tweet\">\n<p lang=\"en\" dir=\"ltr\">. <a rel=\"nofollow noopener\" target=\"_blank\" href=\"https:\/\/twitter.com\/KarlMoore91?ref_src=twsrc%5Etfw\">@KarlMoore91<\/a> d\u00e1 o pontap\u00e9 inicial <a rel=\"nofollow noopener\" target=\"_blank\" href=\"https:\/\/twitter.com\/hashtag\/Bellator285?src=hash&amp;ref_src=twsrc%5Etfw\">#Bellator285<\/a> cart\u00e3o principal com uma vit\u00f3ria de retorno emocionante! <\/p>\n<p> : <a rel=\"nofollow noopener\" target=\"_blank\" href=\"https:\/\/twitter.com\/BellatorMMA?ref_src=twsrc%5Etfw\">@BellatorMMA<\/a> <a rel=\"nofollow noopener\" target=\"_blank\" href=\"https:\/\/t.co\/qSNg46EcVL\">pic.twitter.com\/qSNg46EcVL<\/a><\/p>\n<p>&#8212; MMAFighting.com (@MMAFighting) <a rel=\"nofollow noopener\" target=\"_blank\" href=\"https:\/\/twitter.com\/MMAFighting\/status\/1573409291700256771?ref_src=twsrc%5Etfw\">23 de setembro de 2022<\/a>\n<\/p>\n<\/blockquote>\n<\/div>\n<div>\n<blockquote class=\"twitter-tweet\">\n<p lang=\"en\" dir=\"ltr\">O pai de Karl Moore reage quando seu filho garante uma finaliza\u00e7\u00e3o enf\u00e1tica no 2\u00ba round. <a rel=\"nofollow noopener\" target=\"_blank\" href=\"https:\/\/twitter.com\/KarlMoore91?ref_src=twsrc%5Etfw\">@KarlMoore91<\/a>O pai dele \u00e9 faixa marrom de Jiu-Jitsu e ensinou artes marciais a Karl quando crian\u00e7a. <\/p>\n<p>Que cena! <a rel=\"nofollow noopener\" target=\"_blank\" href=\"https:\/\/twitter.com\/hashtag\/Bellator285?src=hash&amp;ref_src=twsrc%5Etfw\">#Bellator285<\/a><a rel=\"nofollow noopener\" target=\"_blank\" href=\"https:\/\/twitter.com\/SevereMMA?ref_src=twsrc%5Etfw\">@SevereMMA<\/a> <a rel=\"nofollow noopener\" target=\"_blank\" href=\"https:\/\/twitter.com\/BellatorMMA?ref_src=twsrc%5Etfw\">@BellatorMMA<\/a> <a rel=\"nofollow noopener\" target=\"_blank\" href=\"https:\/\/t.co\/J1U2WSiSmz\">pic.twitter.com\/J1U2WSiSmz<\/a><\/p>\n<p>&#8212; Andy Stevenson (@andyste123) <a rel=\"nofollow noopener\" target=\"_blank\" href=\"https:\/\/twitter.com\/andyste123\/status\/1573408976716414994?ref_src=twsrc%5Etfw\">23 de setembro de 2022<\/a>\n<\/p>\n<\/blockquote>\n<\/div>\n<p>Os resultados completos do Bellator Dublin podem ser vistos abaixo. <\/p>\n<ul>\n<li>Benson Henderson def. Peter Queally por decis\u00e3o un\u00e2nime (49-45, 49-45, 40-45)<\/li>\n<li>Yoel Romero def. Melvin Manhoef por nocaute (ground and pound) &#8211; Round 3, 3:34 <\/li>\n<li>Leah McCourt def. Dayana Silva por decis\u00e3o un\u00e2nime (29-28, 30-27, 30-27)<\/li>\n<li>Pedro Carvalho def. Mads Burnell por decis\u00e3o un\u00e2nime (30-27, 29-28, 29-28)<\/li>\n<li>\n<p>Ciaran Clarke def. Rafael Hudson por finaliza\u00e7\u00e3o (mata-le\u00e3o) &#8211; Round 3, 2:50<\/li>\n<li>Karl Moore def. Karl Albrektsson por finaliza\u00e7\u00e3o (mata-le\u00e3o) &#8211; 2\u00ba round, 3m36s<\/li>\n<\/ul>\n<p><strong>Cart\u00e3o Preliminar <\/strong><\/p>\n<ul>\n<li>\n<p>Brian Moore def. Arivaldo Lima da Silva por decis\u00e3o un\u00e2nime (30-27, 30-27, 30-27)<\/li>\n<li>\n<p>Brett Johns def. Jordan Winski por decis\u00e3o un\u00e2nime (30-27, 30-26, 30-26)<\/li>\n<li>\n<p>Darragh Kelly, def. Kye Stevens por decis\u00e3o un\u00e2nime (30-27, 30-26, 30-26)<\/li>\n<li>\n<p>Kane Mousah def. Georgi Karakhanyan por decis\u00e3o un\u00e2nime (30-27, 30-27, 30-27)<\/li>\n<li>\n<p>Kenny Mokhonoana def. Alex Bodnar por finaliza\u00e7\u00e3o (guilhotina) &#8211; Round 1, 2:42<\/li>\n<li>\n<p>Asael Adjoudj def. Jordan Barton por nocaute t\u00e9cnico (chute na cabe\u00e7a, socos) &#8211; Round 1, 2:39<\/li>\n<li>\n<p>Luca Poclit def. Dante Schiro via finaliza\u00e7\u00e3o (tri\u00e2ngulo de bra\u00e7o modificado) &#8211; Round 2, 4:31 | Assistir terminar\n<\/li>\n<\/ul>\n<p>\n","protected":false},"excerpt":{"rendered":"<p>Benson Henderson n\u00e3o se importou em dar spoiler para a torcida irlandesa. O ex-campe\u00e3o dos leves do UFC venceu por decis\u00e3o un\u00e2nime sobre o favorito da cidade, Peter Queally, na sexta-feira, na luta principal do Bellator 285, que aconteceu na 3Arena Arena em Dublin, na Irlanda. Henderson (30-11) liderou a dan\u00e7a de pilar a poste, [&hellip;]<\/p>\n","protected":false},"author":1,"featured_media":264341,"comment_status":"","ping_status":"open","sticky":false,"template":"","format":"standard","meta":{"footnotes":""},"categories":[1170],"tags":[],"_links":{"self":[{"href":"https:\/\/wmmaa.org\/pt-pt\/wp-json\/wp\/v2\/posts\/264355"}],"collection":[{"href":"https:\/\/wmmaa.org\/pt-pt\/wp-json\/wp\/v2\/posts"}],"about":[{"href":"https:\/\/wmmaa.org\/pt-pt\/wp-json\/wp\/v2\/types\/post"}],"author":[{"embeddable":true,"href":"https:\/\/wmmaa.org\/pt-pt\/wp-json\/wp\/v2\/users\/1"}],"replies":[{"embeddable":true,"href":"https:\/\/wmmaa.org\/pt-pt\/wp-json\/wp\/v2\/comments?post=264355"}],"version-history":[{"count":0,"href":"https:\/\/wmmaa.org\/pt-pt\/wp-json\/wp\/v2\/posts\/264355\/revisions"}],"wp:featuredmedia":[{"embeddable":true,"href":"https:\/\/wmmaa.org\/pt-pt\/wp-json\/wp\/v2\/media\/264341"}],"wp:attachment":[{"href":"https:\/\/wmmaa.org\/pt-pt\/wp-json\/wp\/v2\/media?parent=264355"}],"wp:term":[{"taxonomy":"category","embeddable":true,"href":"https:\/\/wmmaa.org\/pt-pt\/wp-json\/wp\/v2\/categories?post=264355"},{"taxonomy":"post_tag","embeddable":true,"href":"https:\/\/wmmaa.org\/pt-pt\/wp-json\/wp\/v2\/tags?post=264355"}],"curies":[{"name":"wp","href":"https:\/\/api.w.org\/{rel}","templated":true}]}}