{"id":263598,"date":"2022-09-22T22:50:42","date_gmt":"2022-09-22T19:50:42","guid":{"rendered":"https:\/\/wmmaa.org\/malignaggi-virou-se-para-canelo-encontre-uma-desculpa-melhor\/"},"modified":"2022-09-22T22:50:42","modified_gmt":"2022-09-22T19:50:42","slug":"malignaggi-virou-se-para-canelo-encontre-uma-desculpa-melhor","status":"publish","type":"post","link":"https:\/\/wmmaa.org\/pt-pt\/malignaggi-virou-se-para-canelo-encontre-uma-desculpa-melhor\/","title":{"rendered":"Malignaggi virou-se para Canelo: &#8220;Encontre uma desculpa melhor!&#8221;"},"content":{"rendered":"<p><img decoding=\"async\" src=\"https:\/\/wmmaa.org\/wp-content\/uploads\/2022\/09\/b97c2b0b2fe828304858ee7207da24f8.jpg\" alt=\"\"><\/p>\n<div>\n<p> A ex-campe\u00e3 mundial, a especialista em boxe Paulie Malignaggi pediu ao indiscut\u00edvel supercampe\u00e3o dos m\u00e9dios (at\u00e9 76,2 kg) mexicano Canelo Alvarez (58-2-2, 39 KOs) para parar de dizer que n\u00e3o lutaria contra seus compatriotas &#8211; em particular, o ex -campe\u00e3o David Benavidez (26-0, 23 KOs) &#8211; uma vez que j\u00e1 existem precedentes semelhantes em seu hist\u00f3rico.\n<\/p>\n<p> Em particular, a luta contra Julio Cesar Chavez Jr. em maio de 2017, que Alvarez venceu por decis\u00e3o esmagadora.\n<\/p>\n<p> \u201c\u00c9 um pouco estranho n\u00e3o lutar contra um mexicano\u201d, observa Pauley. \u201cVoc\u00eas sabem melhor do que eu, mas Julio Cesar Chavez Jr. n\u00e3o \u00e9 mexicano? Ent\u00e3o ele \u00e9 foda! Canelo lutou com ele porque ele (Ch\u00e1vez) \u00e9 uma merda! Ent\u00e3o, quando outros mexicanos sabem lutar, voc\u00ea n\u00e3o quer lidar com eles? Encontre uma desculpa melhor para si mesmo, ou n\u00e3o se ofenda com as cr\u00edticas. Se voc\u00ea n\u00e3o quer lutar com ele, encontre outra raz\u00e3o para faz\u00ea-lo.&#8221;\n<\/p>\n<p> \u201cN\u00e3o h\u00e1 problemas, nem sempre as lutas s\u00e3o organizadas, e o Canelo \u00e9 um grande lutador que n\u00e3o precisa lutar tudo. Mas n\u00e3o d\u00ea desculpas assim, mano. Voc\u00ea tem Chavez Jr no registro!\u201d &#8211; habilmente pegou Alvarez no duplo padr\u00e3o de Malignaggi.\n<\/p>\n<p> Acredita-se que Benavidez terminar\u00e1 com Canelo Alvarez em 7 rodadas.\n<\/p>\n<p>\n <i><span>Fonte: <\/span><\/i><br \/>\n <a rel=\"nofollow noopener\" target=\"_blank\" href=\"http:\/\/www.fighthype.com\"><i><span>FightHype<\/span><\/i><\/a><\/p>\n<\/p>\n<\/div>\n","protected":false},"excerpt":{"rendered":"<p>A ex-campe\u00e3 mundial, a especialista em boxe Paulie Malignaggi pediu ao indiscut\u00edvel supercampe\u00e3o dos m\u00e9dios (at\u00e9 76,2 kg) mexicano Canelo Alvarez (58-2-2, 39 KOs) para parar de dizer que n\u00e3o lutaria contra seus compatriotas &#8211; em particular, o ex -campe\u00e3o David Benavidez (26-0, 23 KOs) &#8211; uma vez que j\u00e1 existem precedentes semelhantes em seu [&hellip;]<\/p>\n","protected":false},"author":1,"featured_media":263571,"comment_status":"","ping_status":"open","sticky":false,"template":"","format":"standard","meta":{"footnotes":""},"categories":[1170],"tags":[],"_links":{"self":[{"href":"https:\/\/wmmaa.org\/pt-pt\/wp-json\/wp\/v2\/posts\/263598"}],"collection":[{"href":"https:\/\/wmmaa.org\/pt-pt\/wp-json\/wp\/v2\/posts"}],"about":[{"href":"https:\/\/wmmaa.org\/pt-pt\/wp-json\/wp\/v2\/types\/post"}],"author":[{"embeddable":true,"href":"https:\/\/wmmaa.org\/pt-pt\/wp-json\/wp\/v2\/users\/1"}],"replies":[{"embeddable":true,"href":"https:\/\/wmmaa.org\/pt-pt\/wp-json\/wp\/v2\/comments?post=263598"}],"version-history":[{"count":0,"href":"https:\/\/wmmaa.org\/pt-pt\/wp-json\/wp\/v2\/posts\/263598\/revisions"}],"wp:featuredmedia":[{"embeddable":true,"href":"https:\/\/wmmaa.org\/pt-pt\/wp-json\/wp\/v2\/media\/263571"}],"wp:attachment":[{"href":"https:\/\/wmmaa.org\/pt-pt\/wp-json\/wp\/v2\/media?parent=263598"}],"wp:term":[{"taxonomy":"category","embeddable":true,"href":"https:\/\/wmmaa.org\/pt-pt\/wp-json\/wp\/v2\/categories?post=263598"},{"taxonomy":"post_tag","embeddable":true,"href":"https:\/\/wmmaa.org\/pt-pt\/wp-json\/wp\/v2\/tags?post=263598"}],"curies":[{"name":"wp","href":"https:\/\/api.w.org\/{rel}","templated":true}]}}