{"id":256734,"date":"2022-09-13T15:22:40","date_gmt":"2022-09-13T12:22:40","guid":{"rendered":"https:\/\/wmmaa.org\/morning-report-aljamain-sterling-elogia-khamzat-chimaev-ele-e-um-presente-especial-para-esta-geracao-do-mma\/"},"modified":"2022-09-13T15:22:40","modified_gmt":"2022-09-13T12:22:40","slug":"morning-report-aljamain-sterling-elogia-khamzat-chimaev-ele-e-um-presente-especial-para-esta-geracao-do-mma","status":"publish","type":"post","link":"https:\/\/wmmaa.org\/pt-pt\/morning-report-aljamain-sterling-elogia-khamzat-chimaev-ele-e-um-presente-especial-para-esta-geracao-do-mma\/","title":{"rendered":"Morning Report: Aljamain Sterling elogia Khamzat Chimaev: &#8216;Ele \u00e9 um presente especial para esta gera\u00e7\u00e3o do MMA&#8217;"},"content":{"rendered":"<p>Aljamain Sterling n\u00e3o v\u00ea nada al\u00e9m de coisas boas esperando pelo futuro de Khamzat Chimaev.<\/p>\n<p>No fim de semana passado no UFC 279, os modos dominantes de Chimaev continuaram como os f\u00e3s se acostumaram a ver. Originalmente definido para encabe\u00e7ar o evento ao lado de Nate Diaz em um confronto dos meio-m\u00e9dios, &#8220;Borz&#8221; perdeu peso por sete quilos e meio. Por isso, o UFC foi obrigado a fazer alguns ajustes, levando Chimaev a enfrentar Kevin Holland na luta co-principal.<\/p>\n<p>Chimaev passou por Holanda assim que a luta come\u00e7ou, finalizando-o com pouco mais de dois minutos de estrangulamento. Usando suas pr\u00f3prias habilidades de wrestling para chegar ao topo da divis\u00e3o dos galos como campe\u00e3o, Sterling n\u00e3o poderia ter ficado mais impressionado com mais uma goleada de Chimaev. <\/p>\n<p>&#8220;Khamzat Chimaev &#8230; apenas uma besta absoluta e garanh\u00e3o de atleta e garanh\u00e3o de lutador, cara&#8221;, disse Sterling em <a rel=\"nofollow noopener\" target=\"_blank\" href=\"https:\/\/www.youtube.com\/watch?v=4rHacPV-hvM\">seu canal no YouTube<\/a>. \u201cO cara \u00e9 apenas um presente especial para essa gera\u00e7\u00e3o do MMA, na minha opini\u00e3o pessoal e humilde.<\/p>\n<p>\u201cN\u00e3o consigo ver mais ningu\u00e9m neste [official UFC rankings] liste quem pode realmente dar a ele um desafio significativo, a menos que sejam especialistas no departamento de grappling. N\u00e3o s\u00f3 o Jiu-Jitsu, eles t\u00eam que ter algum tipo de wrestling. Acho que Khamzat j\u00e1 \u00e9 uma aposta para ser campe\u00e3o.\u201d<\/p>\n<p>Os percal\u00e7os de peso de sexta-feira de Chimaev fizeram com que todo o topo do UFC 279 fosse deslocado. Enquanto a maioria considerava os confrontos melhores, eles inegavelmente aumentaram em dificuldade para a Holanda, que passou de enfrentar Daniel Rodriguez, do boxe.<\/p>\n<p>Independentemente disso, a Holanda n\u00e3o se arrepende depois que ele e Chimaev se envolveram no in\u00edcio da semana e, segundo ele, foram recompensados \u200b\u200bgenerosamente por terem se adiantado em cima da hora.<\/p>\n<p>\u201cEle (Holland) ficou com a ponta mais curta do bast\u00e3o\u201d, disse Sterling. \u201cSeja o que for que ele tenha pago, espero que ele tenha cuidado para se posicionar e enfrentar essa luta e \u2013 n\u00e3o quero dizer salve o card \u2013 mas meio que salve o card, sabe? Mesmo que Khamzat tenha se tornado um vil\u00e3o depois de perder peso de oito quilos ou o que quer que fosse, acho que as pessoas ainda est\u00e3o intrigadas com ele, ele tem essa aura, esse zen que as pessoas querem ver e \u00e9 muito cativante o que ele faz e o energia que ele traz e como ele faz isso.\u201d<\/p>\n<p>O ranking oficial dos meio-m\u00e9dios do UFC ainda coloca Chimaev na terceira posi\u00e7\u00e3o ap\u00f3s sua perda de peso e 12\u00aa vit\u00f3ria consecutiva na carreira. Agora, \u00e9 apenas uma quest\u00e3o de ele continuar ou n\u00e3o tentando perseguir a coroa de 170 libras ou tentar sua m\u00e3o mais uma vez no peso m\u00e9dio. De qualquer forma, Sterling v\u00ea a m\u00e1quina esmagadora de 28 anos eliminando qualquer um.<\/p>\n<p>&#8220;Khamzat est\u00e1 l\u00e1 e ele est\u00e1 vindo para a bunda de todos&#8221;, disse Sterling. \u201cEu acho que ele est\u00e1 vindo legitimamente para todos e do jeito que ele est\u00e1 fazendo isso, eu acho assustador. Assustador bom. Ele levou um golpe ao longo de quantas lutas? A \u00fanica pessoa que conseguiu realmente toc\u00e1-lo foi Gilbert Burns.\u201d<\/p>\n<hr class=\"p-entry-hr\">\n<h1><strong>MELHORES HIST\u00d3RIAS<\/strong><\/h1>\n<p><strong>Briga.<\/strong> NAC investiga corpo a corpo de presser do UFC 279 e amea\u00e7a a\u00e7\u00e3o disciplinar<\/p>\n<p><strong>RASGAR<\/strong> Ex-lutador do UFC Elias Theodorou morre de c\u00e2ncer aos 34 anos<\/p>\n<p><strong>Mem\u00f3ria.<\/strong> &#8216;Uma luz t\u00e3o brilhante neste mundo&#8217;: mundo do MMA lamenta morte de Elias Theodorou<\/p>\n<p><strong>Amizade. <\/strong>Aaron Jeffery sobre a morte do companheiro de equipa Elias Theodorou: &#8216;N\u00e3o sei se estou em choque ou incr\u00e9dulo&#8217;<\/p>\n<p><strong>Classifica\u00e7\u00f5es.<\/strong> Khamzat Chimaev deve ser classificado acima de Colby Covington?<\/p>\n<p><strong>$$$.<\/strong> Jake Paul desafia Dana White a apostar contra ele na luta de Anderson Silva: &#8216;Aposto que voc\u00ea n\u00e3o vai Dana, porque voc\u00ea \u00e9 um b****&#8217;<\/p>\n<p><strong>Explica\u00e7\u00e3o.<\/strong> T\u00e9cnico de Khamzat Chimaev detalha problemas de peso &#8216;n\u00e3o profissionais&#8217; e derruba &#8216;teoria da conspira\u00e7\u00e3o&#8217; do UFC 279<\/p>\n<p><strong>Decis\u00f5es. <\/strong>Li Jingliang usa &#8216;Robbed!&#8217; camisa ap\u00f3s derrota de Daniel Rodriguez, chama saga do UFC 279 de &#8216;injusti\u00e7a&#8217;<\/p>\n<p><strong>Revis\u00e3o de roubo.<\/strong> Daniel Rodriguez x Li Jingliang no UFC 279<\/p>\n<p><strong>Pagamentos.<\/strong> Le&#8217;Veon Bell lidera sal\u00e1rios do Social Gloves 2 com US$ 250 mil por nocaute de Adrian Peterson<\/p>\n<hr class=\"p-entry-hr\">\n<h1><strong>COZINHA DE V\u00cdDEO<\/strong><\/h1>\n<p>A Hora do MMA.<\/p>\n<div>\n<!-- ######## BEGIN VOLUME VIDEO ######## --><\/p>\n<div data-analytics-viewport=\"video\" data-analytics-action=\"volume:view:article:middle\" data-analytics-label=\"The MMA Hour with Paulo Costa, Li Jingliang, Chris Barnett, and More | Sept 12, 2022|108779\" data-volume-uu data-analytics-placement=\"article:middle\" data-volume-placement=\"article\" data-volume-autoplay=\"false\" class=\"volume-video\" data-volume-player-choice=\"youtube\"><\/div>\n<p><!-- ######## END VOLUME VIDEO ######## -->\n<\/div>\n<p>Primeiro Jake Paul vs. Anderson Silva.<\/p>\n<div>\n<!-- ######## BEGIN VOLUME VIDEO ######## --><\/p>\n<div data-analytics-viewport=\"video\" data-analytics-action=\"volume:view:article:middle\" data-analytics-label=\"Jake Paul, Anderson Silva's First Faceoff Before Boxing Showdown - MMA Fighting|108785\" data-volume-uu data-analytics-placement=\"article:middle\" data-volume-placement=\"article\" data-volume-autoplay=\"false\" class=\"volume-video\" data-volume-player-choice=\"youtube\"><\/div>\n<p><!-- ######## END VOLUME VIDEO ######## -->\n<\/div>\n<p>Full Jake Paul x Anderson Silva coletiva de imprensa pr\u00e9-luta.<\/p>\n<div>\n<!-- ######## BEGIN VOLUME VIDEO ######## --><\/p>\n<div data-analytics-viewport=\"video\" data-analytics-action=\"volume:view:article:middle\" data-analytics-label=\"Jake Paul vs. Anderson Silva Full Press Conference - MMA Fighting|108793\" data-volume-uu data-analytics-placement=\"article:middle\" data-volume-placement=\"article\" data-volume-autoplay=\"false\" class=\"volume-video\" data-volume-player-choice=\"youtube\"><\/div>\n<p><!-- ######## END VOLUME VIDEO ######## -->\n<\/div>\n<p>Trailer do UFC Vegas 60.<\/p>\n<div>\n<div style=\"width: 100%;height: 0;padding-bottom: 56.25%\"><a href=\"https:\/\/www.youtube.com\/watch?v=ZLb32fYh5qg\" target=\"_blank\" rel=\"noopener\">https:\/\/www.youtube.com\/watch?v=ZLb32fYh5qg<\/a><\/div>\n<\/div>\n<p>Luta livre.<\/p>\n<div>\n<div style=\"width: 100%;height: 0;padding-bottom: 56.25%\"><a href=\"https:\/\/www.youtube.com\/watch?v=LgYtrDOnYME\" target=\"_blank\" rel=\"noopener\">https:\/\/www.youtube.com\/watch?v=LgYtrDOnYME<\/a><\/div>\n<\/div>\n<p>O que torna Chimaev t\u00e3o perigoso.<\/p>\n<div>\n<div style=\"width: 100%;height: 0;padding-bottom: 56.25%\"><iframe loading=\"lazy\" title=\"UFC 279 BREAKDOWN: Henry Cejudo On What Makes Khamzat Chimaev So Dangerous; How Nate Diaz Won\" width=\"640\" height=\"360\" src=\"https:\/\/www.youtube.com\/embed\/dLHXLLJPG2E?feature=oembed\" frameborder=\"0\" allow=\"accelerometer; autoplay; clipboard-write; encrypted-media; gyroscope; picture-in-picture; web-share\" referrerpolicy=\"strict-origin-when-cross-origin\" allowfullscreen><\/iframe><\/div>\n<\/div>\n<hr class=\"p-entry-hr\">\n<h1><strong>BOUILLABAISSE DE REDES SOCIAIS<\/strong><\/h1>\n<p>O que voc\u00ea faz com as m\u00e3os?<\/p>\n<div>\n<blockquote class=\"instagram-media\" data-instgrm-captioned=\"\" data-instgrm-permalink=\"https:\/\/www.instagram.com\/reel\/CiaLTaFAAC2\/?utm_source=ig_embed&amp;utm_campaign=loading\" data-instgrm-version=\"14\" style=\"background:#FFF;border:0;border-radius:3px;margin: 1px;max-width:658px;min-width:326px;padding:0;width:99.375%;width:-webkit-calc(100% - 2px);width:calc(100% - 2px)\">\n<div style=\"padding:16px\"> <a rel=\"nofollow noopener\" target=\"_blank\" href=\"https:\/\/www.instagram.com\/reel\/CiaLTaFAAC2\/?utm_source=ig_embed&amp;utm_campaign=loading\" style=\"background:#FFFFFF;line-height:0;padding:0 0;text-align:center;text-decoration:none;width:100%\"> <\/p>\n<div style=\"flex-direction: row;align-items: center\">\n<div style=\"background-color: #F4F4F4;border-radius: 50%;flex-grow: 0;height: 40px;margin-right: 14px;width: 40px\"><\/div>\n<div style=\"flex-direction: column;flex-grow: 1;justify-content: center\">\n<div style=\"background-color: #F4F4F4;border-radius: 4px;flex-grow: 0;height: 14px;margin-bottom: 6px;width: 100px\"><\/div>\n<div style=\"background-color: #F4F4F4;border-radius: 4px;flex-grow: 0;height: 14px;width: 60px\"><\/div>\n<\/div>\n<\/div>\n<div style=\"padding: 19% 0\"><\/div>\n<div style=\"height:50px;margin:0 auto 12px;width:50px\"><\/div>\n<div style=\"padding-top: 8px\">\n<div style=\"color:#3897f0;font-family:Arial,sans-serif;font-size:14px;font-style:normal;font-weight:550;line-height:18px\">Veja esta postagem no Instagram<\/div>\n<\/div>\n<div style=\"padding: 12.5% 0\"><\/div>\n<div style=\"flex-direction: row;margin-bottom: 14px;align-items: center\">\n<div>\n<div style=\"background-color: #F4F4F4;border-radius: 50%;height: 12.5px;width: 12.5px\"><\/div>\n<div style=\"background-color: #F4F4F4;height: 12.5px;width: 12.5px;flex-grow: 0;margin-right: 14px;margin-left: 2px\"><\/div>\n<div style=\"background-color: #F4F4F4;border-radius: 50%;height: 12.5px;width: 12.5px\"><\/div>\n<\/div>\n<div style=\"margin-left: 8px\">\n<div style=\"background-color: #F4F4F4;border-radius: 50%;flex-grow: 0;height: 20px;width: 20px\"><\/div>\n<div style=\"width: 0;height: 0;border-top: 2px solid transparent;border-left: 6px solid #f4f4f4;border-bottom: 2px solid transparent\"><\/div>\n<\/div>\n<div style=\"margin-left: auto\">\n<div style=\"width: 0px;border-top: 8px solid #F4F4F4;border-right: 8px solid transparent\"><\/div>\n<div style=\"background-color: #F4F4F4;flex-grow: 0;height: 12px;width: 16px\"><\/div>\n<div style=\"width: 0;height: 0;border-top: 8px solid #F4F4F4;border-left: 8px solid transparent\"><\/div>\n<\/div>\n<\/div>\n<div style=\"flex-direction: column;flex-grow: 1;justify-content: center;margin-bottom: 24px\">\n<div style=\"background-color: #F4F4F4;border-radius: 4px;flex-grow: 0;height: 14px;margin-bottom: 6px;width: 224px\"><\/div>\n<div style=\"background-color: #F4F4F4;border-radius: 4px;flex-grow: 0;height: 14px;width: 144px\"><\/div>\n<\/div>\n<p><\/a><\/p>\n<p style=\"color:#c9c8cd;font-family:Arial,sans-serif;font-size:14px;line-height:17px;margin-bottom:0;margin-top:8px;overflow:hidden;padding:8px 0 7px;text-align:center\"><a rel=\"nofollow noopener\" target=\"_blank\" href=\"https:\/\/www.instagram.com\/reel\/CiaLTaFAAC2\/?utm_source=ig_embed&amp;utm_campaign=loading\" style=\"color:#c9c8cd;font-family:Arial,sans-serif;font-size:14px;font-style:normal;font-weight:normal;line-height:17px;text-decoration:none\">Um post compartilhado por Laura Sanko (@laura_sanko)<\/a><\/p>\n<\/div>\n<\/blockquote>\n<\/div>\n<p>Cotovelos.<\/p>\n<div>\n<blockquote class=\"instagram-media\" data-instgrm-captioned=\"\" data-instgrm-permalink=\"https:\/\/www.instagram.com\/reel\/CiaAfTtJTio\/?utm_source=ig_embed&amp;utm_campaign=loading\" data-instgrm-version=\"14\" style=\"background:#FFF;border:0;border-radius:3px;margin: 1px;max-width:658px;min-width:326px;padding:0;width:99.375%;width:-webkit-calc(100% - 2px);width:calc(100% - 2px)\">\n<div style=\"padding:16px\"> <a rel=\"nofollow noopener\" target=\"_blank\" href=\"https:\/\/www.instagram.com\/reel\/CiaAfTtJTio\/?utm_source=ig_embed&amp;utm_campaign=loading\" style=\"background:#FFFFFF;line-height:0;padding:0 0;text-align:center;text-decoration:none;width:100%\"> <\/p>\n<div style=\"flex-direction: row;align-items: center\">\n<div style=\"background-color: #F4F4F4;border-radius: 50%;flex-grow: 0;height: 40px;margin-right: 14px;width: 40px\"><\/div>\n<div style=\"flex-direction: column;flex-grow: 1;justify-content: center\">\n<div style=\"background-color: #F4F4F4;border-radius: 4px;flex-grow: 0;height: 14px;margin-bottom: 6px;width: 100px\"><\/div>\n<div style=\"background-color: #F4F4F4;border-radius: 4px;flex-grow: 0;height: 14px;width: 60px\"><\/div>\n<\/div>\n<\/div>\n<div style=\"padding: 19% 0\"><\/div>\n<div style=\"height:50px;margin:0 auto 12px;width:50px\"><\/div>\n<div style=\"padding-top: 8px\">\n<div style=\"color:#3897f0;font-family:Arial,sans-serif;font-size:14px;font-style:normal;font-weight:550;line-height:18px\">Veja esta postagem no Instagram<\/div>\n<\/div>\n<div style=\"padding: 12.5% 0\"><\/div>\n<div style=\"flex-direction: row;margin-bottom: 14px;align-items: center\">\n<div>\n<div style=\"background-color: #F4F4F4;border-radius: 50%;height: 12.5px;width: 12.5px\"><\/div>\n<div style=\"background-color: #F4F4F4;height: 12.5px;width: 12.5px;flex-grow: 0;margin-right: 14px;margin-left: 2px\"><\/div>\n<div style=\"background-color: #F4F4F4;border-radius: 50%;height: 12.5px;width: 12.5px\"><\/div>\n<\/div>\n<div style=\"margin-left: 8px\">\n<div style=\"background-color: #F4F4F4;border-radius: 50%;flex-grow: 0;height: 20px;width: 20px\"><\/div>\n<div style=\"width: 0;height: 0;border-top: 2px solid transparent;border-left: 6px solid #f4f4f4;border-bottom: 2px solid transparent\"><\/div>\n<\/div>\n<div style=\"margin-left: auto\">\n<div style=\"width: 0px;border-top: 8px solid #F4F4F4;border-right: 8px solid transparent\"><\/div>\n<div style=\"background-color: #F4F4F4;flex-grow: 0;height: 12px;width: 16px\"><\/div>\n<div style=\"width: 0;height: 0;border-top: 8px solid #F4F4F4;border-left: 8px solid transparent\"><\/div>\n<\/div>\n<\/div>\n<div style=\"flex-direction: column;flex-grow: 1;justify-content: center;margin-bottom: 24px\">\n<div style=\"background-color: #F4F4F4;border-radius: 4px;flex-grow: 0;height: 14px;margin-bottom: 6px;width: 224px\"><\/div>\n<div style=\"background-color: #F4F4F4;border-radius: 4px;flex-grow: 0;height: 14px;width: 144px\"><\/div>\n<\/div>\n<p><\/a><\/p>\n<p style=\"color:#c9c8cd;font-family:Arial,sans-serif;font-size:14px;line-height:17px;margin-bottom:0;margin-top:8px;overflow:hidden;padding:8px 0 7px;text-align:center\"><a rel=\"nofollow noopener\" target=\"_blank\" href=\"https:\/\/www.instagram.com\/reel\/CiaAfTtJTio\/?utm_source=ig_embed&amp;utm_campaign=loading\" style=\"color:#c9c8cd;font-family:Arial,sans-serif;font-size:14px;font-style:normal;font-weight:normal;line-height:17px;text-decoration:none\">Uma postagem compartilhada por Weili Zhang \u5f20\u4f1f\u4e3d (@zhangweilimma)<\/a><\/p>\n<\/div>\n<\/blockquote>\n<\/div>\n<p>Voc\u00ea adora v\u00ea-lo.<\/p>\n<div>\n<blockquote class=\"twitter-tweet\">\n<p lang=\"en\" dir=\"ltr\">Anderson Silva critica Chael Sonnen por nunca ter aceitado convite para churrasco <a rel=\"nofollow noopener\" target=\"_blank\" href=\"https:\/\/twitter.com\/hashtag\/PaulSilva?src=hash&amp;ref_src=twsrc%5Etfw\">#PaulSilva<\/a> <a rel=\"nofollow noopener\" target=\"_blank\" href=\"https:\/\/t.co\/vIXklBNyOD\">pic.twitter.com\/vIXklBNyOD<\/a><\/p>\n<p>\u2014 MMAFighting.com (@MMAFighting) <a rel=\"nofollow noopener\" target=\"_blank\" href=\"https:\/\/twitter.com\/MMAFighting\/status\/1569449524560646146?ref_src=twsrc%5Etfw\">12 de setembro de 2022<\/a>\n<\/p>\n<\/blockquote>\n<\/div>\n<p>Bastante trio.<\/p>\n<div>\n<blockquote class=\"twitter-tweet\">\n<p lang=\"en\" dir=\"ltr\">O campe\u00e3o dos pesos pesados \u200b\u200bdo mundo <a rel=\"nofollow noopener\" target=\"_blank\" href=\"https:\/\/twitter.com\/francis_ngannou?ref_src=twsrc%5Etfw\">@francis_ngannou<\/a> e <a rel=\"nofollow noopener\" target=\"_blank\" href=\"https:\/\/twitter.com\/jessicammapro?ref_src=twsrc%5Etfw\">@jessicammapro<\/a> no <a rel=\"nofollow noopener\" target=\"_blank\" href=\"https:\/\/twitter.com\/UFCPI?ref_src=twsrc%5Etfw\">@UFCPI<\/a> <a rel=\"nofollow noopener\" target=\"_blank\" href=\"https:\/\/twitter.com\/hashtag\/champion?src=hash&amp;ref_src=twsrc%5Etfw\">#campe\u00e3o<\/a> <a rel=\"nofollow noopener\" target=\"_blank\" href=\"https:\/\/twitter.com\/hashtag\/ufc?src=hash&amp;ref_src=twsrc%5Etfw\">#ufc<\/a> <a rel=\"nofollow noopener\" target=\"_blank\" href=\"https:\/\/twitter.com\/hashtag\/mma?src=hash&amp;ref_src=twsrc%5Etfw\">#MMA<\/a> <a rel=\"nofollow noopener\" target=\"_blank\" href=\"https:\/\/twitter.com\/hashtag\/beasts?src=hash&amp;ref_src=twsrc%5Etfw\">#bestas<\/a> <a rel=\"nofollow noopener\" target=\"_blank\" href=\"https:\/\/t.co\/53aEHfjsCW\">pic.twitter.com\/53aEHfjsCW<\/a><\/p>\n<p>\u2014 Johnny Walker (@JohnnyWalker) <a rel=\"nofollow noopener\" target=\"_blank\" href=\"https:\/\/twitter.com\/JohnnyWalker\/status\/1569429436130533376?ref_src=twsrc%5Etfw\">12 de setembro de 2022<\/a>\n<\/p>\n<\/blockquote>\n<\/div>\n<p>Retorno.<\/p>\n<div>\n<blockquote class=\"twitter-tweet\">\n<p lang=\"en\" dir=\"ltr\">Dana White tentando acertar um saco de m\u00e1quina de pancadas <a rel=\"nofollow noopener\" target=\"_blank\" href=\"https:\/\/t.co\/CAFqxUnGWy\">pic.twitter.com\/CAFqxUnGWy<\/a><\/p>\n<p>\u2014 Real Press MMA (@RealPressMMA) <a rel=\"nofollow noopener\" target=\"_blank\" href=\"https:\/\/twitter.com\/RealPressMMA\/status\/1569374037830246402?ref_src=twsrc%5Etfw\">12 de setembro de 2022<\/a>\n<\/p>\n<\/blockquote>\n<\/div>\n<p>Claro, por que n\u00e3o?<\/p>\n<div>\n<blockquote class=\"instagram-media\" data-instgrm-captioned=\"\" data-instgrm-permalink=\"https:\/\/www.instagram.com\/p\/CibVFa3pe6x\/?utm_source=ig_embed&amp;utm_campaign=loading\" data-instgrm-version=\"14\" style=\"background:#FFF;border:0;border-radius:3px;margin: 1px;max-width:658px;min-width:326px;padding:0;width:99.375%;width:-webkit-calc(100% - 2px);width:calc(100% - 2px)\">\n<div style=\"padding:16px\"> <a rel=\"nofollow noopener\" target=\"_blank\" href=\"https:\/\/www.instagram.com\/p\/CibVFa3pe6x\/?utm_source=ig_embed&amp;utm_campaign=loading\" style=\"background:#FFFFFF;line-height:0;padding:0 0;text-align:center;text-decoration:none;width:100%\"> <\/p>\n<div style=\"flex-direction: row;align-items: center\">\n<div style=\"background-color: #F4F4F4;border-radius: 50%;flex-grow: 0;height: 40px;margin-right: 14px;width: 40px\"><\/div>\n<div style=\"flex-direction: column;flex-grow: 1;justify-content: center\">\n<div style=\"background-color: #F4F4F4;border-radius: 4px;flex-grow: 0;height: 14px;margin-bottom: 6px;width: 100px\"><\/div>\n<div style=\"background-color: #F4F4F4;border-radius: 4px;flex-grow: 0;height: 14px;width: 60px\"><\/div>\n<\/div>\n<\/div>\n<div style=\"padding: 19% 0\"><\/div>\n<div style=\"height:50px;margin:0 auto 12px;width:50px\"><\/div>\n<div style=\"padding-top: 8px\">\n<div style=\"color:#3897f0;font-family:Arial,sans-serif;font-size:14px;font-style:normal;font-weight:550;line-height:18px\">Veja esta postagem no Instagram<\/div>\n<\/div>\n<div style=\"padding: 12.5% 0\"><\/div>\n<div style=\"flex-direction: row;margin-bottom: 14px;align-items: center\">\n<div>\n<div style=\"background-color: #F4F4F4;border-radius: 50%;height: 12.5px;width: 12.5px\"><\/div>\n<div style=\"background-color: #F4F4F4;height: 12.5px;width: 12.5px;flex-grow: 0;margin-right: 14px;margin-left: 2px\"><\/div>\n<div style=\"background-color: #F4F4F4;border-radius: 50%;height: 12.5px;width: 12.5px\"><\/div>\n<\/div>\n<div style=\"margin-left: 8px\">\n<div style=\"background-color: #F4F4F4;border-radius: 50%;flex-grow: 0;height: 20px;width: 20px\"><\/div>\n<div style=\"width: 0;height: 0;border-top: 2px solid transparent;border-left: 6px solid #f4f4f4;border-bottom: 2px solid transparent\"><\/div>\n<\/div>\n<div style=\"margin-left: auto\">\n<div style=\"width: 0px;border-top: 8px solid #F4F4F4;border-right: 8px solid transparent\"><\/div>\n<div style=\"background-color: #F4F4F4;flex-grow: 0;height: 12px;width: 16px\"><\/div>\n<div style=\"width: 0;height: 0;border-top: 8px solid #F4F4F4;border-left: 8px solid transparent\"><\/div>\n<\/div>\n<\/div>\n<div style=\"flex-direction: column;flex-grow: 1;justify-content: center;margin-bottom: 24px\">\n<div style=\"background-color: #F4F4F4;border-radius: 4px;flex-grow: 0;height: 14px;margin-bottom: 6px;width: 224px\"><\/div>\n<div style=\"background-color: #F4F4F4;border-radius: 4px;flex-grow: 0;height: 14px;width: 144px\"><\/div>\n<\/div>\n<p><\/a><\/p>\n<p style=\"color:#c9c8cd;font-family:Arial,sans-serif;font-size:14px;line-height:17px;margin-bottom:0;margin-top:8px;overflow:hidden;padding:8px 0 7px;text-align:center\"><a rel=\"nofollow noopener\" target=\"_blank\" href=\"https:\/\/www.instagram.com\/p\/CibVFa3pe6x\/?utm_source=ig_embed&amp;utm_campaign=loading\" style=\"color:#c9c8cd;font-family:Arial,sans-serif;font-size:14px;font-style:normal;font-weight:normal;line-height:17px;text-decoration:none\">Um post compartilhado por DANIEL RODRIGUEZ (@d_rod_ufc)<\/a><\/p>\n<\/div>\n<\/blockquote>\n<\/div>\n<hr class=\"p-entry-hr\">\n<h1><strong>AN\u00daNCIOS DE LUTA<\/strong><\/h1>\n<p><strong>Slim Trabelsi (5-0) vs. <\/strong><strong>Parker Porter<\/strong><strong> (13-7);<\/strong> UFC 280, 22 de outubro<\/p>\n<hr class=\"p-entry-hr\">\n<h1><strong>PENSAMENTOS FINAIS<\/strong><\/h1>\n<p>Eu realmente n\u00e3o posso dizer que discordo de AlJo. As sequ\u00eancias de luta que Khamzat exibiu no UFC 279 foram uma coisa de absoluta beleza. Os confrontos com qualquer um dos 5 primeiros em 170 ou 185 s\u00e3o imperd\u00edveis.<\/p>\n<p>Obrigado por ler.<\/p>\n<hr class=\"p-entry-hr\">\n<h1><strong>POSI\u00c7\u00c3O DE PESQUISA<\/strong><\/h1>\n<p>Resultados da semana passada:<\/p>\n<p><strong>Sexta-feira:<\/strong> 55% do total de 639 votos responderam \u201cKhamzat Chimaev\u201d quando perguntados: \u201cQuem vence amanh\u00e3?\u201d Nate Diaz e Chimaev n\u00e3o acabaram lutando na luta principal do UFC 279 depois que Chimaev perdeu peso.<\/p>\n<p><strong>Quinta-feira:<\/strong> 62% do total de 614 votos responderam \u201cPaulo Costa\u201d quando perguntados: \u201cQuem venceria uma luta?\u201d Costa e Chimaev tiveram uma breve briga durante a semana de lutas do UFC 279.<\/p>\n<p><strong>Quarta-feira: <\/strong>75% do total de 953 votos responderam \u201cSim\u201d quando perguntado: \u201cJon Jones deve ser desqualificado da discuss\u00e3o do GOAT devido ao seu hist\u00f3rico de PED?\u201d<\/p>\n<p><strong>Ter\u00e7a-feira:<\/strong> 46% do total de 584 votos responderam \u201cCiryl Gane\u201d quando perguntados: \u201cQuem tem a melhor chance de derrotar Jon Jones entre suas poss\u00edveis op\u00e7\u00f5es de estreia nos pesos pesados?\u201d<\/p>\n<p>Enquete de hoje:<\/p>\n<div><\/div>\n<hr class=\"p-entry-hr\">\n<p><strong>Se voc\u00ea encontrar algo que gostaria de ver no Morning Report, entre em contato <\/strong><a rel=\"nofollow noopener\" target=\"_blank\" href=\"https:\/\/twitter.com\/DrakeRiggs_\"><strong>@DrakeRiggs_<\/strong><\/a><strong> no Twitter e inform\u00e1-lo sobre isso. Siga tamb\u00e9m MMAFighting em <\/strong><a rel=\"nofollow noopener\" target=\"_blank\" href=\"https:\/\/www.instagram.com\/mmafightingdotcom\/?hl=en\"><strong>Instagram<\/strong><\/a><strong> e goste de n\u00f3s <\/strong><a rel=\"nofollow noopener\" target=\"_blank\" href=\"https:\/\/www.facebook.com\/mmafighting\/\"><strong>Facebook<\/strong><\/a><strong>.<\/strong><\/p>\n","protected":false},"excerpt":{"rendered":"<p>Aljamain Sterling n\u00e3o v\u00ea nada al\u00e9m de coisas boas esperando pelo futuro de Khamzat Chimaev. No fim de semana passado no UFC 279, os modos dominantes de Chimaev continuaram como os f\u00e3s se acostumaram a ver. Originalmente definido para encabe\u00e7ar o evento ao lado de Nate Diaz em um confronto dos meio-m\u00e9dios, &#8220;Borz&#8221; perdeu peso [&hellip;]<\/p>\n","protected":false},"author":1,"featured_media":256719,"comment_status":"","ping_status":"open","sticky":false,"template":"","format":"standard","meta":{"footnotes":""},"categories":[1170],"tags":[],"_links":{"self":[{"href":"https:\/\/wmmaa.org\/pt-pt\/wp-json\/wp\/v2\/posts\/256734"}],"collection":[{"href":"https:\/\/wmmaa.org\/pt-pt\/wp-json\/wp\/v2\/posts"}],"about":[{"href":"https:\/\/wmmaa.org\/pt-pt\/wp-json\/wp\/v2\/types\/post"}],"author":[{"embeddable":true,"href":"https:\/\/wmmaa.org\/pt-pt\/wp-json\/wp\/v2\/users\/1"}],"replies":[{"embeddable":true,"href":"https:\/\/wmmaa.org\/pt-pt\/wp-json\/wp\/v2\/comments?post=256734"}],"version-history":[{"count":0,"href":"https:\/\/wmmaa.org\/pt-pt\/wp-json\/wp\/v2\/posts\/256734\/revisions"}],"wp:featuredmedia":[{"embeddable":true,"href":"https:\/\/wmmaa.org\/pt-pt\/wp-json\/wp\/v2\/media\/256719"}],"wp:attachment":[{"href":"https:\/\/wmmaa.org\/pt-pt\/wp-json\/wp\/v2\/media?parent=256734"}],"wp:term":[{"taxonomy":"category","embeddable":true,"href":"https:\/\/wmmaa.org\/pt-pt\/wp-json\/wp\/v2\/categories?post=256734"},{"taxonomy":"post_tag","embeddable":true,"href":"https:\/\/wmmaa.org\/pt-pt\/wp-json\/wp\/v2\/tags?post=256734"}],"curies":[{"name":"wp","href":"https:\/\/api.w.org\/{rel}","templated":true}]}}