{"id":256056,"date":"2022-09-12T15:18:46","date_gmt":"2022-09-12T12:18:46","guid":{"rendered":"https:\/\/wmmaa.org\/morning-report-michael-bisping-acha-que-nate-diaz-volta-ao-ufc-apos-luta-com-jake-paul-sua-janela-de-oportunidade-esta-se-fechando-o-tempo-todo\/"},"modified":"2022-09-12T15:18:46","modified_gmt":"2022-09-12T12:18:46","slug":"morning-report-michael-bisping-acha-que-nate-diaz-volta-ao-ufc-apos-luta-com-jake-paul-sua-janela-de-oportunidade-esta-se-fechando-o-tempo-todo","status":"publish","type":"post","link":"https:\/\/wmmaa.org\/pt-pt\/morning-report-michael-bisping-acha-que-nate-diaz-volta-ao-ufc-apos-luta-com-jake-paul-sua-janela-de-oportunidade-esta-se-fechando-o-tempo-todo\/","title":{"rendered":"Morning Report: Michael Bisping acha que Nate Diaz volta ao UFC ap\u00f3s luta com Jake Paul: &#8216;Sua janela de oportunidade est\u00e1 se fechando o tempo todo&#8217;"},"content":{"rendered":"<p>Michael Bisping acredita que n\u00e3o vimos o \u00faltimo de Nate Diaz no UFC. <\/p>\n<p>No s\u00e1bado, Diaz partiu para o p\u00f4r do sol do UFC, finalizando Tony Ferguson na luta principal do UFC 279. Ap\u00f3s a vit\u00f3ria, Diaz declarou sua inten\u00e7\u00e3o de sair do UFC para &#8220;assumir outra profiss\u00e3o e se tornar o melhor nisso&#8221;, uma refer\u00eancia ao boxe, especificamente uma luta de longa hip\u00f3tese entre Diaz e Jake Paul. Embora Bisping esteja ciente do potencial valor financeiro dessa luta em particular, o Hall da Fama do UFC acredita que Diaz ganhar\u00e1 mais dinheiro se permanecer na promo\u00e7\u00e3o. <\/p>\n<p>&#8220;Acho que ele fez um excelente discurso e achei que Joe Rogan fez a entrevista muito bem&#8221;, afirmou Bisping em seu <a rel=\"nofollow noopener\" target=\"_blank\" href=\"https:\/\/www.youtube.com\/watch?v=20c2_fK4-qM\">Canal do Youtube <\/a>.. Ele n\u00e3o est\u00e1 falando de boxe. Diaz, uma estrela mundial e um incr\u00edvel lutador de MMA, \u00e9 a verdade. Ele tamb\u00e9m pode competir em jiujitsu e kickboxing. Mas voc\u00ea pode at\u00e9 peg\u00e1-lo praticando boxe sem luvas. Diaz ir\u00e1 para onde lhe pagar mais. A verdade \u00e9 que Diaz tem muito poucas oportunidades fora da empresa para ganhar a mesma quantia de dinheiro. <\/p>\n<p>&#8220;O grande evento, o mais falado, \u00e9 o boxe Jake Paul. Esse \u00e9 um evento \u00fanico, e quem sabe? No entanto, n\u00e3o \u00e9 certo que seja um blockbuster. Muito prov\u00e1vel. \u00c9 prov\u00e1vel. Diaz est\u00e1 empatado, Jake Paul empata, ent\u00e3o essa luta vai chamar muita aten\u00e7\u00e3o, mas seria apenas uma luta. Diaz tem 37 anos. Ele est\u00e1 perdendo sua janela de oportunidade. Mas qual \u00e9 o ponto? Talvez uma grande luta com Jake Paul. N\u00e3o h\u00e1 um muitas oportunidades de ganhar dias de sucesso de bilheteria, um ap\u00f3s o outro, ap\u00f3s o outro, como ele faz com o UFC.&#8221;<\/p>\n<p>H\u00e1 outra poss\u00edvel superluta no futuro para Diaz, fora uma luta de Jake Paul com boxeadores: a luta tripla de Conor McGregor. As conversas sobre uma terceira luta entre os dois est\u00e3o sempre presentes desde que McGregor venceu sua revanche no UFC 202, e McGregor at\u00e9 <a rel=\"nofollow noopener\" target=\"_blank\" href=\"https:\/\/twitter.com\/TheNotoriousMMA\/status\/1568579504389472258\">recentemente afirmou que uma terceira luta vai acontecer em algum momento<\/a>. Muitos especulam que McGregor e Diaz lutar\u00e3o fora do UFC. Isso daria a ambos a oportunidade de compartilhar os lucros. Mas Bisping acredita que McGregor provavelmente assinar\u00e1 novamente com o UFC, o que significa que, uma vez que ele termine o boxe, ele espera que Diaz retorne \u00e0 promo\u00e7\u00e3o tamb\u00e9m. <\/p>\n<p>&#8220;Ent\u00e3o essa luta provavelmente vai acontecer, ele vai ganhar algum dinheiro, e depois?&#8221; disse Bisping. &#8220;Bellator? One FC? Bare knuckle boxing? Ele \u00e9 seu pr\u00f3prio promotor? Sua pr\u00f3pria promo\u00e7\u00e3o? Os dois lutam entre si, essa \u00e9 uma luta de grande sucesso, e ent\u00e3o eles dividem o pote 50\/50, eles ganham todo o dinheiro. Conor McGregor est\u00e1 atualmente sob contrato com o UFC. Embora eu n\u00e3o saiba seu status, ele est\u00e1 sob contrato com o UFC. Eles provavelmente oferecer\u00e3o a Conor outro contrato fant\u00e1stico, j\u00e1 que Conor atrai a maioria das pessoas de qualquer lutador. Ent\u00e3o, o que estou dizendo \u00e9 que essa luta provavelmente n\u00e3o vai se materializar t\u00e3o cedo, e provavelmente veremos Nate Diaz potencialmente re-assinar com o UFC. Isso n\u00e3o me surpreenderia.&#8221; <\/p>\n<p>O pr\u00f3prio Diaz tamb\u00e9m pode n\u00e3o se surpreender. Durante seu discurso p\u00f3s-luta, o superstar at\u00e9 permitiu essa possibilidade, dizendo que depois que ele terminar o boxe ele pretende &#8220;estar bem aqui atr\u00e1s para conseguir um t\u00edtulo do UFC. \u00e9 o melhor t\u00edtulo do mundo.&#8221;<\/p>\n<hr class=\"p-entry-hr\">\n<h1><strong>MELHORES HIST\u00d3RIAS<\/strong><\/h1>\n<p><strong>Resultados. <\/strong>Nate Diaz sai do UFC em alta, finalizando Tony Ferguson no UFC 279. <\/p>\n<p><strong>Sa\u00edda. <\/strong>Nate Diaz critica o &#8216;estreante manco, assustado e chato&#8217; Khamzat Chimaev ap\u00f3s o UFC 279, responde a Conor McGregor. <\/p>\n<p><strong>O neg\u00f3cio. <\/strong>Dana White reage quando Nate Diaz deixa o UFC. <\/p>\n<p><strong>Borz. <\/strong>Khamzat Chimaev sobre Nate Diaz ap\u00f3s o UFC 279: &#8216;Se eu lutasse com ele, eu o mataria&#8217;. <\/p>\n<p><strong>Promo\u00e7\u00e3o. <\/strong>Dana White chama Khamzat Chimaev de &#8216;f****** freak of nature&#8217; ap\u00f3s a vit\u00f3ria no UFC 279, mas recomenda o movimento dos m\u00e9dios. <\/p>\n<p><strong>Trag\u00e9dia. <\/strong>Ex-lutador do UFC Elias Theodorou morre de c\u00e2ncer aos 34 anos. <\/p>\n<p><strong>Rea\u00e7\u00e3o. <\/strong> O mundo do MMA lamenta a morte de Theodorou. <\/p>\n<hr class=\"p-entry-hr\">\n<h1><strong>COZINHA DE V\u00cdDEO<\/strong><\/h1>\n<p>P\u00f3s-show do UFC 279. <\/p>\n<div>\n<!-- ######## BEGIN VOLUME VIDEO ######## --><\/p>\n<div data-analytics-viewport=\"video\" data-analytics-action=\"volume:view:article:middle\" data-analytics-label=\"UFC 279 Post-Fight Show | Reaction To Nate Diaz's Perfect Exit, Khamzat Chimaev's Destruction|108770\" data-volume-uu data-analytics-placement=\"article:middle\" data-volume-placement=\"article\" data-volume-autoplay=\"false\" class=\"volume-video\" data-volume-player-choice=\"youtube\"><\/div>\n<p><!-- ######## END VOLUME VIDEO ######## -->\n<\/div>\n<p>Transmiss\u00e3o da coletiva de imprensa p\u00f3s-luta do UFC 279. <\/p>\n<div>\n<!-- ######## BEGIN VOLUME VIDEO ######## --><\/p>\n<div data-analytics-viewport=\"video\" data-analytics-action=\"volume:view:article:middle\" data-analytics-label=\"UFC 279: Diaz vs. Ferguson Post-Fight Press Conference | MMA Fighting|108760\" data-volume-uu data-analytics-placement=\"article:middle\" data-volume-placement=\"article\" data-volume-autoplay=\"false\" class=\"volume-video\" data-volume-player-choice=\"youtube\"><\/div>\n<p><!-- ######## END VOLUME VIDEO ######## -->\n<\/div>\n<p>Rea\u00e7\u00e3o de Israel Adesanya no UFC 279. <\/p>\n<div>\n<div style=\"width: 100%;height: 0;padding-bottom: 56.25%\"><iframe loading=\"lazy\" title=\"Israel Adesanya Reacts to CRAZY UFC 279 PPV &amp; Khamzat Weigh-In Drama\" width=\"640\" height=\"360\" src=\"https:\/\/www.youtube.com\/embed\/Aj1M4HVEAN8?feature=oembed\" frameborder=\"0\" allow=\"accelerometer; autoplay; clipboard-write; encrypted-media; gyroscope; picture-in-picture; web-share\" referrerpolicy=\"strict-origin-when-cross-origin\" allowfullscreen><\/iframe><\/div>\n<\/div>\n<p>Aljamain Sterling UFC 279 Vlog. <\/p>\n<div>\n<div style=\"width: 100%;height: 0;padding-bottom: 56.25%\"><iframe loading=\"lazy\" title=\"Aljo And Merab React To Nate Diaz&#039;s Insane Submission With Tony Ferguson | UFC 279 Vlog\" width=\"640\" height=\"360\" src=\"https:\/\/www.youtube.com\/embed\/sUoAf5H1bo8?feature=oembed\" frameborder=\"0\" allow=\"accelerometer; autoplay; clipboard-write; encrypted-media; gyroscope; picture-in-picture; web-share\" referrerpolicy=\"strict-origin-when-cross-origin\" allowfullscreen><\/iframe><\/div>\n<\/div>\n<p>Paddy Pimblett em treinamento com os fuzileiros navais. <\/p>\n<div>\n<div style=\"width: 100%;height: 0;padding-bottom: 56.25%\"><iframe loading=\"lazy\" title=\"UFC vs USMC - Paddy the Baddy Takes On The Marines!\" width=\"640\" height=\"360\" src=\"https:\/\/www.youtube.com\/embed\/giFgvNqE7sk?feature=oembed\" frameborder=\"0\" allow=\"accelerometer; autoplay; clipboard-write; encrypted-media; gyroscope; picture-in-picture; web-share\" referrerpolicy=\"strict-origin-when-cross-origin\" allowfullscreen><\/iframe><\/div>\n<\/div>\n<hr class=\"p-entry-hr\">\n<h1><strong>OU\u00c7A<\/strong><\/h1>\n<p><strong>Para o pr\u00f3ximo. <\/strong> <a rel=\"nofollow noopener\" target=\"_blank\" href=\"https:\/\/podcasts.apple.com\/us\/podcast\/on-to-the-next-one-matches-to-make-after-ufc-279\/id320642139?i=1000579108653\">Partidas para fazer<\/a> ap\u00f3s o UFC 279. <\/p>\n<hr class=\"p-entry-hr\">\n<h1><strong>BOUILLABAISSE DE REDES SOCIAIS<\/strong><\/h1>\n<p>Chimaev. <\/p>\n<div>\n<blockquote class=\"twitter-tweet\">\n<p lang=\"zxx\" dir=\"ltr\"><a rel=\"nofollow noopener\" target=\"_blank\" href=\"https:\/\/t.co\/lSHuIsXLIi\">pic.twitter.com\/lSHuIsXLIi<\/a><\/p>\n<p>&#8212; Khamzat Chimaev (@KChimaev) <a rel=\"nofollow noopener\" target=\"_blank\" href=\"https:\/\/twitter.com\/KChimaev\/status\/1569059360378167296?ref_src=twsrc%5Etfw\">11 de setembro de 2022<\/a>\n<\/p>\n<\/blockquote>\n<\/div>\n<p>Chael Sonnen. <\/p>\n<div>\n<blockquote class=\"twitter-tweet\">\n<p lang=\"en\" dir=\"ltr\">O cara mais malvado do mundo, tentando provar um ponto, ganhar\u00e1 a coroa no peso mais pesado que puder, n\u00e3o no mais leve. <\/p>\n<p>&#8212; Chael Sonnen (@ChaelSonnen) <a rel=\"nofollow noopener\" target=\"_blank\" href=\"https:\/\/twitter.com\/ChaelSonnen\/status\/1569019219022589952?ref_src=twsrc%5Etfw\">11 de setembro de 2022<\/a>\n<\/p>\n<\/blockquote>\n<\/div>\n<div>\n<blockquote class=\"twitter-tweet\">\n<p lang=\"en\" dir=\"ltr\">Ningu\u00e9m nunca cortou peso para competi\u00e7\u00e3o, eles cortam peso para evitar competi\u00e7\u00e3o. <\/p>\n<p>&#8212; Chael Sonnen (@ChaelSonnen) <a rel=\"nofollow noopener\" target=\"_blank\" href=\"https:\/\/twitter.com\/ChaelSonnen\/status\/1569019582782009344?ref_src=twsrc%5Etfw\">11 de setembro de 2022<\/a>\n<\/p>\n<\/blockquote>\n<\/div>\n<p>Johnny Walker. <\/p>\n<div>\n<blockquote class=\"twitter-tweet\">\n<p lang=\"en\" dir=\"ltr\">Que nada estrague a energia positiva deste dia e que sua felicidade seja constante. Tenha um \u00f3timo domingo!! <a rel=\"nofollow noopener\" target=\"_blank\" href=\"https:\/\/t.co\/7MAp3QyP4A\">pic.twitter.com\/7MAp3QyP4A<\/a><\/p>\n<p>&#8212; Johnny Walker (@JohnnyWalker) <a rel=\"nofollow noopener\" target=\"_blank\" href=\"https:\/\/twitter.com\/JohnnyWalker\/status\/1569160494929575937?ref_src=twsrc%5Etfw\">12 de setembro de 2022<\/a>\n<\/p>\n<\/blockquote>\n<\/div>\n<p>Jake Shields e Paulo Costa. <\/p>\n<div>\n<blockquote class=\"twitter-tweet\">\n<p lang=\"en\" dir=\"ltr\">ensinou meu irm\u00e3o <a rel=\"nofollow noopener\" target=\"_blank\" href=\"https:\/\/twitter.com\/BorrachinhaMMA?ref_src=twsrc%5Etfw\">@BorrachinhaMMA<\/a> sinal do lado oeste para que ele possa representar o 209 <a rel=\"nofollow noopener\" target=\"_blank\" href=\"https:\/\/t.co\/XoH1rR3NwP\">pic.twitter.com\/XoH1rR3NwP<\/a><\/p>\n<p>&#8212; Jake Shields (@jakeshieldsajj) <a rel=\"nofollow noopener\" target=\"_blank\" href=\"https:\/\/twitter.com\/jakeshieldsajj\/status\/1569184835067068416?ref_src=twsrc%5Etfw\">12 de setembro de 2022<\/a>\n<\/p>\n<\/blockquote>\n<\/div>\n<p>Marc Godard. <\/p>\n<div>\n<blockquote class=\"twitter-tweet\">\n<p lang=\"en\" dir=\"ltr\">Las Vegas. Voc\u00ea entregou, mais uma vez! Uma honra e privil\u00e9gio. Este esporte maravilhoso continua sendo uma b\u00ean\u00e7\u00e3o. Quando eu parei a luta ontem \u00e0 noite depois da Guilhotina de Nate o tempo no rel\u00f3gio&#8230; 2:09! <a rel=\"nofollow noopener\" target=\"_blank\" href=\"https:\/\/twitter.com\/hashtag\/fortune?src=hash&amp;ref_src=twsrc%5Etfw\">#fortuna<\/a> <a rel=\"nofollow noopener\" target=\"_blank\" href=\"https:\/\/twitter.com\/hashtag\/GodBlessAmerica?src=hash&amp;ref_src=twsrc%5Etfw\">#Deus aben\u00e7oe a America<\/a> <a rel=\"nofollow noopener\" target=\"_blank\" href=\"https:\/\/t.co\/gZBj8k3IK0\">pic.twitter.com\/gZBj8k3IK0<\/a><\/p>\n<p>&#8212; Marc Goddard (@marcgoddard_uk) <a rel=\"nofollow noopener\" target=\"_blank\" href=\"https:\/\/twitter.com\/marcgoddard_uk\/status\/1569034421864640512?ref_src=twsrc%5Etfw\">11 de setembro de 2022<\/a>\n<\/p>\n<\/blockquote>\n<\/div>\n<p>Henry Cejudo talvez abandonando seu sonho de peso pena? <\/p>\n<div>\n<blockquote class=\"twitter-tweet\">\n<p lang=\"en\" dir=\"ltr\">Eu penso <a rel=\"nofollow noopener\" target=\"_blank\" href=\"https:\/\/twitter.com\/funkmasterMMA?ref_src=twsrc%5Etfw\">@funkmasterMMA<\/a> poderia vencer TJ Dillashaw com o plano de jogo certo. Estas s\u00e3o as minhas \u00fanicas sugest\u00f5es para ele. (bom te ver tamb\u00e9m <a rel=\"nofollow noopener\" target=\"_blank\" href=\"https:\/\/twitter.com\/MerabDvalishvil?ref_src=twsrc%5Etfw\">@MerabDvalishvil<\/a>)<\/p>\n<p> : <a rel=\"nofollow noopener\" target=\"_blank\" href=\"https:\/\/t.co\/y8PTFUMaBf\">https:\/\/t.co\/y8PTFUMaBf<\/a> <a rel=\"nofollow noopener\" target=\"_blank\" href=\"https:\/\/t.co\/srgFaBISYh\">pic.twitter.com\/srgFaBISYh<\/a><\/p>\n<p>&#8212; Henry Cejudo (@HenryCejudo) <a rel=\"nofollow noopener\" target=\"_blank\" href=\"https:\/\/twitter.com\/HenryCejudo\/status\/1569074509994688514?ref_src=twsrc%5Etfw\">11 de setembro de 2022<\/a>\n<\/p>\n<\/blockquote>\n<\/div>\n<p>Essas orelhas. <\/p>\n<div>\n<blockquote class=\"twitter-tweet\">\n<p lang=\"en\" dir=\"ltr\">12 de novembro NY <a rel=\"nofollow noopener\" target=\"_blank\" href=\"https:\/\/t.co\/Yk21JAY3MF\">pic.twitter.com\/Yk21JAY3MF<\/a><\/p>\n<p>&#8212; O Diamante (@DustinPoirier) <a rel=\"nofollow noopener\" target=\"_blank\" href=\"https:\/\/twitter.com\/DustinPoirier\/status\/1568996240486027264?ref_src=twsrc%5Etfw\">11 de setembro de 2022<\/a>\n<\/p>\n<\/blockquote>\n<\/div>\n<p>Valentina Shevchenko. <\/p>\n<div>\n<blockquote class=\"twitter-tweet\">\n<p lang=\"en\" dir=\"ltr\">8 lutas pelo cintur\u00e3o peso mosca do UFC 7 defesas de cintur\u00e3o Prontos para a pr\u00f3xima! <a rel=\"nofollow noopener\" target=\"_blank\" href=\"https:\/\/t.co\/d7K5tdNXxX\">pic.twitter.com\/d7K5tdNXxX<\/a><\/p>\n<p>&#8212; Valentina Shevchenko (@BulletValentina) <a rel=\"nofollow noopener\" target=\"_blank\" href=\"https:\/\/twitter.com\/BulletValentina\/status\/1569101128113229825?ref_src=twsrc%5Etfw\">11 de setembro de 2022<\/a>\n<\/p>\n<\/blockquote>\n<\/div>\n<hr class=\"p-entry-hr\">\n<h1><strong>AN\u00daNCIOS DE LUTA<\/strong><\/h1>\n<p><strong>N \/ D. <\/strong><\/p>\n<hr class=\"p-entry-hr\">\n<h1><strong>PENSAMENTOS FINAIS<\/strong><\/h1>\n<p>Obrigado por ler! Vejo voc\u00eas amanh\u00e3. <\/p>\n<hr class=\"p-entry-hr\">\n<h1><strong>SAIR DA PESQUISA<\/strong><\/h1>\n<div><\/div>\n<hr class=\"p-entry-hr\">\n<p><strong>Se voc\u00ea encontrar algo que gostaria de ver no Morning Report, entre em contato <\/strong><a rel=\"nofollow noopener\" target=\"_blank\" href=\"https:\/\/twitter.com\/JedKMeshew\"><strong>@JedKMeshew<\/strong><\/a><strong> no Twitter e inform\u00e1-lo sobre isso. Siga tamb\u00e9m MMAFighting em <\/strong><a rel=\"nofollow noopener\" target=\"_blank\" href=\"https:\/\/www.instagram.com\/mmafightingdotcom\/?hl=en\"><strong>Instagram<\/strong><\/a><strong> e goste de n\u00f3s <\/strong><a rel=\"nofollow noopener\" target=\"_blank\" href=\"https:\/\/www.facebook.com\/mmafighting\/\"><strong>Facebook<\/strong><\/a><strong>. <\/strong><\/p>\n<p>\n","protected":false},"excerpt":{"rendered":"<p>Michael Bisping acredita que n\u00e3o vimos o \u00faltimo de Nate Diaz no UFC. No s\u00e1bado, Diaz partiu para o p\u00f4r do sol do UFC, finalizando Tony Ferguson na luta principal do UFC 279. Ap\u00f3s a vit\u00f3ria, Diaz declarou sua inten\u00e7\u00e3o de sair do UFC para &#8220;assumir outra profiss\u00e3o e se tornar o melhor nisso&#8221;, uma [&hellip;]<\/p>\n","protected":false},"author":1,"featured_media":256040,"comment_status":"","ping_status":"open","sticky":false,"template":"","format":"standard","meta":{"footnotes":""},"categories":[1170],"tags":[],"_links":{"self":[{"href":"https:\/\/wmmaa.org\/pt-pt\/wp-json\/wp\/v2\/posts\/256056"}],"collection":[{"href":"https:\/\/wmmaa.org\/pt-pt\/wp-json\/wp\/v2\/posts"}],"about":[{"href":"https:\/\/wmmaa.org\/pt-pt\/wp-json\/wp\/v2\/types\/post"}],"author":[{"embeddable":true,"href":"https:\/\/wmmaa.org\/pt-pt\/wp-json\/wp\/v2\/users\/1"}],"replies":[{"embeddable":true,"href":"https:\/\/wmmaa.org\/pt-pt\/wp-json\/wp\/v2\/comments?post=256056"}],"version-history":[{"count":0,"href":"https:\/\/wmmaa.org\/pt-pt\/wp-json\/wp\/v2\/posts\/256056\/revisions"}],"wp:featuredmedia":[{"embeddable":true,"href":"https:\/\/wmmaa.org\/pt-pt\/wp-json\/wp\/v2\/media\/256040"}],"wp:attachment":[{"href":"https:\/\/wmmaa.org\/pt-pt\/wp-json\/wp\/v2\/media?parent=256056"}],"wp:term":[{"taxonomy":"category","embeddable":true,"href":"https:\/\/wmmaa.org\/pt-pt\/wp-json\/wp\/v2\/categories?post=256056"},{"taxonomy":"post_tag","embeddable":true,"href":"https:\/\/wmmaa.org\/pt-pt\/wp-json\/wp\/v2\/tags?post=256056"}],"curies":[{"name":"wp","href":"https:\/\/api.w.org\/{rel}","templated":true}]}}