{"id":253768,"date":"2022-09-09T21:27:42","date_gmt":"2022-09-09T18:27:42","guid":{"rendered":"https:\/\/wmmaa.org\/khamzat-chimaev-posta-meme-brincando-culpando-darren-till-por-falta-absurda-no-ufc-279-a-culpa-e-dele\/"},"modified":"2022-09-09T21:27:42","modified_gmt":"2022-09-09T18:27:42","slug":"khamzat-chimaev-posta-meme-brincando-culpando-darren-till-por-falta-absurda-no-ufc-279-a-culpa-e-dele","status":"publish","type":"post","link":"https:\/\/wmmaa.org\/pt-pt\/khamzat-chimaev-posta-meme-brincando-culpando-darren-till-por-falta-absurda-no-ufc-279-a-culpa-e-dele\/","title":{"rendered":"Khamzat Chimaev posta meme brincando culpando Darren Till por falta absurda no UFC 279: &#8216;A culpa \u00e9 dele&#8217;"},"content":{"rendered":"<p>Khamzat Chimaev n\u00e3o est\u00e1 levando muito a s\u00e9rio um erro que pode alterar sua carreira. <\/p>\n<p>Na pesagem oficial de sexta-feira para o UFC 279, Chimaev errou gravemente o peso, chegando a 178,5 libras, 7,5 libras acima do limite dos meio-m\u00e9dios para sua luta principal contra Nate Diaz. <\/p>\n<p>Pouco depois, Chimaev enviou uma imagem do photoshop para a m\u00eddia social. Ele apresentava uma imagem photoshop dele e de seu parceiro de treinamento Darren Till. A imagem mostra que as estrelas do UFC parecem muito mais pesadas na foto do que realmente s\u00e3o. <\/p>\n<p>A imagem foi acompanhada por uma legenda marcando Till que diz: &#8220;A culpa \u00e9 dele&#8221; junto com um emoji rindo. <\/p>\n<div>\n<blockquote class=\"twitter-tweet\">\n<p lang=\"en\" dir=\"ltr\"><a rel=\"nofollow noopener\" target=\"_blank\" href=\"https:\/\/twitter.com\/darrentill2?ref_src=twsrc%5Etfw\">@darrentil2<\/a> \u00c9 culpa dele <a rel=\"nofollow noopener\" target=\"_blank\" href=\"https:\/\/t.co\/chmZTZ7ctc\">pic.twitter.com\/chmZTZ7ctc<\/a><\/p>\n<p>&#8212; Khamzat Chimaev (@KChimaev) <a rel=\"nofollow noopener\" target=\"_blank\" href=\"https:\/\/twitter.com\/KChimaev\/status\/1568294570932293637?ref_src=twsrc%5Etfw\">9 de setembro de 2022<\/a>\n<\/p>\n<\/blockquote>\n<\/div>\n<p>O meme coincide com o comportamento de Chimaev na pesagem. Ele deu de ombros e parecia estar dizendo &#8220;n\u00e3o \u00e9 t\u00e3o ruim&#8221;, quando seu peso foi revelado. A falta de Chimaev ocorre menos de 24 horas depois que ele e seus associados se envolveram em uma briga nos bastidores com Diaz e outros que resultou no cancelamento de uma coletiva de imprensa do UFC 279 na quinta-feira. <\/p>\n<p>Ainda n\u00e3o se sabe se a luta de Chimaev com Diaz continuar\u00e1, dada a enorme falta de peso. <\/p>\n<p>O UFC 279 ser\u00e1 realizado neste s\u00e1bado na T-Mobile Arena, em Las Vegas. <\/p>\n","protected":false},"excerpt":{"rendered":"<p>Khamzat Chimaev n\u00e3o est\u00e1 levando muito a s\u00e9rio um erro que pode alterar sua carreira. Na pesagem oficial de sexta-feira para o UFC 279, Chimaev errou gravemente o peso, chegando a 178,5 libras, 7,5 libras acima do limite dos meio-m\u00e9dios para sua luta principal contra Nate Diaz. Pouco depois, Chimaev enviou uma imagem do photoshop [&hellip;]<\/p>\n","protected":false},"author":1,"featured_media":253758,"comment_status":"","ping_status":"open","sticky":false,"template":"","format":"standard","meta":{"footnotes":""},"categories":[1170],"tags":[],"_links":{"self":[{"href":"https:\/\/wmmaa.org\/pt-pt\/wp-json\/wp\/v2\/posts\/253768"}],"collection":[{"href":"https:\/\/wmmaa.org\/pt-pt\/wp-json\/wp\/v2\/posts"}],"about":[{"href":"https:\/\/wmmaa.org\/pt-pt\/wp-json\/wp\/v2\/types\/post"}],"author":[{"embeddable":true,"href":"https:\/\/wmmaa.org\/pt-pt\/wp-json\/wp\/v2\/users\/1"}],"replies":[{"embeddable":true,"href":"https:\/\/wmmaa.org\/pt-pt\/wp-json\/wp\/v2\/comments?post=253768"}],"version-history":[{"count":0,"href":"https:\/\/wmmaa.org\/pt-pt\/wp-json\/wp\/v2\/posts\/253768\/revisions"}],"wp:featuredmedia":[{"embeddable":true,"href":"https:\/\/wmmaa.org\/pt-pt\/wp-json\/wp\/v2\/media\/253758"}],"wp:attachment":[{"href":"https:\/\/wmmaa.org\/pt-pt\/wp-json\/wp\/v2\/media?parent=253768"}],"wp:term":[{"taxonomy":"category","embeddable":true,"href":"https:\/\/wmmaa.org\/pt-pt\/wp-json\/wp\/v2\/categories?post=253768"},{"taxonomy":"post_tag","embeddable":true,"href":"https:\/\/wmmaa.org\/pt-pt\/wp-json\/wp\/v2\/tags?post=253768"}],"curies":[{"name":"wp","href":"https:\/\/api.w.org\/{rel}","templated":true}]}}