{"id":253559,"date":"2022-09-09T15:21:43","date_gmt":"2022-09-09T12:21:43","guid":{"rendered":"https:\/\/wmmaa.org\/morning-report-darren-till-explica-seu-lado-do-drama-do-presser-do-ufc-279-era-normal\/"},"modified":"2022-09-09T15:21:43","modified_gmt":"2022-09-09T12:21:43","slug":"morning-report-darren-till-explica-seu-lado-do-drama-do-presser-do-ufc-279-era-normal","status":"publish","type":"post","link":"https:\/\/wmmaa.org\/pt-pt\/morning-report-darren-till-explica-seu-lado-do-drama-do-presser-do-ufc-279-era-normal\/","title":{"rendered":"Morning Report: Darren Till explica seu lado do drama do presser do UFC 279: &#8216;Era normal&#8217;"},"content":{"rendered":"<p>Onde um &#8220;Smesh Bro&#8221; vai, o outro segue. <\/p>\n<p>A semana de luta do UFC 279 entrou para a hist\u00f3ria por ter n\u00e3o apenas a coletiva de imprensa pr\u00e9-luta mais r\u00e1pida de todos os tempos, mas talvez a mais agitada. Depois de trazer dois dos competidores do card principal, Kevin Holland e Daniel Rodriguez, o presidente do UFC Dana White esperava trazer as duas lutas seguintes uma a uma devido a alguma tens\u00e3o que havia sido provocada nos bastidores. Em vez disso, White cancelou a coisa toda, notando logo depois que as coisas ficaram &#8220;muito f\u00edsicas&#8221; e muitas partes m\u00f3veis estavam envolvidas para executar as coisas com seguran\u00e7a. <\/p>\n<p>White acrescentou que as brigas resultaram de uma intera\u00e7\u00e3o entre um dos principais participantes, Khamzat Chimaev, e a Holanda antes que o advers\u00e1rio de Chimaev, Nate Diaz e sua equipe se envolvessem. <\/p>\n<p>Desde a \u00faltima luta de Chimaev, que aconteceu no in\u00edcio deste ano, ele formou uma forte amizade com o lutador dos m\u00e9dios do UFC, Darren Till, e o brit\u00e2nico est\u00e1 mais uma vez encurralando &#8220;Borz&#8221;. Juntando-se \u00e0 confer\u00eancia de imprensa de quinta-feira, Till compartilhou sua perspectiva ao conversar com <a rel=\"nofollow noopener\" target=\"_blank\" href=\"https:\/\/www.youtube.com\/watch?v=w-eoN-eV0Ew\">A Vida Mac<\/a>. <\/p>\n<p>&#8220;Era apenas normal&#8221;, disse Till. &#8220;N\u00e3o sei se estou dizendo isso porque somos lutadores, porque lutamos o tempo todo. <\/p>\n<p>&#8220;Ent\u00e3o, estamos separados a semana toda, as equipes, somos cerca de 30 e acho que s\u00e3o cerca de 50. \u00c9 muita gente. Todos nos reunimos, seis cada. Nate provavelmente tinha seis homens vindo para o imprensa, e n\u00f3s seis est\u00e1vamos esperando nos bastidores. Ent\u00e3o, quando sa\u00edmos, eles disseram: &#8216;V\u00e1 e sente-se l\u00e1 dentro.&#8217; Mas Khamzat estava sozinho, ent\u00e3o eu fiquei tipo, &#8216;Ele est\u00e1 bem sozinho?&#8217; E eu olhei para Kevin e Kevin estava sozinho, ent\u00e3o todo mundo estava sozinho, eu n\u00e3o sabia onde Nate estava. <\/p>\n<p>&#8220;Fomos para o nosso lado, eles estavam do lado deles&#8221;, continuou. Ele continuou: &#8220;Eles estavam todos de p\u00e9, ent\u00e3o nos levantamos junto com alguns deles. A seguran\u00e7a estava nos seguindo e dizendo: &#8220;At\u00e9, por favor, des\u00e7a.&#8221; Ele disse: &#8220;At\u00e9, por favor.&#8221; Ele me disse , &#8220;Sente-se. Mas quando Khamzat chegar para a coletiva de imprensa, estaremos todos de p\u00e9. Quero que voc\u00ea saiba disso.&#8221; Ele diz bem.&#8221;<\/p>\n<p> White falou com a m\u00eddia e mencionou que garrafas de \u00e1gua estavam voando. Ele tamb\u00e9m se conectou com Tiki Ghosn, um ex-lutador que agora era gerente. Till foi capaz de tirar fotos e interagir com os f\u00e3s, mas ele tamb\u00e9m ficou de olho nos Diaz enquanto eles cuidavam de seus neg\u00f3cios. <\/p>\n<p>&#8220;Ent\u00e3o, noto um seguran\u00e7a correndo atr\u00e1s do palco e me pergunto: &#8220;Qual \u00e9 o problema?&#8221; Till respondeu. Dana saiu e disse que eles estavam cancelando a coletiva de imprensa. Ent\u00e3o todos ficaram no MGM. Todos estavam indo para casa e fazendo qualquer outra coisa. Eu n\u00e3o conseguia chegar \u00e0 entrada, ent\u00e3o eu e Guram [Kutateladze], saltamos sobre a barreira. Atravessamos o Khamzat do outro lado. Eu n\u00e3o vi onde Nate estava, mas os caras de Nate que deveriam entrar n\u00e3o viram. Nate estava l\u00e1 fora em algum lugar ou algo assim. Kevin n\u00e3o parecia estar l\u00e1, ent\u00e3o fui para a ba\u00eda dos fundos. Isso foi tudo o que vimos, ent\u00e3o obviamente havia algo antes disso, eu acho.&#8221;<\/p>\n<p>Till continuou explicando ter alguns sentimentos de arrependimento por estar t\u00e3o longe de Chimaev quanto durante o cora\u00e7\u00e3o do incidente. Com as pesagens cerimoniais chegando mais tarde hoje, ele promete que os &#8220;Smesh Bros&#8221; n\u00e3o ser\u00e3o separados caso outras travessuras comecem. <\/p>\n<p>White tamb\u00e9m foi questionado sobre cerimoniais. No entanto, ele garantiu que isso n\u00e3o iria acontecer novamente. Portanto, \u00e9 seguro esperar um confronto final bastante distanciado de Diaz UFC enquanto ele se prepara para terminar seu contrato. <\/p>\n<p>&#8220;Acho que as pessoas de fora apenas constroem um pouco mais do que \u00e9&#8221;, disse Till. &#8220;\u00c9 apenas o que \u00e9. 100 milh\u00f5es por cento [a big fight could have kicked off]. Tudo o que sei \u00e9&#8230; A equipe de Diaz est\u00e1 l\u00e1, tipo 57 deles, e n\u00f3s estamos l\u00e1, 35 de n\u00f3s ou algo assim. Posso dizer que a maioria s\u00e3o lutadores, e muitos deles s\u00e3o lutadores. Toda essa merda como eu sou isso, eu sou aquilo&#8230; A maioria de n\u00f3s vem das ruas e a maioria deles vem. \u00c9 o que estamos acostumados a fazer. Se estivermos chegando perto, as coisas v\u00e3o ser ditas. Algu\u00e9m vai olhar para algu\u00e9m e dizer para quem voc\u00ea est\u00e1 olhando? Ent\u00e3o vamos todos lutar. \u00c9 isso que vai acontecer.&#8221;<\/p>\n<hr class=\"p-entry-hr\">\n<h1><strong>MELHORES HIST\u00d3RIAS<\/strong><\/h1>\n<p><strong>Loucura. <\/strong> Dana White cancela coletiva de imprensa pr\u00e9-luta do UFC 279 ap\u00f3s &#8216;s*** show&#8217; irromper nos bastidores<\/p>\n<p><strong>Avante. <\/strong> Thiago Santos sai do UFC e assina contrato para se juntar ao elenco da PFL para a temporada 2023<\/p>\n<p><strong>For\u00e7a. <\/strong> Ciryl Gane diz que nunca sentiu poder como o de Tai Tuivasa antes: &#8216;N\u00e3o sei explicar, mas ele tem algo nas m\u00e3os&#8217;<\/p>\n<p><strong>Meta. <\/strong> Michael Chandler ainda est\u00e1 de olho em Conor McGregor, mas diz que \u00e9 &#8216;tolice engatar seu vag\u00e3o para essa luta&#8217;<\/p>\n<p><strong>Boxe. <\/strong> Nate Diaz fala sobre uma poss\u00edvel luta com Jake Paul. Ele diz que quem descarta Anderson Silva \u00e9 est\u00fapido&#8217;<\/p>\n<p><strong>An\u00e1lise. <\/strong> Caminhos para a vit\u00f3ria: como Nate Diaz pode fazer uma virada milagrosa no UFC 279<\/p>\n<p><strong>RIP A morte da rainha Elizabeth II causa preocupa\u00e7\u00e3o na comunidade dos esportes de combate <\/p>\n<hr class=\"p-entry-hr\">\n<h1><strong>COZINHA DE V\u00cdDEO<\/strong><\/h1>\n<p>Entre os Links. <\/p>\n<div>\n<!-- ######## BEGIN VOLUME VIDEO ######## --><\/p>\n<div data-analytics-viewport=\"video\" data-analytics-action=\"volume:view:article:middle\" data-analytics-label=\"BTL LIVE | Khamzat Chimaev vs. Nate Diaz, UFC 279, UFC Paris Fallout, More | MMA Fighting|108720\" data-volume-uu data-analytics-placement=\"article:middle\" data-volume-placement=\"article\" data-volume-autoplay=\"false\" class=\"volume-video\" data-volume-player-choice=\"youtube\"><\/div>\n<p><!-- ######## END VOLUME VIDEO ######## -->\n<\/div>\n<p>Dana White discute o cancelamento do presser do UFC 279. <\/p>\n<div>\n<!-- ######## BEGIN VOLUME VIDEO ######## --><\/p>\n<div data-analytics-viewport=\"video\" data-analytics-action=\"volume:view:article:middle\" data-analytics-label=\"Dana White Reacts To 'Chaos Backstage at Presser | UFC 279 | MMA Fighting|108737\" data-volume-uu data-analytics-placement=\"article:middle\" data-volume-placement=\"article\" data-volume-autoplay=\"false\" class=\"volume-video\" data-volume-player-choice=\"youtube\"><\/div>\n<p><!-- ######## END VOLUME VIDEO ######## -->\n<\/div>\n<p>Mike Heck e Jose Youngs, do MMA Fighting, reagem ao cancelamento do UFC 279 Presser. <\/p>\n<div>\n<!-- ######## BEGIN VOLUME VIDEO ######## --><\/p>\n<div data-analytics-viewport=\"video\" data-analytics-action=\"volume:view:article:middle\" data-analytics-label=\"Reaction | UFC 279 Press Conference Cancelled By Dana White | MMA Fighting|108738\" data-volume-uu data-analytics-placement=\"article:middle\" data-volume-placement=\"article\" data-volume-autoplay=\"false\" class=\"volume-video\" data-volume-player-choice=\"youtube\"><\/div>\n<p><!-- ######## END VOLUME VIDEO ######## -->\n<\/div>\n<p>Holland e Rodriguez se enfrentam antes que a prensa do UFC 279 seja cancelada. <\/p>\n<div>\n<!-- ######## BEGIN VOLUME VIDEO ######## --><\/p>\n<div data-analytics-viewport=\"video\" data-analytics-action=\"volume:view:article:middle\" data-analytics-label=\"Kevin Holland, Daniel Rodriguez Face Off Before Cancelled UFC 279 Presser | UFC 279 | MMA Fighting|108739\" data-volume-uu data-analytics-placement=\"article:middle\" data-volume-placement=\"article\" data-volume-autoplay=\"false\" class=\"volume-video\" data-volume-player-choice=\"youtube\"><\/div>\n<p><!-- ######## END VOLUME VIDEO ######## -->\n<\/div>\n<p>Mike Heck, do MMA Fighting, conversa com Daniel Rodriguez. <\/p>\n<div>\n<!-- ######## BEGIN VOLUME VIDEO ######## --><\/p>\n<div data-analytics-viewport=\"video\" data-analytics-action=\"volume:view:article:middle\" data-analytics-label=\"- MMA Fighting|108669\" data-volume-uu data-analytics-placement=\"article:middle\" data-volume-placement=\"article\" data-volume-autoplay=\"false\" class=\"volume-video\" data-volume-player-choice=\"youtube\"><\/div>\n<p><!-- ######## END VOLUME VIDEO ######## -->\n<\/div>\n<p>Os profissionais preveem o UFC 279. <\/p>\n<div>\n<!-- ######## BEGIN VOLUME VIDEO ######## --><\/p>\n<div data-analytics-viewport=\"video\" data-analytics-action=\"volume:view:article:middle\" data-analytics-label=\"UFC 279: Pros Predict Nate Diaz vs. Khamzat Chimaev | Feat. O'Malley, Ferguson, Hardy, More|108715\" data-volume-uu data-analytics-placement=\"article:middle\" data-volume-placement=\"article\" data-volume-autoplay=\"false\" class=\"volume-video\" data-volume-player-choice=\"youtube\"><\/div>\n<p><!-- ######## END VOLUME VIDEO ######## -->\n<\/div>\n<p>Mike Heck, do MMA Fighting, conversa com Britain Hart. <\/p>\n<div>\n<!-- ######## BEGIN VOLUME VIDEO ######## --><\/p>\n<div data-analytics-viewport=\"video\" data-analytics-action=\"volume:view:article:middle\" data-analytics-label=\"- MMA Fighting|108722\" data-volume-uu data-analytics-placement=\"article:middle\" data-volume-placement=\"article\" data-volume-autoplay=\"false\" class=\"volume-video\" data-volume-player-choice=\"youtube\"><\/div>\n<p><!-- ######## END VOLUME VIDEO ######## -->\n<\/div>\n<p>Incorporado 4. <\/p>\n<div>\n<div style=\"width: 100%;height: 0;padding-bottom: 56.25%\"><iframe loading=\"lazy\" title=\"UFC 279 Embedded: Vlog Series - Episode 4\" width=\"640\" height=\"360\" src=\"https:\/\/www.youtube.com\/embed\/lW4vLaZn0jM?feature=oembed\" frameborder=\"0\" allow=\"accelerometer; autoplay; clipboard-write; encrypted-media; gyroscope; picture-in-picture; web-share\" referrerpolicy=\"strict-origin-when-cross-origin\" allowfullscreen><\/iframe><\/div>\n<\/div>\n<p>Momento de coroa\u00e7\u00e3o de Ferguson. <\/p>\n<div>\n<div style=\"width: 100%;height: 0;padding-bottom: 56.25%\"><iframe loading=\"lazy\" title=\"Crowning Moment | Tony Ferguson Secures Interim Lightweight Title \ud83d\udc51\" width=\"640\" height=\"360\" src=\"https:\/\/www.youtube.com\/embed\/rx7o5PtB7oU?feature=oembed\" frameborder=\"0\" allow=\"accelerometer; autoplay; clipboard-write; encrypted-media; gyroscope; picture-in-picture; web-share\" referrerpolicy=\"strict-origin-when-cross-origin\" allowfullscreen><\/iframe><\/div>\n<\/div>\n<p>Acampamento Khamzat. <\/p>\n<div>\n<div style=\"width: 100%;height: 0;padding-bottom: 56.25%\"><iframe loading=\"lazy\" title=\"Golden Guns, Sneakers &amp; Khamzat&#039;s Crew Arrive in Vegas. FIGHT CAMP Khamzat Chimaev v Nate Diaz Ep 2\" width=\"640\" height=\"360\" src=\"https:\/\/www.youtube.com\/embed\/iXB7hwnw9Vg?feature=oembed\" frameborder=\"0\" allow=\"accelerometer; autoplay; clipboard-write; encrypted-media; gyroscope; picture-in-picture; web-share\" referrerpolicy=\"strict-origin-when-cross-origin\" allowfullscreen><\/iframe><\/div>\n<\/div>\n<p> A hist\u00f3ria de Nate Diaz. <\/p>\n<div>\n<div style=\"width: 100%;height: 0;padding-bottom: 56.25%\"><iframe loading=\"lazy\" title=\"The Story of Nate Diaz: An Original from the 209 | ESPN MMA\" width=\"640\" height=\"360\" src=\"https:\/\/www.youtube.com\/embed\/xjzgElwp6j4?feature=oembed\" frameborder=\"0\" allow=\"accelerometer; autoplay; clipboard-write; encrypted-media; gyroscope; picture-in-picture; web-share\" referrerpolicy=\"strict-origin-when-cross-origin\" allowfullscreen><\/iframe><\/div>\n<\/div>\n<p>Bisping fala sobre Chimaev x Diaz. <\/p>\n<div>\n<div style=\"width: 100%;height: 0;padding-bottom: 56.25%\"><iframe loading=\"lazy\" title=\"BISPING: Nate DIAZ vs KHAMZAT Chimaev PREDICTION! | UFC 279 Preview\" width=\"640\" height=\"360\" src=\"https:\/\/www.youtube.com\/embed\/R6-cFMtIU44?feature=oembed\" frameborder=\"0\" allow=\"accelerometer; autoplay; clipboard-write; encrypted-media; gyroscope; picture-in-picture; web-share\" referrerpolicy=\"strict-origin-when-cross-origin\" allowfullscreen><\/iframe><\/div>\n<\/div>\n<hr class=\"p-entry-hr\">\n<h1><strong>OU\u00c7A<\/strong><\/h1>\n<p><strong>Nenhuma aposta barrada. <\/strong> Jed Meshew e Conner Burks, do MMA Fighting, discutem se Nate Diaz tem chance contra Khamzat Chimaev no UFC 279. <\/p>\n<p><strong>Eita Manh\u00e3. <\/strong> Mike Heck, do MMA Fighting, discute pelo que Tony Ferguson est\u00e1 lutando no UFC 279. <\/p>\n<hr class=\"p-entry-hr\">\n<h1><strong>BOUILLABAISSE DE REDES SOCIAIS<\/strong><\/h1>\n<p> \u00c9 dif\u00edcil de bater. <\/p>\n<div>\n<blockquote class=\"twitter-tweet\">\n<p lang=\"en\" dir=\"ltr\">N\u00e3o h\u00e1 muito que me fa\u00e7a mais feliz do que estar ao ar livre com meus c\u00e3es e meus bons amigos <a rel=\"nofollow noopener\" target=\"_blank\" href=\"https:\/\/t.co\/TQoM5o43vw\">pic.twitter.com\/TQoM5o43vw<\/a><\/p>\n<p>&#8212; Jessy Jess (@missjessyjess) <a rel=\"nofollow noopener\" target=\"_blank\" href=\"https:\/\/twitter.com\/missjessyjess\/status\/1567902275292790784?ref_src=twsrc%5Etfw\">8 de setembro de 2022<\/a>\n<\/p>\n<\/blockquote>\n<\/div>\n<p>Joia. <\/p>\n<div>\n<blockquote class=\"twitter-tweet\">\n<p lang=\"en\" dir=\"ltr\">Minha placa de cintur\u00e3o do UFC atualizada est\u00e1 em casa! 7 rubis, 7 defesas de t\u00edtulo <br \/><a rel=\"nofollow noopener\" target=\"_blank\" href=\"https:\/\/twitter.com\/hashtag\/UFCChampion?src=hash&amp;ref_src=twsrc%5Etfw\">#UFCCampion<\/a> <a rel=\"nofollow noopener\" target=\"_blank\" href=\"https:\/\/t.co\/C6L7T954l3\">pic.twitter.com\/C6L7T954l3<\/a><\/p>\n<p>&#8212; Valentina Shevchenko (@BulletValentina) <a rel=\"nofollow noopener\" target=\"_blank\" href=\"https:\/\/twitter.com\/BulletValentina\/status\/1567927553935179778?ref_src=twsrc%5Etfw\">8 de setembro de 2022<\/a>\n<\/p>\n<\/blockquote>\n<\/div>\n<p>Flex\u00e3o interessante. <\/p>\n<div>\n<blockquote class=\"twitter-tweet\">\n<p lang=\"en\" dir=\"ltr\">Outro <a rel=\"nofollow noopener\" target=\"_blank\" href=\"https:\/\/twitter.com\/UFCRosterWatch?ref_src=twsrc%5Etfw\">@UFCRosterWatch<\/a> <a rel=\"nofollow noopener\" target=\"_blank\" href=\"https:\/\/t.co\/FaAWZn1O9S\">pic.twitter.com\/FaAWZn1O9S<\/a><\/p>\n<p>&#8212; PFL (@PFLMMA) <a rel=\"nofollow noopener\" target=\"_blank\" href=\"https:\/\/twitter.com\/PFLMMA\/status\/1567958457965322241?ref_src=twsrc%5Etfw\">8 de setembro de 2022<\/a>\n<\/p>\n<\/blockquote>\n<\/div>\n<div>\n<blockquote class=\"twitter-tweet\">\n<p lang=\"und\" dir=\"ltr\"> <a rel=\"nofollow noopener\" target=\"_blank\" href=\"https:\/\/t.co\/0Njg4fglSY\">https:\/\/t.co\/0Njg4fglSY<\/a> <a rel=\"nofollow noopener\" target=\"_blank\" href=\"https:\/\/t.co\/Zp6FgjUD5H\">pic.twitter.com\/Zp6FgjUD5H<\/a><\/p>\n<p>&#8212; PFL (@PFLMMA) <a rel=\"nofollow noopener\" target=\"_blank\" href=\"https:\/\/twitter.com\/PFLMMA\/status\/1567973489960779777?ref_src=twsrc%5Etfw\">8 de setembro de 2022<\/a>\n<\/p>\n<\/blockquote>\n<\/div>\n<div>\n<blockquote class=\"twitter-tweet\">\n<p lang=\"en\" dir=\"ltr\">Eu preciso dizer a voc\u00eas! Assinei com a PFL para 2023! Eu quero esse 1 milh\u00e3o! <br \/>Eu gostaria de agradecer a <a rel=\"nofollow noopener\" target=\"_blank\" href=\"https:\/\/twitter.com\/ufc?ref_src=twsrc%5Etfw\">@ufc<\/a> para tudo! obrigada <a rel=\"nofollow noopener\" target=\"_blank\" href=\"https:\/\/twitter.com\/danawhite?ref_src=twsrc%5Etfw\">@danawhite<\/a> <br \/>@mickmanyard <br \/>obrigada <a rel=\"nofollow noopener\" target=\"_blank\" href=\"https:\/\/twitter.com\/PFLMMA?ref_src=twsrc%5Etfw\">@PFLMMA<\/a> por assinar comigo! <a rel=\"nofollow noopener\" target=\"_blank\" href=\"https:\/\/twitter.com\/petermurray?ref_src=twsrc%5Etfw\">@petermurray<\/a> <a rel=\"nofollow noopener\" target=\"_blank\" href=\"https:\/\/twitter.com\/RaySefo?ref_src=twsrc%5Etfw\">@raysefo<\/a> <a rel=\"nofollow noopener\" target=\"_blank\" href=\"https:\/\/twitter.com\/Alexdavismma?ref_src=twsrc%5Etfw\">@Alexdavismma<\/a><\/p>\n<p>&#8212; Thiago Marreta (@TMarretaMMA) <a rel=\"nofollow noopener\" target=\"_blank\" href=\"https:\/\/twitter.com\/TMarretaMMA\/status\/1567962918011928578?ref_src=twsrc%5Etfw\">8 de setembro de 2022<\/a>\n<\/p>\n<\/blockquote>\n<\/div>\n<p> Ent\u00e3o, ainda est\u00e1 acontecendo. <\/p>\n<div>\n<blockquote class=\"twitter-tweet\">\n<p lang=\"en\" dir=\"ltr\">. <a rel=\"nofollow noopener\" target=\"_blank\" href=\"https:\/\/twitter.com\/AdrianPeterson?ref_src=twsrc%5Etfw\">@AdrianPeterson<\/a> e <a rel=\"nofollow noopener\" target=\"_blank\" href=\"https:\/\/twitter.com\/LeVeonBell?ref_src=twsrc%5Etfw\">@LeVeonBell<\/a> se enfrentam! <a rel=\"nofollow noopener\" target=\"_blank\" href=\"https:\/\/twitter.com\/socialgloves?ref_src=twsrc%5Etfw\">@socialgloves<\/a> <a rel=\"nofollow noopener\" target=\"_blank\" href=\"https:\/\/twitter.com\/hashtag\/McBroomGib?src=hash&amp;ref_src=twsrc%5Etfw\">#McBroomGib<\/a><a rel=\"nofollow noopener\" target=\"_blank\" href=\"https:\/\/t.co\/UAkszVmYQI\">https:\/\/t.co\/UAkszVmYQI<\/a> <a rel=\"nofollow noopener\" target=\"_blank\" href=\"https:\/\/t.co\/U74JilIZEe\">pic.twitter.com\/U74JilIZEe<\/a><\/p>\n<p>&#8212; FITE (@FiteTV) <a rel=\"nofollow noopener\" target=\"_blank\" href=\"https:\/\/twitter.com\/FiteTV\/status\/1567968941007413250?ref_src=twsrc%5Etfw\">8 de setembro de 2022<\/a>\n<\/p>\n<\/blockquote>\n<\/div>\n<p>Indefinido. <\/p>\n<div>\n<blockquote class=\"twitter-tweet\">\n<p lang=\"en\" dir=\"ltr\">ele ainda tem 47 anos com uma vida inteira de milhas de combate nele. Jake tem 25 anos com poder e n\u00e3o tem desgaste nele. N\u00e3o est\u00e1 claro se a ast\u00facia de Jake pode superar sua fisicalidade durante esta luta. Mas espero que sim. <\/p>\n<p>&#8212; Alan Jouban (@AlanJouban) <a rel=\"nofollow noopener\" target=\"_blank\" href=\"https:\/\/twitter.com\/AlanJouban\/status\/1567972271146565633?ref_src=twsrc%5Etfw\">8 de setembro de 2022<\/a>\n<\/p>\n<\/blockquote>\n<\/div>\n<p>D&#8217;oh! <\/p>\n<div>\n<blockquote class=\"twitter-tweet\">\n<p lang=\"en\" dir=\"ltr\">As rodadas de sparring s\u00e3o mais quentes que o mijo de TJ! <br \/>*<a rel=\"nofollow noopener\" target=\"_blank\" href=\"https:\/\/twitter.com\/hashtag\/AndStill?src=hash&amp;ref_src=twsrc%5Etfw\">#E ainda<\/a> <a rel=\"nofollow noopener\" target=\"_blank\" href=\"https:\/\/twitter.com\/hashtag\/Burn?src=hash&amp;ref_src=twsrc%5Etfw\">#Queimar<\/a> <a rel=\"nofollow noopener\" target=\"_blank\" href=\"https:\/\/t.co\/xhJsqdnuRE\">pic.twitter.com\/xhJsqdnuRE<\/a><\/p>\n<p>&#8212; Aljamain Sterling (@funkmasterMMA) <a rel=\"nofollow noopener\" target=\"_blank\" href=\"https:\/\/twitter.com\/funkmasterMMA\/status\/1567974609265520640?ref_src=twsrc%5Etfw\">8 de setembro de 2022<\/a>\n<\/p>\n<\/blockquote>\n<\/div>\n<p> Uma vida cheia de competi\u00e7\u00e3o. <\/p>\n<div>\n<blockquote class=\"twitter-tweet\">\n<p lang=\"en\" dir=\"ltr\">Anderson Silva estreou no MMA em 1997, enquanto Jake Paul nasceu em 1997 <a rel=\"nofollow noopener\" target=\"_blank\" href=\"https:\/\/t.co\/Cl9QeA6JnU\">pic.twitter.com\/Cl9QeA6JnU<\/a><\/p>\n<p>&#8212; Real Press MMA (@RealPressMMA) <a rel=\"nofollow noopener\" target=\"_blank\" href=\"https:\/\/twitter.com\/RealPressMMA\/status\/1567987121482334210?ref_src=twsrc%5Etfw\">8 de setembro de 2022<\/a>\n<\/p>\n<\/blockquote>\n<\/div>\n<p>Hora da hist\u00f3ria. <\/p>\n<div>\n<blockquote class=\"twitter-tweet\">\n<p lang=\"en\" dir=\"ltr\">A hist\u00f3ria que levou <a rel=\"nofollow noopener\" target=\"_blank\" href=\"https:\/\/twitter.com\/TonyFergusonXT?ref_src=twsrc%5Etfw\">@TonyFergusonXT<\/a> de bartender a se tornar uma lenda do jogo de luta <\/p>\n<p>[ <a rel=\"nofollow noopener\" target=\"_blank\" href=\"https:\/\/twitter.com\/hashtag\/UFC279?src=hash&amp;ref_src=twsrc%5Etfw\">#UFC279<\/a> | Saturday | Live on ESPN+ PPV: <a rel=\"nofollow noopener\" target=\"_blank\" href=\"https:\/\/t.co\/rJY1WZoKAA\">https:\/\/t.co\/rJY1WZoKAA<\/a> ] <a rel=\"nofollow noopener\" target=\"_blank\" href=\"https:\/\/t.co\/Iei4N9RuTC\">pic.twitter.com\/Iei4N9RuTC<\/a><\/p>\n<p>&#8212; UFC (@ufc) <a rel=\"nofollow noopener\" target=\"_blank\" href=\"https:\/\/twitter.com\/ufc\/status\/1567995551492485121?ref_src=twsrc%5Etfw\">8 de setembro de 2022<\/a>\n<\/p>\n<\/blockquote>\n<\/div>\n<p>Muito generoso. <\/p>\n<div>\n<blockquote class=\"twitter-tweet\">\n<p lang=\"en\" dir=\"ltr\">S\u00f3 para que todos saibam. Eu ofereci \u00e0quele palha\u00e7o um corte de barba gr\u00e1tis. N\u00e3o conhe\u00e7o nenhum lugar nos EUA que ofere\u00e7a esse servi\u00e7o gratuitamente! Eu sou preciso, eu prometo que n\u00e3o iria bater nele. Voc\u00ea est\u00e1 ao seu servi\u00e7o como os funcion\u00e1rios do hotel. <a rel=\"nofollow noopener\" target=\"_blank\" href=\"https:\/\/t.co\/Hiwwm40fg7\">https:\/\/t.co\/Hiwwm40fg7<\/a><\/p>\n<p>&#8212; Kevin Holland (@Trailblaze2top) <a rel=\"nofollow noopener\" target=\"_blank\" href=\"https:\/\/twitter.com\/Trailblaze2top\/status\/1568027290986070017?ref_src=twsrc%5Etfw\">9 de setembro de 2022<\/a>\n<\/p>\n<\/blockquote>\n<\/div>\n<p> Rea\u00e7\u00f5es ao caos de ontem. <\/p>\n<div>\n<blockquote class=\"twitter-tweet\">\n<p lang=\"en\" dir=\"ltr\">N\u00e3o profissional. N\u00f3s literalmente lutamos em uma jaula e as pessoas ainda acham que precisam provar o qu\u00e3o duros s\u00e3o. Relaxem. <a rel=\"nofollow noopener\" target=\"_blank\" href=\"https:\/\/t.co\/gAQUW0wlDS\">https:\/\/t.co\/gAQUW0wlDS<\/a><\/p>\n<p>&#8212; Bo Nickal (@NoBickal) <a rel=\"nofollow noopener\" target=\"_blank\" href=\"https:\/\/twitter.com\/NoBickal\/status\/1568027094306652167?ref_src=twsrc%5Etfw\">9 de setembro de 2022<\/a>\n<\/p>\n<\/blockquote>\n<\/div>\n<div>\n<blockquote class=\"twitter-tweet\">\n<p lang=\"en\" dir=\"ltr\">Onde estava Paulo costa durante tudo isso<\/p>\n<p>&#8212; Belal Muhammad (@bullyb170) <a rel=\"nofollow noopener\" target=\"_blank\" href=\"https:\/\/twitter.com\/bullyb170\/status\/1568027261609156618?ref_src=twsrc%5Etfw\">9 de setembro de 2022<\/a>\n<\/p>\n<\/blockquote>\n<\/div>\n<div>\n<blockquote class=\"twitter-tweet\">\n<p lang=\"en\" dir=\"ltr\">Deixe-me ver se entendi. Deixe-me ser claro. Eu posso enganar um homem e ser a pior pessoa que j\u00e1 jogou o esporte. Eu tamb\u00e9m tenho esportividade zero. Uma confer\u00eancia de imprensa com Mfers e Crickets. Lol MMA SOCIAL Media n\u00e3o \u00e9 uma merda <\/p>\n<p>&#8212; Chris Curtis, o homem de a\u00e7\u00e3o (@Actionman513) <a rel=\"nofollow noopener\" target=\"_blank\" href=\"https:\/\/twitter.com\/Actionman513\/status\/1568037127572815872?ref_src=twsrc%5Etfw\">9 de setembro de 2022<\/a>\n<\/p>\n<\/blockquote>\n<\/div>\n<div>\n<blockquote class=\"twitter-tweet\">\n<p lang=\"en\" dir=\"ltr\"> A mais nova hist\u00f3ria do Instagram de Khamzat Chimaev. <\/p>\n<p> &#8220;Eu disse a eles para n\u00e3o jogar conosco. Kevin e Nate tiveram o que mereciam&#8221; <\/p>\n<p>Parece que est\u00e3o todos separados agora. <a rel=\"nofollow noopener\" target=\"_blank\" href=\"https:\/\/t.co\/aBVmafxw1s\">pic.twitter.com\/aBVmafxw1s<\/a><\/p>\n<p>&#8212; Giorgi Kokiashvili (@iHeartGeorgius1) <a rel=\"nofollow noopener\" target=\"_blank\" href=\"https:\/\/twitter.com\/iHeartGeorgius1\/status\/1568037961190473728?ref_src=twsrc%5Etfw\">9 de setembro de 2022<\/a>\n<\/p>\n<\/blockquote>\n<\/div>\n<div>\n<blockquote class=\"twitter-tweet\">\n<p lang=\"en\" dir=\"ltr\">As tens\u00f5es entre Kevin Holland e a equipe de Chimaev continuaram no sagu\u00e3o ap\u00f3s a coletiva de imprensa, seguida de uma participa\u00e7\u00e3o amistosa do advers\u00e1rio da Holanda, Daniel Rodriguez. <\/p>\n<p> via IG\/chrisslowens <a rel=\"nofollow noopener\" target=\"_blank\" href=\"https:\/\/t.co\/ilyL2DGY4n\">pic.twitter.com\/ilyL2DGY4n<\/a><\/p>\n<p>&#8212; Aaron Bronsteter (@aaronbronsteter) <a rel=\"nofollow noopener\" target=\"_blank\" href=\"https:\/\/twitter.com\/aaronbronsteter\/status\/1568045208885133313?ref_src=twsrc%5Etfw\">9 de setembro de 2022<\/a>\n<\/p>\n<\/blockquote>\n<\/div>\n<div>\n<blockquote class=\"twitter-tweet\">\n<p lang=\"en\" dir=\"ltr\">Ap\u00f3s a briga na coletiva de imprensa cancelada, Nick e Nate Diaz est\u00e3o tomando um caf\u00e9 no Starbucks e continuam se preparando para a luta contra Khamzat Chimaev <a rel=\"nofollow noopener\" target=\"_blank\" href=\"https:\/\/twitter.com\/hashtag\/UFC279?src=hash&amp;ref_src=twsrc%5Etfw\">#UFC279<\/a> (atrav\u00e9s da <a rel=\"nofollow noopener\" target=\"_blank\" href=\"https:\/\/twitter.com\/CesarGracieBJJ?ref_src=twsrc%5Etfw\">@CesarGracieBJJ<\/a>) <a rel=\"nofollow noopener\" target=\"_blank\" href=\"https:\/\/t.co\/g2jIexUeKk\">pic.twitter.com\/g2jIexUeKk<\/a><\/p>\n<p>&#8212; Chamatkar Sandhu (@SandhuMMA) <a rel=\"nofollow noopener\" target=\"_blank\" href=\"https:\/\/twitter.com\/SandhuMMA\/status\/1568049105770876928?ref_src=twsrc%5Etfw\">9 de setembro de 2022<\/a>\n<\/p>\n<\/blockquote>\n<\/div>\n<div>\n<blockquote class=\"twitter-tweet\">\n<p lang=\"en\" dir=\"ltr\">Estou chorando por esse cara legal vestido com o terno bonito. O mundo ainda n\u00e3o merece esse homem <a rel=\"nofollow noopener\" target=\"_blank\" href=\"https:\/\/t.co\/EtBqfLChhQ\">https:\/\/t.co\/EtBqfLChhQ<\/a><\/p>\n<p>&#8212; Paulo Costa ( Borrachinha ) (@BorrachinhaMMA) <a rel=\"nofollow noopener\" target=\"_blank\" href=\"https:\/\/twitter.com\/BorrachinhaMMA\/status\/1568101959751864320?ref_src=twsrc%5Etfw\">9 de setembro de 2022<\/a>\n<\/p>\n<\/blockquote>\n<\/div>\n<div>\n<blockquote class=\"twitter-tweet\">\n<p lang=\"und\" dir=\"ltr\">n\u00e3o <a rel=\"nofollow noopener\" target=\"_blank\" href=\"https:\/\/twitter.com\/hashtag\/UFC279?src=hash&amp;ref_src=twsrc%5Etfw\">#UFC279<\/a> <a rel=\"nofollow noopener\" target=\"_blank\" href=\"https:\/\/t.co\/7iZbqUaery\">pic.twitter.com\/7iZbqUaery<\/a><\/p>\n<p>&#8212; Dovy (@DovySimuMMA) <a rel=\"nofollow noopener\" target=\"_blank\" href=\"https:\/\/twitter.com\/DovySimuMMA\/status\/1568047090508435457?ref_src=twsrc%5Etfw\">9 de setembro de 2022<\/a>\n<\/p>\n<\/blockquote>\n<\/div>\n<div>\n<blockquote class=\"twitter-tweet\">\n<p lang=\"en\" dir=\"ltr\">Man The Leech estava pronto para ir <a rel=\"nofollow noopener\" target=\"_blank\" href=\"https:\/\/t.co\/8FmB40CkkB\">pic.twitter.com\/8FmB40CkkB<\/a><\/p>\n<p>&#8212; Thanos Peso Pesado (@MMAThanos) <a rel=\"nofollow noopener\" target=\"_blank\" href=\"https:\/\/twitter.com\/MMAThanos\/status\/1568024030766317568?ref_src=twsrc%5Etfw\">8 de setembro de 2022<\/a>\n<\/p>\n<\/blockquote>\n<\/div>\n<p>Acontece. <\/p>\n<div>\n<blockquote class=\"twitter-tweet\">\n<p lang=\"en\" dir=\"ltr\">Leo Santos se aposentou do MMA, mas parece que Charles Rosa achava que ele havia falecido? <a rel=\"nofollow noopener\" target=\"_blank\" href=\"https:\/\/t.co\/lb8zQcvqwc\">pic.twitter.com\/lb8zQcvqwc<\/a><\/p>\n<p>&#8212; Dep\u00f3sito Borrachinha (@FullContactMTWF) <a rel=\"nofollow noopener\" target=\"_blank\" href=\"https:\/\/twitter.com\/FullContactMTWF\/status\/1568101629228101633?ref_src=twsrc%5Etfw\">9 de setembro de 2022<\/a>\n<\/p>\n<\/blockquote>\n<\/div>\n<p>O GSPicks. <\/p>\n<div>\n<blockquote class=\"instagram-media\" data-instgrm-captioned=\"\" data-instgrm-permalink=\"https:\/\/www.instagram.com\/reel\/CiQtmBYskXs\/?utm_source=ig_embed&amp;utm_campaign=loading\" data-instgrm-version=\"14\" style=\"background:#FFF;border:0;border-radius:3px;margin: 1px;max-width:658px;min-width:326px;padding:0;width:99.375%;width:-webkit-calc(100% - 2px);width:calc(100% - 2px)\">\n<div style=\"padding:16px\"> <a rel=\"nofollow noopener\" target=\"_blank\" href=\"https:\/\/www.instagram.com\/reel\/CiQtmBYskXs\/?utm_source=ig_embed&amp;utm_campaign=loading\" style=\"background:#FFFFFF;line-height:0;padding:0 0;text-align:center;text-decoration:none;width:100%\"> <\/p>\n<div style=\"flex-direction: row;align-items: center\">\n<div style=\"background-color: #F4F4F4;border-radius: 50%;flex-grow: 0;height: 40px;margin-right: 14px;width: 40px\"><\/div>\n<div style=\"flex-direction: column;flex-grow: 1;justify-content: center\">\n<div style=\"background-color: #F4F4F4;border-radius: 4px;flex-grow: 0;height: 14px;margin-bottom: 6px;width: 100px\"><\/div>\n<div style=\"background-color: #F4F4F4;border-radius: 4px;flex-grow: 0;height: 14px;width: 60px\"><\/div>\n<\/div>\n<\/div>\n<div style=\"padding: 19% 0\"><\/div>\n<div style=\"height:50px;margin:0 auto 12px;width:50px\"><\/div>\n<div style=\"padding-top: 8px\">\n<div style=\"color:#3897f0;font-family:Arial,sans-serif;font-size:14px;font-style:normal;font-weight:550;line-height:18px\">Veja esta postagem no Instagram<\/div>\n<\/div>\n<div style=\"padding: 12.5% 0\"><\/div>\n<div style=\"flex-direction: row;margin-bottom: 14px;align-items: center\">\n<div>\n<div style=\"background-color: #F4F4F4;border-radius: 50%;height: 12.5px;width: 12.5px\"><\/div>\n<div style=\"background-color: #F4F4F4;height: 12.5px;width: 12.5px;flex-grow: 0;margin-right: 14px;margin-left: 2px\"><\/div>\n<div style=\"background-color: #F4F4F4;border-radius: 50%;height: 12.5px;width: 12.5px\"><\/div>\n<\/div>\n<div style=\"margin-left: 8px\">\n<div style=\"background-color: #F4F4F4;border-radius: 50%;flex-grow: 0;height: 20px;width: 20px\"><\/div>\n<div style=\"width: 0;height: 0;border-top: 2px solid transparent;border-left: 6px solid #f4f4f4;border-bottom: 2px solid transparent\"><\/div>\n<\/div>\n<div style=\"margin-left: auto\">\n<div style=\"width: 0px;border-top: 8px solid #F4F4F4;border-right: 8px solid transparent\"><\/div>\n<div style=\"background-color: #F4F4F4;flex-grow: 0;height: 12px;width: 16px\"><\/div>\n<div style=\"width: 0;height: 0;border-top: 8px solid #F4F4F4;border-left: 8px solid transparent\"><\/div>\n<\/div>\n<\/div>\n<div style=\"flex-direction: column;flex-grow: 1;justify-content: center;margin-bottom: 24px\">\n<div style=\"background-color: #F4F4F4;border-radius: 4px;flex-grow: 0;height: 14px;margin-bottom: 6px;width: 224px\"><\/div>\n<div style=\"background-color: #F4F4F4;border-radius: 4px;flex-grow: 0;height: 14px;width: 144px\"><\/div>\n<\/div>\n<p><\/a><\/p>\n<p style=\"color:#c9c8cd;font-family:Arial,sans-serif;font-size:14px;line-height:17px;margin-bottom:0;margin-top:8px;overflow:hidden;padding:8px 0 7px;text-align:center\"><a rel=\"nofollow noopener\" target=\"_blank\" href=\"https:\/\/www.instagram.com\/reel\/CiQtmBYskXs\/?utm_source=ig_embed&amp;utm_campaign=loading\" style=\"color:#c9c8cd;font-family:Arial,sans-serif;font-size:14px;font-style:normal;font-weight:normal;line-height:17px;text-decoration:none\">Um post compartilhado por Georges St-Pierre (@georgesstpierre)<\/a><\/p>\n<\/div>\n<\/blockquote>\n<\/div>\n<hr class=\"p-entry-hr\">\n<h1><strong>PENSAMENTOS FINAIS<\/strong><\/h1>\n<p>Que MMA dram\u00e1tico! \u00c9 sexta-feira, gra\u00e7as a Deus! Tenha um \u00f3timo fim de semana! Obrigado por ler. <\/p>\n<hr class=\"p-entry-hr\">\n<h1><strong>SAIR DA PESQUISA<\/strong><\/h1>\n<div><\/div>\n<hr class=\"p-entry-hr\">\n<p><strong>Se voc\u00ea encontrar algo que gostaria de ver no Morning Report, entre em contato <\/strong><a rel=\"nofollow noopener\" target=\"_blank\" href=\"https:\/\/twitter.com\/DrakeRiggs_\"><strong>@DrakeRiggs_<\/strong><\/a><strong> no Twitter e inform\u00e1-lo sobre isso. Siga tamb\u00e9m MMAFighting em <\/strong><a rel=\"nofollow noopener\" target=\"_blank\" href=\"https:\/\/www.instagram.com\/mmafightingdotcom\/?hl=en\"><strong>Instagram<\/strong><\/a><strong> e goste de n\u00f3s <\/strong><a rel=\"nofollow noopener\" target=\"_blank\" href=\"https:\/\/www.facebook.com\/mmafighting\/\"><strong>Facebook<\/strong><\/a><strong>. <\/strong><\/p>\n","protected":false},"excerpt":{"rendered":"<p>Onde um &#8220;Smesh Bro&#8221; vai, o outro segue. A semana de luta do UFC 279 entrou para a hist\u00f3ria por ter n\u00e3o apenas a coletiva de imprensa pr\u00e9-luta mais r\u00e1pida de todos os tempos, mas talvez a mais agitada. Depois de trazer dois dos competidores do card principal, Kevin Holland e Daniel Rodriguez, o presidente [&hellip;]<\/p>\n","protected":false},"author":1,"featured_media":253543,"comment_status":"","ping_status":"open","sticky":false,"template":"","format":"standard","meta":{"footnotes":""},"categories":[1170],"tags":[],"_links":{"self":[{"href":"https:\/\/wmmaa.org\/pt-pt\/wp-json\/wp\/v2\/posts\/253559"}],"collection":[{"href":"https:\/\/wmmaa.org\/pt-pt\/wp-json\/wp\/v2\/posts"}],"about":[{"href":"https:\/\/wmmaa.org\/pt-pt\/wp-json\/wp\/v2\/types\/post"}],"author":[{"embeddable":true,"href":"https:\/\/wmmaa.org\/pt-pt\/wp-json\/wp\/v2\/users\/1"}],"replies":[{"embeddable":true,"href":"https:\/\/wmmaa.org\/pt-pt\/wp-json\/wp\/v2\/comments?post=253559"}],"version-history":[{"count":0,"href":"https:\/\/wmmaa.org\/pt-pt\/wp-json\/wp\/v2\/posts\/253559\/revisions"}],"wp:featuredmedia":[{"embeddable":true,"href":"https:\/\/wmmaa.org\/pt-pt\/wp-json\/wp\/v2\/media\/253543"}],"wp:attachment":[{"href":"https:\/\/wmmaa.org\/pt-pt\/wp-json\/wp\/v2\/media?parent=253559"}],"wp:term":[{"taxonomy":"category","embeddable":true,"href":"https:\/\/wmmaa.org\/pt-pt\/wp-json\/wp\/v2\/categories?post=253559"},{"taxonomy":"post_tag","embeddable":true,"href":"https:\/\/wmmaa.org\/pt-pt\/wp-json\/wp\/v2\/tags?post=253559"}],"curies":[{"name":"wp","href":"https:\/\/api.w.org\/{rel}","templated":true}]}}