{"id":253298,"date":"2022-09-09T04:21:45","date_gmt":"2022-09-09T01:21:45","guid":{"rendered":"https:\/\/wmmaa.org\/pare-de-agir-como-idiota-lutadores-reagem-a-suposta-briga-nos-bastidores-da-coletiva-de-imprensa-do-ufc-279\/"},"modified":"2022-09-09T04:21:45","modified_gmt":"2022-09-09T01:21:45","slug":"pare-de-agir-como-idiota-lutadores-reagem-a-suposta-briga-nos-bastidores-da-coletiva-de-imprensa-do-ufc-279","status":"publish","type":"post","link":"https:\/\/wmmaa.org\/pt-pt\/pare-de-agir-como-idiota-lutadores-reagem-a-suposta-briga-nos-bastidores-da-coletiva-de-imprensa-do-ufc-279\/","title":{"rendered":"&#8216;Pare de agir como idiota&#8217;: lutadores reagem a suposta briga nos bastidores da coletiva de imprensa do UFC 279"},"content":{"rendered":"<p>\u00c0 medida que se espalhava a not\u00edcia de uma suposta briga nos bastidores da coletiva de imprensa do UFC 279, os lutadores de MMA estavam grudados em seus telefones, na esperan\u00e7a de obter uma atualiza\u00e7\u00e3o sobre quem fez o qu\u00ea. <\/p>\n<p>O cancelamento do evento de m\u00eddia pelo presidente do UFC Dana White s\u00f3 serviu para intensificar a curiosidade sobre uma briga nos bastidores &#8211; supostamente envolvendo Khamzat Chimaev e Kevin Holland, entre outros &#8211; que levou \u00e0 mudan\u00e7a repentina de planos. <\/p>\n<p>Veja como os lutadores reagiram \u00e0 not\u00edcia da briga e do cancelamento da coletiva de imprensa do UFC 279. <\/p>\n<aside>\n<div class=\"c-read-more\">\n<p class=\"c-read-more__intro\">\n<p>Semelhante\n <\/p>\n<h4>Dana White cancela coletiva de imprensa pr\u00e9-luta do UFC 279 ap\u00f3s &#8216;s*** show&#8217; irromper nos bastidores <\/h4>\n<\/div>\n<\/aside>\n<hr class=\"p-entry-hr\">\n<div>\n<blockquote class=\"twitter-tweet\">\n<p lang=\"en\" dir=\"ltr\">S\u00f3 para que todos saibam. Eu ofereci \u00e0quele palha\u00e7o um corte de barba gr\u00e1tis. N\u00e3o h\u00e1 nenhum lugar na Am\u00e9rica que ofere\u00e7a esse servi\u00e7o gratuitamente. Eu sou preciso, eu prometo que n\u00e3o iria bater nele. Estou ao seu servi\u00e7o, assim como o pessoal do hotel. <a rel=\"nofollow noopener\" target=\"_blank\" href=\"https:\/\/t.co\/Hiwwm40fg7\">https:\/\/t.co\/Hiwwm40fg7<\/a><\/p>\n<p>&#8212; Kevin Holland (@Trailblaze2top) <a rel=\"nofollow noopener\" target=\"_blank\" href=\"https:\/\/twitter.com\/Trailblaze2top\/status\/1568027290986070017?ref_src=twsrc%5Etfw\">9 de setembro de 2022<\/a>\n<\/p>\n<\/blockquote>\n<\/div>\n<div>\n<blockquote class=\"twitter-tweet\">\n<p lang=\"und\" dir=\"ltr\">RASGAR <a rel=\"nofollow noopener\" target=\"_blank\" href=\"https:\/\/t.co\/KmGBze2Qs5\">pic.twitter.com\/KmGBze2Qs5<\/a><\/p>\n<p>&#8212; Paulo Costa ( Borrachinha ) (@BorrachinhaMMA) <a rel=\"nofollow noopener\" target=\"_blank\" href=\"https:\/\/twitter.com\/BorrachinhaMMA\/status\/1568033026495639552?ref_src=twsrc%5Etfw\">9 de setembro de 2022<\/a>\n<\/p>\n<\/blockquote>\n<\/div>\n<div>\n<blockquote class=\"twitter-tweet\">\n<p lang=\"en\" dir=\"ltr\">estou muito intrigado agora<\/p>\n<p>&#8212; Belal Muhammad (@bullyb170) <a rel=\"nofollow noopener\" target=\"_blank\" href=\"https:\/\/twitter.com\/bullyb170\/status\/1568026915860058114?ref_src=twsrc%5Etfw\">9 de setembro de 2022<\/a>\n<\/p>\n<\/blockquote>\n<\/div>\n<div>\n<blockquote class=\"twitter-tweet\">\n<p lang=\"en\" dir=\"ltr\">Onde estava Paulo costa durante tudo isso<\/p>\n<p>&#8212; Belal Muhammad (@bullyb170) <a rel=\"nofollow noopener\" target=\"_blank\" href=\"https:\/\/twitter.com\/bullyb170\/status\/1568027261609156618?ref_src=twsrc%5Etfw\">9 de setembro de 2022<\/a>\n<\/p>\n<\/blockquote>\n<\/div>\n<div>\n<blockquote class=\"twitter-tweet\">\n<p lang=\"en\" dir=\"ltr\">Ouvi dizer que o oficial Holland foi Denzel no dia de treinamento nos bastidores da coletiva de imprensa do UFC. <\/p>\n<p>&#8212; Derek Brunson (@DerekBrunson) <a rel=\"nofollow noopener\" target=\"_blank\" href=\"https:\/\/twitter.com\/DerekBrunson\/status\/1568040091762696198?ref_src=twsrc%5Etfw\">9 de setembro de 2022<\/a>\n<\/p>\n<\/blockquote>\n<\/div>\n<div>\n<blockquote class=\"twitter-tweet\">\n<p lang=\"en\" dir=\"ltr\">Os lutadores param de agir como idiotas antes da luta. N\u00e3o estrague confer\u00eancias de imprensa, pesagens e brigas. As pessoas pagam seu dinheiro suado para se separarem <\/p>\n<p>&#8212; Derek Brunson (@DerekBrunson) <a rel=\"nofollow noopener\" target=\"_blank\" href=\"https:\/\/twitter.com\/DerekBrunson\/status\/1568040826114039810?ref_src=twsrc%5Etfw\">9 de setembro de 2022<\/a>\n<\/p>\n<\/blockquote>\n<\/div>\n<div>\n<blockquote class=\"twitter-tweet\">\n<p lang=\"en\" dir=\"ltr\">ISTO <a rel=\"nofollow noopener\" target=\"_blank\" href=\"https:\/\/t.co\/kbUK5JEDLC\">https:\/\/t.co\/kbUK5JEDLC<\/a><\/p>\n<p>&#8212; Joe Joe Giannetti (@Giannettimma) <a rel=\"nofollow noopener\" target=\"_blank\" href=\"https:\/\/twitter.com\/Giannettimma\/status\/1568038246994550785?ref_src=twsrc%5Etfw\">9 de setembro de 2022<\/a>\n<\/p>\n<\/blockquote>\n<\/div>\n<div>\n<blockquote class=\"twitter-tweet\">\n<p lang=\"en\" dir=\"ltr\">Meu Twitter n\u00e3o pode atualizar r\u00e1pido o suficiente haha \u200b\u200bEu quero saber o que aconteceu <\/p>\n<p>&#8212; Vince Morales (@vandetta135) <a rel=\"nofollow noopener\" target=\"_blank\" href=\"https:\/\/twitter.com\/vandetta135\/status\/1568028049874255872?ref_src=twsrc%5Etfw\">9 de setembro de 2022<\/a>\n<\/p>\n<\/blockquote>\n<\/div>\n<div>\n<blockquote class=\"twitter-tweet\">\n<p lang=\"en\" dir=\"ltr\">UFC Embedded deve acontecer hoje \u00e0 noite! <a rel=\"nofollow noopener\" target=\"_blank\" href=\"https:\/\/twitter.com\/ufc?ref_src=twsrc%5Etfw\">@ufc<\/a> <a rel=\"nofollow noopener\" target=\"_blank\" href=\"https:\/\/twitter.com\/hashtag\/UFC279?src=hash&amp;ref_src=twsrc%5Etfw\">#UFC279<\/a><\/p>\n<p>&#8212; Chris Leben (@ChrisLebenMMA) <a rel=\"nofollow noopener\" target=\"_blank\" href=\"https:\/\/twitter.com\/ChrisLebenMMA\/status\/1568035748804456448?ref_src=twsrc%5Etfw\">9 de setembro de 2022<\/a>\n<\/p>\n<\/blockquote>\n<\/div>\n<div>\n<blockquote class=\"twitter-tweet\">\n<p lang=\"en\" dir=\"ltr\">Eu nunca me importei com as not\u00edcias de Mma como eu me importo agora. Preciso saber o que aconteceu nos bastidores. Onde est\u00e1 os v\u00eddeos? <a rel=\"nofollow noopener\" target=\"_blank\" href=\"https:\/\/twitter.com\/hashtag\/ufc279?src=hash&amp;ref_src=twsrc%5Etfw\">#ufc279<\/a><\/p>\n<p>&#8212; Chris Weidman (@chrisweidman) <a rel=\"nofollow noopener\" target=\"_blank\" href=\"https:\/\/twitter.com\/chrisweidman\/status\/1568032921646235648?ref_src=twsrc%5Etfw\">9 de setembro de 2022<\/a>\n<\/p>\n<\/blockquote>\n<\/div>\n<p>\n","protected":false},"excerpt":{"rendered":"<p>\u00c0 medida que se espalhava a not\u00edcia de uma suposta briga nos bastidores da coletiva de imprensa do UFC 279, os lutadores de MMA estavam grudados em seus telefones, na esperan\u00e7a de obter uma atualiza\u00e7\u00e3o sobre quem fez o qu\u00ea. O cancelamento do evento de m\u00eddia pelo presidente do UFC Dana White s\u00f3 serviu para [&hellip;]<\/p>\n","protected":false},"author":1,"featured_media":253286,"comment_status":"","ping_status":"open","sticky":false,"template":"","format":"standard","meta":{"footnotes":""},"categories":[1170],"tags":[],"_links":{"self":[{"href":"https:\/\/wmmaa.org\/pt-pt\/wp-json\/wp\/v2\/posts\/253298"}],"collection":[{"href":"https:\/\/wmmaa.org\/pt-pt\/wp-json\/wp\/v2\/posts"}],"about":[{"href":"https:\/\/wmmaa.org\/pt-pt\/wp-json\/wp\/v2\/types\/post"}],"author":[{"embeddable":true,"href":"https:\/\/wmmaa.org\/pt-pt\/wp-json\/wp\/v2\/users\/1"}],"replies":[{"embeddable":true,"href":"https:\/\/wmmaa.org\/pt-pt\/wp-json\/wp\/v2\/comments?post=253298"}],"version-history":[{"count":0,"href":"https:\/\/wmmaa.org\/pt-pt\/wp-json\/wp\/v2\/posts\/253298\/revisions"}],"wp:featuredmedia":[{"embeddable":true,"href":"https:\/\/wmmaa.org\/pt-pt\/wp-json\/wp\/v2\/media\/253286"}],"wp:attachment":[{"href":"https:\/\/wmmaa.org\/pt-pt\/wp-json\/wp\/v2\/media?parent=253298"}],"wp:term":[{"taxonomy":"category","embeddable":true,"href":"https:\/\/wmmaa.org\/pt-pt\/wp-json\/wp\/v2\/categories?post=253298"},{"taxonomy":"post_tag","embeddable":true,"href":"https:\/\/wmmaa.org\/pt-pt\/wp-json\/wp\/v2\/tags?post=253298"}],"curies":[{"name":"wp","href":"https:\/\/api.w.org\/{rel}","templated":true}]}}