{"id":252461,"date":"2022-09-08T00:45:30","date_gmt":"2022-09-07T21:45:30","guid":{"rendered":"https:\/\/wmmaa.org\/ufc-279-comenta-time-joe-rogan-esta-de-volta-para-khamzat-chimiev-vs-nate-diaz\/"},"modified":"2022-09-08T00:45:30","modified_gmt":"2022-09-07T21:45:30","slug":"ufc-279-comenta-time-joe-rogan-esta-de-volta-para-khamzat-chimiev-vs-nate-diaz","status":"publish","type":"post","link":"https:\/\/wmmaa.org\/pt-pt\/ufc-279-comenta-time-joe-rogan-esta-de-volta-para-khamzat-chimiev-vs-nate-diaz\/","title":{"rendered":"UFC 279 comenta time: Joe Rogan est\u00e1 de volta para Khamzat Chimiev vs. Nate Diaz"},"content":{"rendered":"<p>Joe Rogan retornar\u00e1 \u00e0 cabine de transmiss\u00e3o para chamar a aguardada luta dos meio-m\u00e9dios entre Khamzat Chimaev e Nate Diaz. <\/p>\n<p> V\u00e1rias fontes com informa\u00e7\u00f5es sobre os planos da promo\u00e7\u00e3o confirmaram que Rogan se juntaria a Jon Anik, ex-campe\u00e3o nas duas divis\u00f5es Daniel Cormier e outros lutadores em fones de ouvido no UFC 279. O evento acontece no s\u00e1bado na T-Mobile Arena de Las Vegas. <\/p>\n<p>MMA Junkie foi o primeiro a <a rel=\"nofollow noopener\" target=\"_blank\" href=\"https:\/\/mmajunkie.usatoday.com\/lists\/ufc-279-commentary-team-set-joe-rogan-call-nate-diaz-farewell-final-contract-fight\">novidades de<\/a> equipe de transmiss\u00e3o para este fim de semana. <\/p>\n<p> O trio estar\u00e1 convocando a a\u00e7\u00e3o pela quarta vez desde o UFC 276 de julho. Isso ocorre tr\u00eas semanas ap\u00f3s o final dram\u00e1tico da luta principal do UFC 278, onde Leon Edwards conquistou o t\u00edtulo dos meio-m\u00e9dios com um nocaute contra Kamaru Uman no 5\u00ba round. <\/p>\n<p>Al\u00e9m disso, Megan Olivi ser\u00e1 a rep\u00f3rter itinerante do evento PPV, que ser\u00e1 encerrado com a luta programada de cinco rounds entre Chimaev e Diaz, que disputar\u00e1 a luta final de seu contrato com o UFC. <\/p>\n<p>Um pontap\u00e9 inicial de 6 ser\u00e1 realizado pelo <\/p>\n<p>UFC 279 \u00e0s 17:00 ET com preliminares sendo transmitidas na ESPN+ e UFC Fight Pass antes de passar para a ESPNEWS para a lista preliminar das 20:00 ET. O card principal vai ao ar \u00e0s 22h ET na ESPN+ pay-per-view nos EUA<\/p>\n<p>\n","protected":false},"excerpt":{"rendered":"<p>Joe Rogan retornar\u00e1 \u00e0 cabine de transmiss\u00e3o para chamar a aguardada luta dos meio-m\u00e9dios entre Khamzat Chimaev e Nate Diaz. V\u00e1rias fontes com informa\u00e7\u00f5es sobre os planos da promo\u00e7\u00e3o confirmaram que Rogan se juntaria a Jon Anik, ex-campe\u00e3o nas duas divis\u00f5es Daniel Cormier e outros lutadores em fones de ouvido no UFC 279. O evento [&hellip;]<\/p>\n","protected":false},"author":1,"featured_media":252446,"comment_status":"","ping_status":"open","sticky":false,"template":"","format":"standard","meta":{"footnotes":""},"categories":[1170],"tags":[],"_links":{"self":[{"href":"https:\/\/wmmaa.org\/pt-pt\/wp-json\/wp\/v2\/posts\/252461"}],"collection":[{"href":"https:\/\/wmmaa.org\/pt-pt\/wp-json\/wp\/v2\/posts"}],"about":[{"href":"https:\/\/wmmaa.org\/pt-pt\/wp-json\/wp\/v2\/types\/post"}],"author":[{"embeddable":true,"href":"https:\/\/wmmaa.org\/pt-pt\/wp-json\/wp\/v2\/users\/1"}],"replies":[{"embeddable":true,"href":"https:\/\/wmmaa.org\/pt-pt\/wp-json\/wp\/v2\/comments?post=252461"}],"version-history":[{"count":0,"href":"https:\/\/wmmaa.org\/pt-pt\/wp-json\/wp\/v2\/posts\/252461\/revisions"}],"wp:featuredmedia":[{"embeddable":true,"href":"https:\/\/wmmaa.org\/pt-pt\/wp-json\/wp\/v2\/media\/252446"}],"wp:attachment":[{"href":"https:\/\/wmmaa.org\/pt-pt\/wp-json\/wp\/v2\/media?parent=252461"}],"wp:term":[{"taxonomy":"category","embeddable":true,"href":"https:\/\/wmmaa.org\/pt-pt\/wp-json\/wp\/v2\/categories?post=252461"},{"taxonomy":"post_tag","embeddable":true,"href":"https:\/\/wmmaa.org\/pt-pt\/wp-json\/wp\/v2\/tags?post=252461"}],"curies":[{"name":"wp","href":"https:\/\/api.w.org\/{rel}","templated":true}]}}