{"id":242322,"date":"2022-08-24T15:31:04","date_gmt":"2022-08-24T12:31:04","guid":{"rendered":"https:\/\/wmmaa.org\/yaroslav-amosov-feliz-aniversario-ucrania\/"},"modified":"2022-08-24T15:31:04","modified_gmt":"2022-08-24T12:31:04","slug":"yaroslav-amosov-feliz-aniversario-ucrania","status":"publish","type":"post","link":"https:\/\/wmmaa.org\/pt-pt\/yaroslav-amosov-feliz-aniversario-ucrania\/","title":{"rendered":"Yaroslav AMOSOV: &#8220;Feliz anivers\u00e1rio, Ucr\u00e2nia&#8221;"},"content":{"rendered":"<p>Lutador ucraniano parabenizou compatriotas\n<\/p>\n<p>O atual campe\u00e3o meio-m\u00e9dio do Bellator, Yaroslav Amosov, parabenizou os ucranianos pelo Dia da Independ\u00eancia.<\/p>\n<p>\u201cFeliz anivers\u00e1rio, Ucr\u00e2nia. Dia da Independ\u00eancia. O melhor pa\u00eds do mundo\u201d, disse Amosov.<\/p>\n<\/p>\n<blockquote class=\"instagram-media\" data-instgrm-captioned=\"\" data-instgrm-permalink=\"https:\/\/www.instagram.com\/p\/Chol6okgFE-\/?utm_source=ig_embed&amp;utm_campaign=loading\" data-instgrm-version=\"14\" style=\"background:#FFF;border:0;border-radius:3px;margin: 1px;max-width:540px;min-width:326px;padding:0;width:99.375%;width:-webkit-calc(100% - 2px);width:calc(100% - 2px)\">\n<div style=\"padding:16px\">\n<div style=\"align-items:center;flex-direction:row\">\n<div style=\"background-color:#f4f4f4;border-radius:50%;flex-grow:0;height:40px;margin-right:14px;width:40px\"> <\/div>\n<div style=\"flex-direction:column;flex-grow:1;justify-content:center\">\n<div style=\"background-color:#f4f4f4;border-radius:4px;flex-grow:0;height:14px;margin-bottom:6px;width:100px\"> <\/div>\n<div style=\"background-color:#f4f4f4;border-radius:4px;flex-grow:0;height:14px;width:60px\"> <\/div>\n<\/div>\n<\/div>\n<div style=\"padding:19% 0\"> <\/div>\n<div style=\"height:50px;margin-bottom:12px;margin-left:12px;margin-right:12px;margin-top:12px;width:50px\"> <\/div>\n<div style=\"padding-top:8px\">\n<div style=\"color:#3897f0;font-family:Arial,sans-serif;font-size:14px;font-style:normal;font-weight:550;line-height:18px\"><a rel=\"nofollow noopener\" target=\"_blank\" href=\"https:\/\/www.instagram.com\/p\/Chol6okgFE-\/?utm_source=ig_embed&amp;utm_campaign=loading\" style=\"background:#FFFFFF;line-height:0;padding:0 0;text-align:center;text-decoration:none;width:100%\">Veja esta postagem no Instagram<\/a><\/div>\n<\/div>\n<div style=\"padding:12.5% 0\"> <\/div>\n<div style=\"align-items:center;flex-direction:row;margin-bottom:14px\">\n<div>\n<div style=\"background-color:#f4f4f4;border-radius:50%;height:12.5px;width:12.5px\"> <\/div>\n<div style=\"background-color:#f4f4f4;flex-grow:0;height:12.5px;margin-left:2px;margin-right:14px;width:12.5px\"> <\/div>\n<div style=\"background-color:#f4f4f4;border-radius:50%;height:12.5px;width:12.5px\"> <\/div>\n<\/div>\n<div style=\"margin-left:8px\">\n<div style=\"background-color:#f4f4f4;border-radius:50%;flex-grow:0;height:20px;width:20px\"> <\/div>\n<div style=\"border-bottom:2px solid transparent;border-left:6px solid #f4f4f4;border-top:2px solid transparent;height:0;width:0\"> <\/div>\n<\/div>\n<div style=\"margin-left:auto\">\n<div style=\"border-right:8px solid transparent;border-top:8px solid #f4f4f4;width:0px\"> <\/div>\n<div style=\"background-color:#f4f4f4;flex-grow:0;height:12px;width:16px\"> <\/div>\n<div style=\"border-left:8px solid transparent;border-top:8px solid #f4f4f4;height:0;width:0\"> <\/div>\n<\/div>\n<\/div>\n<div style=\"flex-direction:column;flex-grow:1;justify-content:center;margin-bottom:24px\">\n<div style=\"background-color:#f4f4f4;border-radius:4px;flex-grow:0;height:14px;margin-bottom:6px;width:224px\"> <\/div>\n<div style=\"background-color:#f4f4f4;border-radius:4px;flex-grow:0;height:14px;width:144px\"> <\/div>\n<\/div>\n<p style=\"color:#c9c8cd;font-family:Arial,sans-serif;font-size:14px;line-height:17px;margin-bottom:0;margin-top:8px;overflow:hidden;padding:8px 0 7px;text-align:center\"><a rel=\"nofollow noopener\" target=\"_blank\" href=\"https:\/\/www.instagram.com\/p\/Chol6okgFE-\/?utm_source=ig_embed&amp;utm_campaign=loading\" style=\"color:#c9c8cd;font-family:Arial,sans-serif;font-size:14px;font-style:normal;font-weight:normal;line-height:17px;text-decoration:none\">Postado por Yaroslav \u00ae\ufe0fDynamo\u00ae\ufe0f Amosov (@s_amoskin)<\/a><\/p>\n<\/div>\n<\/blockquote>\n<p> .<\/p>\n","protected":false},"excerpt":{"rendered":"<p>Lutador ucraniano parabenizou compatriotas O atual campe\u00e3o meio-m\u00e9dio do Bellator, Yaroslav Amosov, parabenizou os ucranianos pelo Dia da Independ\u00eancia. \u201cFeliz anivers\u00e1rio, Ucr\u00e2nia. Dia da Independ\u00eancia. O melhor pa\u00eds do mundo\u201d, disse Amosov. Veja esta postagem no Instagram Postado por Yaroslav \u00ae\ufe0fDynamo\u00ae\ufe0f Amosov (@s_amoskin) .<\/p>\n","protected":false},"author":1,"featured_media":242313,"comment_status":"","ping_status":"open","sticky":false,"template":"","format":"standard","meta":{"footnotes":""},"categories":[1170],"tags":[42],"_links":{"self":[{"href":"https:\/\/wmmaa.org\/pt-pt\/wp-json\/wp\/v2\/posts\/242322"}],"collection":[{"href":"https:\/\/wmmaa.org\/pt-pt\/wp-json\/wp\/v2\/posts"}],"about":[{"href":"https:\/\/wmmaa.org\/pt-pt\/wp-json\/wp\/v2\/types\/post"}],"author":[{"embeddable":true,"href":"https:\/\/wmmaa.org\/pt-pt\/wp-json\/wp\/v2\/users\/1"}],"replies":[{"embeddable":true,"href":"https:\/\/wmmaa.org\/pt-pt\/wp-json\/wp\/v2\/comments?post=242322"}],"version-history":[{"count":0,"href":"https:\/\/wmmaa.org\/pt-pt\/wp-json\/wp\/v2\/posts\/242322\/revisions"}],"wp:featuredmedia":[{"embeddable":true,"href":"https:\/\/wmmaa.org\/pt-pt\/wp-json\/wp\/v2\/media\/242313"}],"wp:attachment":[{"href":"https:\/\/wmmaa.org\/pt-pt\/wp-json\/wp\/v2\/media?parent=242322"}],"wp:term":[{"taxonomy":"category","embeddable":true,"href":"https:\/\/wmmaa.org\/pt-pt\/wp-json\/wp\/v2\/categories?post=242322"},{"taxonomy":"post_tag","embeddable":true,"href":"https:\/\/wmmaa.org\/pt-pt\/wp-json\/wp\/v2\/tags?post=242322"}],"curies":[{"name":"wp","href":"https:\/\/api.w.org\/{rel}","templated":true}]}}