{"id":238903,"date":"2022-08-20T17:10:03","date_gmt":"2022-08-20T14:10:03","guid":{"rendered":"https:\/\/wmmaa.org\/jon-anik-nao-ha-duvida-de-que-luke-rockhold-pode-vencer-a-luta-pelo-titulo-no-ufc-278-mas-ha-muita-pressao-sobre-paulo-costa\/"},"modified":"2022-08-20T17:10:03","modified_gmt":"2022-08-20T14:10:03","slug":"jon-anik-nao-ha-duvida-de-que-luke-rockhold-pode-vencer-a-luta-pelo-titulo-no-ufc-278-mas-ha-muita-pressao-sobre-paulo-costa","status":"publish","type":"post","link":"https:\/\/wmmaa.org\/pt-pt\/jon-anik-nao-ha-duvida-de-que-luke-rockhold-pode-vencer-a-luta-pelo-titulo-no-ufc-278-mas-ha-muita-pressao-sobre-paulo-costa\/","title":{"rendered":"Jon Anik: &#8220;N\u00e3o h\u00e1 d\u00favida&#8221; de que Luke Rockhold pode vencer a luta pelo t\u00edtulo no UFC 278, mas h\u00e1 muita press\u00e3o sobre Paulo Costa"},"content":{"rendered":"<p>Como a maioria dos f\u00e3s, Jon Anik tem o co-evento principal do evento pay-per-view do UFC de s\u00e1bado circulado em seu card de luta. <\/p>\n<p>Anik vai chamar a a\u00e7\u00e3o ao lado de Joe Rogan e Daniel Cormier no UFC 278 em Salt Lake City, que inclui um confronto acalorado dos m\u00e9dios entre Paulo Costa e o ex-campe\u00e3o dos m\u00e9dios Luke Rockhold, que volta \u00e0 a\u00e7\u00e3o depois de tr\u00eas anos longe do oct\u00f3gono. <\/p>\n<p> Apesar da longa dispensa e duas lutas derrapadas em que ele foi derrubado por Yoel Romo e Jan Blachowicz no segundo round, Anik sente que Rockhold poderia ter o tempo certo para ganhar uma chance pelo t\u00edtulo. Isso \u00e9 especialmente verdade se Israel Adesanya conseguir defender seu t\u00edtulo contra Alex Pereira no UFC 281 em novembro. <\/p>\n<p>&#8220;\u00c9 uma \u00f3tima pergunta, e n\u00e3o h\u00e1 d\u00favidas sobre isso&#8221;, disse Anik ao MMA Fighting. &#8220;Certamente Adesanya tem neg\u00f3cios a tratar com Alex Pereira, e n\u00e3o est\u00e1 fora do campo de possibilidade que esses caras lutem duas vezes seguidas se Alex conseguir peg\u00e1-lo. H\u00e1 muitas bolas diferentes no ar, mas absolutamente [Rockhold can earn a title shot]. <\/p>\n<p>&#8220;Izzy, um campe\u00e3o que quer enfrentar os desafios mais dif\u00edceis. Sua p\u00e1gina da Wikipedia tem listras verdes e Darren Till, um nome que ele ama e um homem em Luke Rockhold, que muitos de n\u00f3s colocamos em um pedestal e projetamos como um dos grandes pesos m\u00e9dios Ele n\u00e3o defendeu o cintur\u00e3o com sucesso uma \u00fanica vez, mas em termos de potencial de grandeza, acho que algumas pessoas diriam que ainda est\u00e1 enraizado em Luke Rockhold. <\/p>\n<p>&#8220;Seria absolutamente uma luta apetitosa &#8211; n\u00e3o apenas promocional, mas tamb\u00e9m para o campe\u00e3o.&#8221;<\/p>\n<p>Costa tamb\u00e9m buscar\u00e1 sua primeira vit\u00f3ria desde que derrotou Romero h\u00e1 quase tr\u00eas anos, na data do card de lutas do UFC 278. Desde ent\u00e3o, &#8220;The Eraser&#8221; foi esmagado por Adesanya em sua primeira oportunidade de t\u00edtulo no UFC 253 em setembro de 2020, e foi superado por Marvin Vettori 13 meses depois na luta principal dos meio-pesados \u200b\u200bdo UFC Vegas 43. <\/p>\n<p>Enquanto Rockhold tem muita luta no confronto de s\u00e1bado, Anik acredita que a maior press\u00e3o est\u00e1 em Costa, mais ainda agora que foi revelado que esta \u00e9 a luta final de seu contrato atual. <\/p>\n<p>&#8220;Ambos esses atletas est\u00e3o sob uma tremenda press\u00e3o&#8221;, disse Anik ao MMA Fighting. &#8220;Luke Rockhold tem 37 anos, ent\u00e3o a hora realmente tem que ser agora, mesmo sendo ele o cara &#8211; ao contr\u00e1rio de Paulo Costa &#8211; que tem o cintur\u00e3o indiscut\u00edvel do UFC no manto em casa. \u00c9 interessante ver que os dois homens perderam o t\u00edtulo Tamb\u00e9m acho poss\u00edvel argumentar que Paulo Costa n\u00e3o est\u00e1 \u00e0 altura das expectativas, sua atua\u00e7\u00e3o no cintur\u00e3o do UFC contra Adesanya foi decepcionante, assim como sua sequ\u00eancia contra Marvin Vettori. <\/p>\n<p>\u201cAcho que h\u00e1 uma avalanche de press\u00e3o sobre Paulo Costa como o atleta mais preparado e primordial agora para fazer o trabalho e tentar provar que ele \u00e9 algu\u00e9m com quem eles podem realmente contar para levar a tocha para o Brasil e esta divis\u00e3o dos m\u00e9dios\u201d.<\/p>\n<p>H\u00e1 imensa press\u00e3o sobre os dois lutadores para ter sucesso, mas quando se trata das perguntas feitas em rela\u00e7\u00e3o a esse confronto altamente antecipado, a voz principal de longa data do UFC sente que as perguntas mais gritantes s\u00e3o para o lado Rockhold das coisas. <\/p>\n<p>&#8220;Com Rockhold, eu realmente n\u00e3o sei o que estamos recebendo&#8221;, disse Anik. Se a m\u00eddia social pode ser usada como um indicador, ent\u00e3o o feno foi claramente colocado no celeiro. Muito trabalho foi feito para fortalecer e condicionar os animais. Voc\u00ea v\u00ea em termos de recupera\u00e7\u00e3o f\u00edsica de Rockhold, ele colocou muitos recursos e finan\u00e7as para garantir que ele esteja pronto para ir. <\/p>\n<p>&#8220;Algumas pessoas v\u00e3o te dizer que o queixo nunca se recupera. Eu n\u00e3o sei se isso \u00e9 necessariamente o caso, mas onde est\u00e1 o queixo de Luke Rockhold? Ele \u00e9 capaz de dar um tiro no Paulo Costa? nesta luta: se Luke Rockhold conseguir dar um ou dois arremessos, trabalhar seu jogo e potencialmente criar algumas transi\u00e7\u00f5es de grappling porque sabemos o qu\u00e3o bom ele est\u00e1 por cima com seu ground and pound, vamos ver. onde Rockhold est\u00e1 mentalmente e onde seu queixo est\u00e1 fisicamente. Eu sinto que h\u00e1 muito mais vari\u00e1veis \u200b\u200bno lado de Rockhold e \u00e9 por isso que ele \u00e9 um +250 [or higher] como o azar\u00e3o das apostas neste fim de semana. <\/p>\n<p> Mal posso esperar para ver essa luta.<\/p>\n<div><\/div>\n","protected":false},"excerpt":{"rendered":"<p>Como a maioria dos f\u00e3s, Jon Anik tem o co-evento principal do evento pay-per-view do UFC de s\u00e1bado circulado em seu card de luta. Anik vai chamar a a\u00e7\u00e3o ao lado de Joe Rogan e Daniel Cormier no UFC 278 em Salt Lake City, que inclui um confronto acalorado dos m\u00e9dios entre Paulo Costa e [&hellip;]<\/p>\n","protected":false},"author":1,"featured_media":238889,"comment_status":"","ping_status":"open","sticky":false,"template":"","format":"standard","meta":{"footnotes":""},"categories":[1170],"tags":[],"_links":{"self":[{"href":"https:\/\/wmmaa.org\/pt-pt\/wp-json\/wp\/v2\/posts\/238903"}],"collection":[{"href":"https:\/\/wmmaa.org\/pt-pt\/wp-json\/wp\/v2\/posts"}],"about":[{"href":"https:\/\/wmmaa.org\/pt-pt\/wp-json\/wp\/v2\/types\/post"}],"author":[{"embeddable":true,"href":"https:\/\/wmmaa.org\/pt-pt\/wp-json\/wp\/v2\/users\/1"}],"replies":[{"embeddable":true,"href":"https:\/\/wmmaa.org\/pt-pt\/wp-json\/wp\/v2\/comments?post=238903"}],"version-history":[{"count":0,"href":"https:\/\/wmmaa.org\/pt-pt\/wp-json\/wp\/v2\/posts\/238903\/revisions"}],"wp:featuredmedia":[{"embeddable":true,"href":"https:\/\/wmmaa.org\/pt-pt\/wp-json\/wp\/v2\/media\/238889"}],"wp:attachment":[{"href":"https:\/\/wmmaa.org\/pt-pt\/wp-json\/wp\/v2\/media?parent=238903"}],"wp:term":[{"taxonomy":"category","embeddable":true,"href":"https:\/\/wmmaa.org\/pt-pt\/wp-json\/wp\/v2\/categories?post=238903"},{"taxonomy":"post_tag","embeddable":true,"href":"https:\/\/wmmaa.org\/pt-pt\/wp-json\/wp\/v2\/tags?post=238903"}],"curies":[{"name":"wp","href":"https:\/\/api.w.org\/{rel}","templated":true}]}}