{"id":235129,"date":"2022-08-15T23:22:38","date_gmt":"2022-08-15T20:22:38","guid":{"rendered":"https:\/\/wmmaa.org\/entao-fury-foi-embora-ou-nao-a-opiniao-de-eddie-hearn\/"},"modified":"2022-08-15T23:22:38","modified_gmt":"2022-08-15T20:22:38","slug":"entao-fury-foi-embora-ou-nao-a-opiniao-de-eddie-hearn","status":"publish","type":"post","link":"https:\/\/wmmaa.org\/pt-pt\/entao-fury-foi-embora-ou-nao-a-opiniao-de-eddie-hearn\/","title":{"rendered":"Ent\u00e3o Fury foi embora ou n\u00e3o? A opini\u00e3o de Eddie Hearn"},"content":{"rendered":"<p><img decoding=\"async\" src=\"https:\/\/wmmaa.org\/wp-content\/uploads\/2022\/08\/b910b4799e06e974e5623fa57d37d6f1.png\" alt=\"\"><\/p>\n<div>\n<p> Top promotor brit\u00e2nico Eddie Hearn comentou sobre a decis\u00e3o do campe\u00e3o mundial dos pesos pesados \u200b\u200b\u200b\u200bWBC Tyson Fury (32-0-1, 23 KOs) para encerrar sua carreira em seu 34\u00ba anivers\u00e1rio na semana passada.\n<\/p>\n<p> Eddie prefere n\u00e3o tirar conclus\u00f5es precipitadas e esperar pelo resultado da revanche de s\u00e1bado entre Oleksandr Usyk e Anthony Joshua.\n<\/p>\n<p> \u201cAlgu\u00e9m me disse que Tyson Fury anunciou sua aposentadoria novamente. Parece que ele \u00e9 t\u00e3o inseguro que faz isso toda vez que Anthony Joshua luta\u201d, disse Hearn. &#8220;Eu n\u00e3o sei em que ponto voc\u00ea deveria sentar l\u00e1 e dizer: &#8216;O que eu vou fazer \u00e9 jogar merda para tirar o foco de Joshua para mim.&#8217; Se voc\u00ea se autoproclamou o melhor peso pesado do mundo, por que est\u00e1 t\u00e3o preocupado com Joshua?&#8221;\n<\/p>\n<p> \u201cEle n\u00e3o precisa de dinheiro, mas quer meio bilh\u00e3o\u201d, lembra o promotor. \u201cNunca vi tantas contradi\u00e7\u00f5es em ningu\u00e9m. Eu me contradigo o tempo todo, mas ele est\u00e1 apenas em outro n\u00edvel. Vamos ver o que acontece depois que Joshua nocauteia Usyk e depois vem atr\u00e1s de Tyson Fury.&#8221;\n<\/p>\n<p> Enquanto isso, o Conselho Mundial de Boxe estabeleceu um prazo para Fury.\n<\/p>\n<p>\n <i><span>Fonte: <\/span><\/i><br \/>\n <a rel=\"nofollow noopener\" target=\"_blank\" href=\"https:\/\/www.youtube.com\/c\/ifltv\"><i><span>iFLTV<\/span><\/i><\/a><\/p>\n<\/p>\n<\/div>\n","protected":false},"excerpt":{"rendered":"<p>Top promotor brit\u00e2nico Eddie Hearn comentou sobre a decis\u00e3o do campe\u00e3o mundial dos pesos pesados \u200b\u200b\u200b\u200bWBC Tyson Fury (32-0-1, 23 KOs) para encerrar sua carreira em seu 34\u00ba anivers\u00e1rio na semana passada. Eddie prefere n\u00e3o tirar conclus\u00f5es precipitadas e esperar pelo resultado da revanche de s\u00e1bado entre Oleksandr Usyk e Anthony Joshua. \u201cAlgu\u00e9m me disse [&hellip;]<\/p>\n","protected":false},"author":1,"featured_media":235085,"comment_status":"","ping_status":"open","sticky":false,"template":"","format":"standard","meta":{"footnotes":""},"categories":[1170],"tags":[],"_links":{"self":[{"href":"https:\/\/wmmaa.org\/pt-pt\/wp-json\/wp\/v2\/posts\/235129"}],"collection":[{"href":"https:\/\/wmmaa.org\/pt-pt\/wp-json\/wp\/v2\/posts"}],"about":[{"href":"https:\/\/wmmaa.org\/pt-pt\/wp-json\/wp\/v2\/types\/post"}],"author":[{"embeddable":true,"href":"https:\/\/wmmaa.org\/pt-pt\/wp-json\/wp\/v2\/users\/1"}],"replies":[{"embeddable":true,"href":"https:\/\/wmmaa.org\/pt-pt\/wp-json\/wp\/v2\/comments?post=235129"}],"version-history":[{"count":0,"href":"https:\/\/wmmaa.org\/pt-pt\/wp-json\/wp\/v2\/posts\/235129\/revisions"}],"wp:featuredmedia":[{"embeddable":true,"href":"https:\/\/wmmaa.org\/pt-pt\/wp-json\/wp\/v2\/media\/235085"}],"wp:attachment":[{"href":"https:\/\/wmmaa.org\/pt-pt\/wp-json\/wp\/v2\/media?parent=235129"}],"wp:term":[{"taxonomy":"category","embeddable":true,"href":"https:\/\/wmmaa.org\/pt-pt\/wp-json\/wp\/v2\/categories?post=235129"},{"taxonomy":"post_tag","embeddable":true,"href":"https:\/\/wmmaa.org\/pt-pt\/wp-json\/wp\/v2\/tags?post=235129"}],"curies":[{"name":"wp","href":"https:\/\/api.w.org\/{rel}","templated":true}]}}