{"id":231886,"date":"2022-08-12T20:15:51","date_gmt":"2022-08-12T17:15:51","guid":{"rendered":"https:\/\/wmmaa.org\/choque-tyson-fury-diz-adeus-ao-boxe-wbc-confirma\/"},"modified":"2022-08-12T20:15:51","modified_gmt":"2022-08-12T17:15:51","slug":"choque-tyson-fury-diz-adeus-ao-boxe-wbc-confirma","status":"publish","type":"post","link":"https:\/\/wmmaa.org\/pt-pt\/choque-tyson-fury-diz-adeus-ao-boxe-wbc-confirma\/","title":{"rendered":"Choque!  Tyson Fury diz adeus ao boxe: WBC confirma"},"content":{"rendered":"<p><\/p>\n<div  itemprop=\"articleBody\">\n<p>\t O brit\u00e2nico Tyson Fury (32-0-1, 23 KOs) comemora seu anivers\u00e1rio de 34 anos hoje.\n<\/p>\n<p>\t Nesta ocasi\u00e3o, voc\u00ea n\u00e3o vai acreditar!  &#8211; um boxeador profissional invicto &#8230; anunciou sua aposentadoria.  Sim novamente.  Ou melhor, novamente.\n<\/p>\n<p>\t \u201cUm enorme obrigado a todos que contribu\u00edram para a minha carreira ao longo dos anos\u201d, escreveu ele na rede social.  \u201cDepois de longas e dif\u00edceis discuss\u00f5es, finalmente decidi ir embora e, no meu anivers\u00e1rio de 34 anos, digo: \u201cBoa sorte\u201d.\n<\/p>\n<p>\t Ao longo do caminho, Fury expressou gratid\u00e3o aos membros da equipe e parceiros, pediu desculpas \u201cse n\u00e3o mencionei ningu\u00e9m\u201d e acrescentou: \u201cVejo voc\u00eas do outro lado, vagabundos, caramba.  2008-2022&#8243;.\n<\/p>\n<p>\n <\/p>\n<blockquote >\n<p lang=\"en\" dir=\"ltr\">\n<p>\t\t MUITO OBRIGADO A TODOS QUE PARTICIPARAM DA MINHA CARREIRA AO LONGO DOS ANOS E DEPOIS DE LONGAS CONVERSAS IV FINALMENTE DECIDI ME APAGAR E NO MEU 34\u00ba ANIVERS\u00c1RIO, DIGO Boa viagem.  OUVE ALGUNS QUE FIZERAM \u00c9 ESPECIAL NO CAMINHO\u2026 <a rel=\"nofollow noopener\" target=\"_blank\" href=\"https:\/\/t.co\/jNeF1CbBqm\">pic.twitter.com\/jNeF1CbBqm<\/a>\n\t<\/p>\n<p>\t \u2014 TYSON FURY (@Tyson_Fury) <a rel=\"nofollow noopener\" target=\"_blank\" href=\"https:\/\/twitter.com\/Tyson_Fury\/status\/1558043218599727106?ref_src=twsrc%5Etfw\">12 de agosto de 2022<\/a>\n<\/p><\/blockquote>\n<p>\t Tudo ficaria bem, mas ainda em abril, Fury j\u00e1 se despediu do boxe logo ap\u00f3s a vit\u00f3ria sobre Dillian Whyte.  Desde ent\u00e3o, ele afirmou repetidamente que retornar\u00e1 apenas por uma recompensa muito s\u00f3lida, e em 9 de agosto anunciou seu retorno e recentemente promoveu uma terceira luta contra Derek Chisora.\n<\/p>\n<p>\t Dado que Tyson est\u00e1 agora na Isl\u00e2ndia e n\u00e3o nega a si mesmo o prazer de tomar um copo de outra coisa n\u00e3o alco\u00f3lica, talvez o anivers\u00e1rio tenha sido apenas um sucesso, e em breve, talvez at\u00e9 amanh\u00e3, o curinga brit\u00e2nico venha com um \u201csensacional \u201d refuta\u00e7\u00e3o.\n<\/p>\n<p>\t Apenas uma coisa \u00e9 confusa &#8211; o presidente do WBC, Mauricio Suleiman, j\u00e1 fez uma declara\u00e7\u00e3o de que Fury realmente decidiu pendurar as luvas em um prego:\n<\/p>\n<p>\t \u201cAcabei de ter uma \u00f3tima videoconfer\u00eancia com Tyson Fury em seu anivers\u00e1rio de 34 anos.  Estou muito orgulhoso dele.  Confirmou o fim da carreira para sair como campe\u00e3o, como um homem de fam\u00edlia com dinheiro e um grande futuro.  Este \u00e9 o sonho de qualquer boxeador.  Queremos desejar tudo de bom para Tyson Fury.  Deus o aben\u00e7oe para sempre.  Ele \u00e9 \u00f3timo, apenas uma grande fonte de inspira\u00e7\u00e3o.&#8221;\n<\/p>\n<p>\n <\/p>\n<blockquote >\n<p lang=\"en\" dir=\"ltr\">\n<p>\t\tAcabei de terminar uma emocionante videoconfer\u00eancia com <a rel=\"nofollow noopener\" target=\"_blank\" href=\"https:\/\/twitter.com\/Tyson_Fury?ref_src=twsrc%5Etfw\">@Tyson_Fury<\/a> que confirmou sua aposentadoria oficial do boxe.  Apoiamos totalmente sua decis\u00e3o, que \u00e9 um sonho para qualquer um se aposentar invicto e como campe\u00e3o mundial do WBC.<a rel=\"nofollow noopener\" target=\"_blank\" href=\"https:\/\/twitter.com\/WBCBoxing?ref_src=twsrc%5Etfw\">@WBCBoxing<\/a> preparar\u00e1 um evento especial de despedida em breve <a rel=\"nofollow noopener\" target=\"_blank\" href=\"https:\/\/t.co\/2SgCRILldl\">pic.twitter.com\/2SgCRILldl<\/a>\n\t<\/p>\n<p>\t\u2014 Maur\u00edcio Sulaiman (@wbcmoro) <a rel=\"nofollow noopener\" target=\"_blank\" href=\"https:\/\/twitter.com\/wbcmoro\/status\/1558096944169472000?ref_src=twsrc%5Etfw\">12 de agosto de 2022<\/a>\n<\/p><\/blockquote>\n<p>\t Mas ainda sugerimos n\u00e3o tirar conclus\u00f5es de longo alcance ainda e lembrar que em 20 de agosto, todos os outros t\u00edtulos de peso pesado de prest\u00edgio estar\u00e3o em jogo na revanche de Oleksandr Usyk e Anthony Joshua.\n<\/p>\n<\/p><\/div>\n<p><script async src=\"https:\/\/platform.twitter.com\/widgets.js\" charset=\"utf-8\"><\/script><\/p>\n","protected":false},"excerpt":{"rendered":"<p>O brit\u00e2nico Tyson Fury (32-0-1, 23 KOs) comemora seu anivers\u00e1rio de 34 anos hoje. Nesta ocasi\u00e3o, voc\u00ea n\u00e3o vai acreditar! &#8211; um boxeador profissional invicto &#8230; anunciou sua aposentadoria. Sim novamente. Ou melhor, novamente. \u201cUm enorme obrigado a todos que contribu\u00edram para a minha carreira ao longo dos anos\u201d, escreveu ele na rede social. \u201cDepois [&hellip;]<\/p>\n","protected":false},"author":1,"featured_media":231863,"comment_status":"","ping_status":"open","sticky":false,"template":"","format":"standard","meta":{"footnotes":""},"categories":[1170],"tags":[],"_links":{"self":[{"href":"https:\/\/wmmaa.org\/pt-pt\/wp-json\/wp\/v2\/posts\/231886"}],"collection":[{"href":"https:\/\/wmmaa.org\/pt-pt\/wp-json\/wp\/v2\/posts"}],"about":[{"href":"https:\/\/wmmaa.org\/pt-pt\/wp-json\/wp\/v2\/types\/post"}],"author":[{"embeddable":true,"href":"https:\/\/wmmaa.org\/pt-pt\/wp-json\/wp\/v2\/users\/1"}],"replies":[{"embeddable":true,"href":"https:\/\/wmmaa.org\/pt-pt\/wp-json\/wp\/v2\/comments?post=231886"}],"version-history":[{"count":0,"href":"https:\/\/wmmaa.org\/pt-pt\/wp-json\/wp\/v2\/posts\/231886\/revisions"}],"wp:featuredmedia":[{"embeddable":true,"href":"https:\/\/wmmaa.org\/pt-pt\/wp-json\/wp\/v2\/media\/231863"}],"wp:attachment":[{"href":"https:\/\/wmmaa.org\/pt-pt\/wp-json\/wp\/v2\/media?parent=231886"}],"wp:term":[{"taxonomy":"category","embeddable":true,"href":"https:\/\/wmmaa.org\/pt-pt\/wp-json\/wp\/v2\/categories?post=231886"},{"taxonomy":"post_tag","embeddable":true,"href":"https:\/\/wmmaa.org\/pt-pt\/wp-json\/wp\/v2\/tags?post=231886"}],"curies":[{"name":"wp","href":"https:\/\/api.w.org\/{rel}","templated":true}]}}