{"id":231376,"date":"2022-08-12T09:49:10","date_gmt":"2022-08-12T06:49:10","guid":{"rendered":"https:\/\/wmmaa.org\/ofensor-khizhnyak-faz-sua-estreia-profissional-em-tashkent-luta-amanha\/"},"modified":"2022-08-12T09:49:10","modified_gmt":"2022-08-12T06:49:10","slug":"ofensor-khizhnyak-faz-sua-estreia-profissional-em-tashkent-luta-amanha","status":"publish","type":"post","link":"https:\/\/wmmaa.org\/pt-pt\/ofensor-khizhnyak-faz-sua-estreia-profissional-em-tashkent-luta-amanha\/","title":{"rendered":"Ofensor Khizhnyak faz sua estreia profissional em Tashkent: luta amanh\u00e3"},"content":{"rendered":"<p><\/p>\n<div  itemprop=\"articleBody\">\n<p>            campe\u00e3o ol\u00edmpico peso m\u00e9dio brasileiro<br \/>\n<!--noindex--><a rel=\"nofollow noopener\" target=\"_blank\" href=\"https:\/\/boxrec.com\/en\/box-pro\/864627\">Ebert Concei\u00e7\u00e3o Souza<\/a><!--\/noindex-->  estreia no ringue profissional no dia 13 de agosto em Tashkent (Uzbequist\u00e3o) &#8211; vai lutar em um confronto de 6 rounds com um jornalista da Nicar\u00e1gua<br \/>\n<!--noindex--><a rel=\"nofollow noopener\" target=\"_blank\" href=\"https:\/\/boxrec.com\/en\/box-pro\/748086\">Danny Mendoza<\/a><!--\/noindex-->  (6-9, 4 KOs), que nunca tinha sofrido cedo antes. <\/p>\n<p> \u00c9 interessante que j\u00e1 no dia 26 de agosto Sousa tenha uma segunda luta planejada &#8211; em Laura de Freitas (Brasil) ele se reunir\u00e1 com um compatriota<br \/>\n<!--noindex--><a rel=\"nofollow noopener\" target=\"_blank\" href=\"https:\/\/boxrec.com\/en\/box-pro\/802521\">Francisco Neves Valentim<\/a><!--\/noindex-->  (1-4-1, 0 KO).<\/p>\n<p> Souza na final dos Jogos Ol\u00edmpicos 2020 (T\u00f3quio, Jap\u00e3o) arrebatou vit\u00f3ria do favorito do torneio ucraniano<br \/>\n<!--noindex--><a rel=\"nofollow noopener\" target=\"_blank\" href=\"https:\/\/boxrec.com\/en\/box-am\/853627\">Alexander Khizhnyak<\/a><!--\/noindex--> &#8211; foi inferior em pontos, mas conseguiu nocautear na rodada decisiva.  H\u00e1 rumores de que, desde ent\u00e3o, o brasileiro vem se preparando teimosamente para a transi\u00e7\u00e3o para os profissionais.<\/p>\n<p> Al\u00e9m disso, dois atletas ol\u00edmpicos locais se apresentar\u00e3o como parte do show em Tashkent: <\/p>\n<p> &#8211; O campe\u00e3o OI-2016 de 2016 Fazliddin Gaibnazarov (9-1, 5 KOs) no limite dos meio-m\u00e9dios lutar\u00e1 com um guardi\u00e3o venezuelano de idade<br \/>\n<!--noindex--><a rel=\"nofollow noopener\" target=\"_blank\" href=\"https:\/\/boxrec.com\/en\/box-pro\/756189\">Luis Henrique Romero<\/a><!--\/noindex-->  (11-5-1, 7 KOs), que recentemente derrotou o rebatedor ucraniano Maxim Prodan;<\/p>\n<p> &#8211; e o quarto-finalista dos Jogos Ol\u00edmpicos de 2020 Shakhobidin Zoirov (4-0, 2 KOs) no segundo peso galo (at\u00e9 55,3 kg) medir\u00e1 sua for\u00e7a com um nicaraguense sem esperan\u00e7a<br \/>\n<!--noindex--><a rel=\"nofollow noopener\" target=\"_blank\" href=\"https:\/\/boxrec.com\/en\/box-pro\/760401\">Kherson Larios<\/a><!--\/noindex-->  (7-8, 3 KOs), com 6 derrotas seguidas.<\/p>\n<p> A transi\u00e7\u00e3o de Sousa para os profissionais ficou conhecida em dezembro de 2021: ficou acolhido no Probellum.  E seu advers\u00e1rio na final das Olimp\u00edadas de 2020, Khizhnyak, optou por permanecer amador.  Em resposta, o chefe K2 declarou: &#8220;Acho que essa decis\u00e3o \u00e9 absurda&#8221;.<\/p>\n<p><b>Para n\u00e3o perder as novidades mais interessantes do mundo do boxe e do MMA, inscreva-se em<br \/>\n<!--noindex--><a rel=\"nofollow noopener\" target=\"_blank\" href=\"https:\/\/www.facebook.com\/WMMAA.org\"><span >Facebook<\/span><\/a><!--\/noindex-->  e<br \/>\n<!--noindex--><span >not\u00edcias do Google<\/span><!--\/noindex-->.<\/b><\/p>\n<\/div>\n","protected":false},"excerpt":{"rendered":"<p>campe\u00e3o ol\u00edmpico peso m\u00e9dio brasileiro Ebert Concei\u00e7\u00e3o Souza estreia no ringue profissional no dia 13 de agosto em Tashkent (Uzbequist\u00e3o) &#8211; vai lutar em um confronto de 6 rounds com um jornalista da Nicar\u00e1gua Danny Mendoza (6-9, 4 KOs), que nunca tinha sofrido cedo antes. \u00c9 interessante que j\u00e1 no dia 26 de agosto Sousa [&hellip;]<\/p>\n","protected":false},"author":1,"featured_media":231337,"comment_status":"","ping_status":"open","sticky":false,"template":"","format":"standard","meta":{"footnotes":""},"categories":[1170],"tags":[],"_links":{"self":[{"href":"https:\/\/wmmaa.org\/pt-pt\/wp-json\/wp\/v2\/posts\/231376"}],"collection":[{"href":"https:\/\/wmmaa.org\/pt-pt\/wp-json\/wp\/v2\/posts"}],"about":[{"href":"https:\/\/wmmaa.org\/pt-pt\/wp-json\/wp\/v2\/types\/post"}],"author":[{"embeddable":true,"href":"https:\/\/wmmaa.org\/pt-pt\/wp-json\/wp\/v2\/users\/1"}],"replies":[{"embeddable":true,"href":"https:\/\/wmmaa.org\/pt-pt\/wp-json\/wp\/v2\/comments?post=231376"}],"version-history":[{"count":0,"href":"https:\/\/wmmaa.org\/pt-pt\/wp-json\/wp\/v2\/posts\/231376\/revisions"}],"wp:featuredmedia":[{"embeddable":true,"href":"https:\/\/wmmaa.org\/pt-pt\/wp-json\/wp\/v2\/media\/231337"}],"wp:attachment":[{"href":"https:\/\/wmmaa.org\/pt-pt\/wp-json\/wp\/v2\/media?parent=231376"}],"wp:term":[{"taxonomy":"category","embeddable":true,"href":"https:\/\/wmmaa.org\/pt-pt\/wp-json\/wp\/v2\/categories?post=231376"},{"taxonomy":"post_tag","embeddable":true,"href":"https:\/\/wmmaa.org\/pt-pt\/wp-json\/wp\/v2\/tags?post=231376"}],"curies":[{"name":"wp","href":"https:\/\/api.w.org\/{rel}","templated":true}]}}