{"id":186756,"date":"2022-06-18T19:35:32","date_gmt":"2022-06-18T16:35:32","guid":{"rendered":"https:\/\/wmmaa.org\/o-wbc-surgiu-com-mais-um-cinturao-especial-uma-foto-de-quem-sera-premiado\/"},"modified":"2022-06-18T19:35:32","modified_gmt":"2022-06-18T16:35:32","slug":"o-wbc-surgiu-com-mais-um-cinturao-especial-uma-foto-de-quem-sera-premiado","status":"publish","type":"post","link":"https:\/\/wmmaa.org\/pt-pt\/o-wbc-surgiu-com-mais-um-cinturao-especial-uma-foto-de-quem-sera-premiado\/","title":{"rendered":"O WBC surgiu com mais um \u201ccintur\u00e3o especial\u201d: uma foto de quem ser\u00e1 premiado"},"content":{"rendered":"<p><\/p>\n<div  itemprop=\"articleBody\">\n<p>\t Artistas do Conselho Mundial de Boxe (WBC) criaram, fizeram e apresentaram outro cintur\u00e3o de campeonato &#8220;especial&#8221; &#8211; o &#8220;Cintur\u00e3o da Liberdade 2022&#8221;.\n<\/p>\n<p>\t A produ\u00e7\u00e3o do cinto foi programada para coincidir com as comemora\u00e7\u00f5es do Dia da Liberdade (tamb\u00e9m conhecido como Dia da Emancipa\u00e7\u00e3o e Dia da Emancipa\u00e7\u00e3o), feriado dedicado \u00e0 emancipa\u00e7\u00e3o dos escravos nos Estados Unidos da Am\u00e9rica.\n<\/p>\n<p>\t Este ano \u00e9 comemorado em 19 de junho, e o cintur\u00e3o deveria ser concedido ao vencedor da luta marcada para 18 de junho entre o campe\u00e3o mundial dos m\u00e9dios do WBC americano Jermall Charlo e Pole Maciej Sulecki.\n<\/p>\n<p>\n <img alt='91b040f74c73d31dc1283f1b3a4a58d8' width=\"650\" alt=\"Cintur\u00e3o da Liberdade WBC 2022\" src='https:\/\/wmmaa.org\/wp-content\/uploads\/2022\/06\/91b040f74c73d31dc1283f1b3a4a58d8.jpg' height=\"365\" title=\"Cintur\u00e3o da Liberdade WBC 2022\"><\/p>\n<p>\t No entanto, como sabem, devido \u00e0 les\u00e3o de Charlo, a reuni\u00e3o teve de ser adiada por tempo indeterminado.  Apesar disso, a organiza\u00e7\u00e3o ainda vai entregar seu pr\u00eamio \u00fanico ao vencedor desta luta.\n<\/p>\n<\/p><\/div>\n","protected":false},"excerpt":{"rendered":"<p>Artistas do Conselho Mundial de Boxe (WBC) criaram, fizeram e apresentaram outro cintur\u00e3o de campeonato &#8220;especial&#8221; &#8211; o &#8220;Cintur\u00e3o da Liberdade 2022&#8221;. A produ\u00e7\u00e3o do cinto foi programada para coincidir com as comemora\u00e7\u00f5es do Dia da Liberdade (tamb\u00e9m conhecido como Dia da Emancipa\u00e7\u00e3o e Dia da Emancipa\u00e7\u00e3o), feriado dedicado \u00e0 emancipa\u00e7\u00e3o dos escravos nos Estados [&hellip;]<\/p>\n","protected":false},"author":1,"featured_media":186747,"comment_status":"","ping_status":"open","sticky":false,"template":"","format":"standard","meta":{"footnotes":""},"categories":[1170],"tags":[],"_links":{"self":[{"href":"https:\/\/wmmaa.org\/pt-pt\/wp-json\/wp\/v2\/posts\/186756"}],"collection":[{"href":"https:\/\/wmmaa.org\/pt-pt\/wp-json\/wp\/v2\/posts"}],"about":[{"href":"https:\/\/wmmaa.org\/pt-pt\/wp-json\/wp\/v2\/types\/post"}],"author":[{"embeddable":true,"href":"https:\/\/wmmaa.org\/pt-pt\/wp-json\/wp\/v2\/users\/1"}],"replies":[{"embeddable":true,"href":"https:\/\/wmmaa.org\/pt-pt\/wp-json\/wp\/v2\/comments?post=186756"}],"version-history":[{"count":0,"href":"https:\/\/wmmaa.org\/pt-pt\/wp-json\/wp\/v2\/posts\/186756\/revisions"}],"wp:featuredmedia":[{"embeddable":true,"href":"https:\/\/wmmaa.org\/pt-pt\/wp-json\/wp\/v2\/media\/186747"}],"wp:attachment":[{"href":"https:\/\/wmmaa.org\/pt-pt\/wp-json\/wp\/v2\/media?parent=186756"}],"wp:term":[{"taxonomy":"category","embeddable":true,"href":"https:\/\/wmmaa.org\/pt-pt\/wp-json\/wp\/v2\/categories?post=186756"},{"taxonomy":"post_tag","embeddable":true,"href":"https:\/\/wmmaa.org\/pt-pt\/wp-json\/wp\/v2\/tags?post=186756"}],"curies":[{"name":"wp","href":"https:\/\/api.w.org\/{rel}","templated":true}]}}