{"id":174253,"date":"2022-06-05T21:12:13","date_gmt":"2022-06-05T18:12:13","guid":{"rendered":"https:\/\/wmmaa.org\/fedor-emelianenko-falou-sobre-a-luta-contra-junior-dos-santos\/"},"modified":"2022-06-05T21:12:13","modified_gmt":"2022-06-05T18:12:13","slug":"fedor-emelianenko-falou-sobre-a-luta-contra-junior-dos-santos","status":"publish","type":"post","link":"https:\/\/wmmaa.org\/pt-pt\/fedor-emelianenko-falou-sobre-a-luta-contra-junior-dos-santos\/","title":{"rendered":"Fedor Emelianenko falou sobre a luta contra Junior dos Santos"},"content":{"rendered":"<div id=\"feat-img-reg\" class=\"relative\">\n<\/div>\n<div class=\"itemIntroText\">\n<p>O lend\u00e1rio peso pesado russo Fedor Emelianenko descartou a possibilidade de que o ex-campe\u00e3o peso pesado do UFC Junior dos Santos, que recentemente sofreu uma les\u00e3o em sua luta de estreia sob a bandeira do Eagle FC, possa se tornar seu pr\u00f3ximo advers\u00e1rio.<\/p>\n<\/div>\n<div class=\"yandex_rtb_wrapper\">\n<div id=\"yandex_rtb_R-A-108029-34\"><\/div>\n<\/div>\n<div class=\"itemFullText\">\n<p>Mais cedo, o dono da promo\u00e7\u00e3o russa Khabib Nurmagomedov anunciou a prov\u00e1vel organiza\u00e7\u00e3o da partida entre eminentes pesos pesados.<\/p>\n<blockquote>\n<p>\u201cNingu\u00e9m da equipe de Khabib se aproximou de mim, e nem minha equipe\u201d, disse The Last Emperor em entrevista ao Okko MMA.  \u201cSim, n\u00e3o estamos interessados \u200b\u200bna luta com Junior dos Santos, principalmente por causa de sua \u00faltima derrota\u201d<\/p>\n<\/blockquote>\n<p>Segundo Emelianenko, ele ainda espera alcan\u00e7ar uma revanche fundamental com Ryan Bader, que det\u00e9m o t\u00edtulo de peso pesado do Bellator, at\u00e9 o final do ano.<\/p>\n<blockquote>\n<p>\u201cScott Cocker quer que eu organize uma briga no outono.  Agora eles est\u00e3o olhando para torneios em que posso apostar e rivais em potencial.  Espero que depois de tudo eles me d\u00eaem Ryan Bader, vamos venc\u00ea-lo novamente.  Por localiza\u00e7\u00e3o, provavelmente ser\u00e1 a Am\u00e9rica, mas um torneio de Ano Novo no Jap\u00e3o tamb\u00e9m \u00e9 poss\u00edvel.<\/p>\n<\/blockquote>\n<p>Presumivelmente, a pr\u00f3xima luta de Fedor Emelianenko pode ser a \u00faltima de sua carreira profissional.<\/p>\n<\/p><\/div>\n<p>    .<\/p>\n","protected":false},"excerpt":{"rendered":"<p>O lend\u00e1rio peso pesado russo Fedor Emelianenko descartou a possibilidade de que o ex-campe\u00e3o peso pesado do UFC Junior dos Santos, que recentemente sofreu uma les\u00e3o em sua luta de estreia sob a bandeira do Eagle FC, possa se tornar seu pr\u00f3ximo advers\u00e1rio. Mais cedo, o dono da promo\u00e7\u00e3o russa Khabib Nurmagomedov anunciou a prov\u00e1vel [&hellip;]<\/p>\n","protected":false},"author":1,"featured_media":174254,"comment_status":"","ping_status":"open","sticky":false,"template":"","format":"standard","meta":{"footnotes":""},"categories":[1],"tags":[259,715],"_links":{"self":[{"href":"https:\/\/wmmaa.org\/pt-pt\/wp-json\/wp\/v2\/posts\/174253"}],"collection":[{"href":"https:\/\/wmmaa.org\/pt-pt\/wp-json\/wp\/v2\/posts"}],"about":[{"href":"https:\/\/wmmaa.org\/pt-pt\/wp-json\/wp\/v2\/types\/post"}],"author":[{"embeddable":true,"href":"https:\/\/wmmaa.org\/pt-pt\/wp-json\/wp\/v2\/users\/1"}],"replies":[{"embeddable":true,"href":"https:\/\/wmmaa.org\/pt-pt\/wp-json\/wp\/v2\/comments?post=174253"}],"version-history":[{"count":0,"href":"https:\/\/wmmaa.org\/pt-pt\/wp-json\/wp\/v2\/posts\/174253\/revisions"}],"wp:featuredmedia":[{"embeddable":true,"href":"https:\/\/wmmaa.org\/pt-pt\/wp-json\/wp\/v2\/media\/174254"}],"wp:attachment":[{"href":"https:\/\/wmmaa.org\/pt-pt\/wp-json\/wp\/v2\/media?parent=174253"}],"wp:term":[{"taxonomy":"category","embeddable":true,"href":"https:\/\/wmmaa.org\/pt-pt\/wp-json\/wp\/v2\/categories?post=174253"},{"taxonomy":"post_tag","embeddable":true,"href":"https:\/\/wmmaa.org\/pt-pt\/wp-json\/wp\/v2\/tags?post=174253"}],"curies":[{"name":"wp","href":"https:\/\/api.w.org\/{rel}","templated":true}]}}