{"id":170189,"date":"2022-06-02T10:55:15","date_gmt":"2022-06-02T07:55:15","guid":{"rendered":"https:\/\/wmmaa.org\/marlon-vera-deu-previsao-garantida-para-luta-com-petr-yan\/"},"modified":"2022-06-02T10:55:15","modified_gmt":"2022-06-02T07:55:15","slug":"marlon-vera-deu-previsao-garantida-para-luta-com-petr-yan","status":"publish","type":"post","link":"https:\/\/wmmaa.org\/pt-pt\/marlon-vera-deu-previsao-garantida-para-luta-com-petr-yan\/","title":{"rendered":"Marlon Vera deu previs\u00e3o garantida para luta com Petr Yan"},"content":{"rendered":"<div id=\"feat-img-reg\" class=\"relative\">\n<\/div>\n<div class=\"itemIntroText\">\n<p>N\u00e3o tendo Dominick Cruz como advers\u00e1rio, Marlon Vera parece ter se resignado ao fato de que na pr\u00f3xima luta ter\u00e1 que dividir o oct\u00f3gono com Petr Yan.<\/p>\n<\/div>\n<div class=\"yandex_rtb_wrapper\">\n<div id=\"yandex_rtb_R-A-108029-34\"><\/div>\n<\/div>\n<div class=\"itemFullText\">\n<blockquote>\n<p>\u201cN\u00e3o tenho tempo para procurar outro advers\u00e1rio.  Estou seguindo em frente &#8211; Petr Jan me ligou e ele vai atender\u201d, disse Vera em entrevista a Brendan Schaub.  \u201cEu garanto a todos \u2013 eu vou parar esse cara.  Eu atiro naquele filho da puta entre os olhos e ele est\u00e1 morto.  Ele tem dois bra\u00e7os, duas pernas &#8211; ele caga e se limpa como eu.  Ent\u00e3o ele iria mano.  Eu vou lutar com ele &#8211; deixe-o se preparar para a batalha!<\/p>\n<\/blockquote>\n<p>Anteriormente, Vera acusou o lutador russo de se recusar a lutar com ele em agosto, e Yang respondeu deixando claro que se o equatoriano est\u00e1 contando com uma luta com ele, ter\u00e1 que esperar at\u00e9 setembro ou outubro.<\/p>\n<p>Petr Yan n\u00e3o conseguiu unificar os t\u00edtulos interino e atual do peso galo do UFC na luta anterior, perdendo por decis\u00e3o dividida para Aljamain Sterling em um confronto acirrado, e Marlon Vera est\u00e1 em uma s\u00e9rie de tr\u00eas vit\u00f3rias, vencendo por decis\u00e3o un\u00e2nime sobre Rob Font na \u00faltima lutar.<\/p>\n<p>Petr Yan e Marlon Vera est\u00e3o atualmente em #1 e #5 na divis\u00e3o peso galo do UFC, respectivamente.<\/p>\n<\/p><\/div>\n<p>    .<\/p>\n","protected":false},"excerpt":{"rendered":"<p>N\u00e3o tendo Dominick Cruz como advers\u00e1rio, Marlon Vera parece ter se resignado ao fato de que na pr\u00f3xima luta ter\u00e1 que dividir o oct\u00f3gono com Petr Yan. \u201cN\u00e3o tenho tempo para procurar outro advers\u00e1rio. Estou seguindo em frente &#8211; Petr Jan me ligou e ele vai atender\u201d, disse Vera em entrevista a Brendan Schaub. \u201cEu [&hellip;]<\/p>\n","protected":false},"author":1,"featured_media":170179,"comment_status":"","ping_status":"open","sticky":false,"template":"","format":"standard","meta":{"footnotes":""},"categories":[1],"tags":[953,15],"_links":{"self":[{"href":"https:\/\/wmmaa.org\/pt-pt\/wp-json\/wp\/v2\/posts\/170189"}],"collection":[{"href":"https:\/\/wmmaa.org\/pt-pt\/wp-json\/wp\/v2\/posts"}],"about":[{"href":"https:\/\/wmmaa.org\/pt-pt\/wp-json\/wp\/v2\/types\/post"}],"author":[{"embeddable":true,"href":"https:\/\/wmmaa.org\/pt-pt\/wp-json\/wp\/v2\/users\/1"}],"replies":[{"embeddable":true,"href":"https:\/\/wmmaa.org\/pt-pt\/wp-json\/wp\/v2\/comments?post=170189"}],"version-history":[{"count":0,"href":"https:\/\/wmmaa.org\/pt-pt\/wp-json\/wp\/v2\/posts\/170189\/revisions"}],"wp:featuredmedia":[{"embeddable":true,"href":"https:\/\/wmmaa.org\/pt-pt\/wp-json\/wp\/v2\/media\/170179"}],"wp:attachment":[{"href":"https:\/\/wmmaa.org\/pt-pt\/wp-json\/wp\/v2\/media?parent=170189"}],"wp:term":[{"taxonomy":"category","embeddable":true,"href":"https:\/\/wmmaa.org\/pt-pt\/wp-json\/wp\/v2\/categories?post=170189"},{"taxonomy":"post_tag","embeddable":true,"href":"https:\/\/wmmaa.org\/pt-pt\/wp-json\/wp\/v2\/tags?post=170189"}],"curies":[{"name":"wp","href":"https:\/\/api.w.org\/{rel}","templated":true}]}}