{"id":167953,"date":"2022-05-30T21:33:05","date_gmt":"2022-05-30T18:33:05","guid":{"rendered":"https:\/\/wmmaa.org\/jorge-masvidal-vou-quebrar-a-cara-do-mcgregor\/"},"modified":"2022-05-30T21:33:05","modified_gmt":"2022-05-30T18:33:05","slug":"jorge-masvidal-vou-quebrar-a-cara-do-mcgregor","status":"publish","type":"post","link":"https:\/\/wmmaa.org\/pt-pt\/jorge-masvidal-vou-quebrar-a-cara-do-mcgregor\/","title":{"rendered":"Jorge Masvidal: &#8220;Vou quebrar a cara do McGregor!&#8221;"},"content":{"rendered":"<div id=\"feat-img-reg\" class=\"relative\">\n<\/div>\n<div class=\"itemIntroText\">\n<p>O ex-candidato ao t\u00edtulo dos meio-m\u00e9dios do UFC, Jorge Masvidal, planeja voltar ao oct\u00f3gono este ano e gostaria de ver Conor McGregor como seu pr\u00f3ximo advers\u00e1rio.<\/p>\n<\/div>\n<div class=\"yandex_rtb_wrapper\">\n<div id=\"yandex_rtb_R-A-108029-34\"><\/div>\n<\/div>\n<div class=\"itemFullText\">\n<blockquote>\n<p>&#8220;Tenho certeza de que estarei de volta este ano, mas ainda n\u00e3o sei a data&#8221;, disse Masvidal \u00e0 ESPN Deportes.  \u201cAcho que duas vit\u00f3rias e posso reivindicar um t\u00edtulo ou uma luta desafiadora\u201d<\/p>\n<p>&#8220;McGregor \u00e9 falso.  Ele sabe que eu sou uma pessoa que bate forte e entra no oct\u00f3gono para matar.  Eu n\u00e3o fa\u00e7o abra\u00e7os em uma gaiola.  Darei tudo o que tenho para mat\u00e1-lo.  Eu n\u00e3o tenho as maiores dimens\u00f5es, e agora ele se injeta com ester\u00f3ides de todos os tipos, mas ele ainda continua sendo uma crian\u00e7a pequena para mim. \u201d<\/p>\n<p>\u201cQuero lutar, mas n\u00e3o vou esperar por ningu\u00e9m.  Se ele quiser fazer isso, eu vou quebrar a cara dele.  Se ele n\u00e3o quiser, me d\u00ea outra pessoa.&#8221;<\/p>\n<\/blockquote>\n<p>Jorge Masvidal, de 37 anos, est\u00e1 em uma sequ\u00eancia de tr\u00eas derrotas seguidas depois de duas tentativas frustradas de tirar o t\u00edtulo de Kamaru Usman antes de perder na decis\u00e3o un\u00e2nime para Colby Covington.<\/p>\n<\/p><\/div>\n<p>    .<\/p>\n","protected":false},"excerpt":{"rendered":"<p>O ex-candidato ao t\u00edtulo dos meio-m\u00e9dios do UFC, Jorge Masvidal, planeja voltar ao oct\u00f3gono este ano e gostaria de ver Conor McGregor como seu pr\u00f3ximo advers\u00e1rio. &#8220;Tenho certeza de que estarei de volta este ano, mas ainda n\u00e3o sei a data&#8221;, disse Masvidal \u00e0 ESPN Deportes. \u201cAcho que duas vit\u00f3rias e posso reivindicar um t\u00edtulo [&hellip;]<\/p>\n","protected":false},"author":1,"featured_media":167943,"comment_status":"","ping_status":"open","sticky":false,"template":"","format":"standard","meta":{"footnotes":""},"categories":[1],"tags":[33,29],"_links":{"self":[{"href":"https:\/\/wmmaa.org\/pt-pt\/wp-json\/wp\/v2\/posts\/167953"}],"collection":[{"href":"https:\/\/wmmaa.org\/pt-pt\/wp-json\/wp\/v2\/posts"}],"about":[{"href":"https:\/\/wmmaa.org\/pt-pt\/wp-json\/wp\/v2\/types\/post"}],"author":[{"embeddable":true,"href":"https:\/\/wmmaa.org\/pt-pt\/wp-json\/wp\/v2\/users\/1"}],"replies":[{"embeddable":true,"href":"https:\/\/wmmaa.org\/pt-pt\/wp-json\/wp\/v2\/comments?post=167953"}],"version-history":[{"count":0,"href":"https:\/\/wmmaa.org\/pt-pt\/wp-json\/wp\/v2\/posts\/167953\/revisions"}],"wp:featuredmedia":[{"embeddable":true,"href":"https:\/\/wmmaa.org\/pt-pt\/wp-json\/wp\/v2\/media\/167943"}],"wp:attachment":[{"href":"https:\/\/wmmaa.org\/pt-pt\/wp-json\/wp\/v2\/media?parent=167953"}],"wp:term":[{"taxonomy":"category","embeddable":true,"href":"https:\/\/wmmaa.org\/pt-pt\/wp-json\/wp\/v2\/categories?post=167953"},{"taxonomy":"post_tag","embeddable":true,"href":"https:\/\/wmmaa.org\/pt-pt\/wp-json\/wp\/v2\/tags?post=167953"}],"curies":[{"name":"wp","href":"https:\/\/api.w.org\/{rel}","templated":true}]}}